{"id":17829,"date":"2026-02-06T03:30:05","date_gmt":"2026-02-06T03:30:05","guid":{"rendered":"https:\/\/bihavadis.com\/?p=17829"},"modified":"2026-02-06T03:30:05","modified_gmt":"2026-02-06T03:30:05","slug":"inegol-belediyesi-subat-ayi-meclis-toplantisi-yapildi","status":"publish","type":"post","link":"https:\/\/bihavadis.com\/index.php\/2026\/02\/06\/inegol-belediyesi-subat-ayi-meclis-toplantisi-yapildi\/","title":{"rendered":"\u0130neg\u00f6l Belediyesi \u015eubat Ay\u0131 Meclis Toplant\u0131s\u0131 Yap\u0131ld\u0131"},"content":{"rendered":"<p>\u0130neg\u00f6l Belediyesi \u015eubat ay\u0131 ola\u011fan meclis toplant\u0131s\u0131 yap\u0131ld\u0131. 7 g\u00fcndem ve 2 ilave g\u00fcndem maddesi olmak \u00fczere 9 konu g\u00f6r\u00fc\u015f\u00fclerek karara ba\u011fland\u0131.<\/p>\n<p>\u0130neg\u00f6l Belediyesi \u015eubat ay\u0131 ola\u011fan meclis toplant\u0131s\u0131 \u00c7ar\u015famba g\u00fcn\u00fc ger\u00e7ekle\u015ftirildi. 7 g\u00fcndem maddesiyle toplanan meclis, 2 ilave g\u00fcndem maddesinin g\u00f6r\u00fc\u015f\u00fclmesinin de kabul\u00fcyle toplamda 9 farkl\u0131 konuyu masaya yat\u0131rarak karara ba\u011flad\u0131. Mecliste Pazartesi ve Cumartesi semt pazarlar\u0131n\u0131n g\u00fcn de\u011fi\u015fiklikleri de ele al\u0131nd\u0131.<\/p>\n<p>BA\u015eARILI SPORCULAR \u00d6D\u00dcLLEND\u0130R\u0130LD\u0130<br \/>Meclis toplant\u0131s\u0131, \u0130neg\u00f6l\u2019\u00fc sportif ba\u015far\u0131lar\u0131yla gururland\u0131ran sporcular\u0131n mecliste misafir edilerek \u00f6d\u00fcllendirilmesi ve onure edilmesiyle ba\u015flad\u0131. Kayseri y\u00fczme m\u00fcsabakalar\u0131nda 100 metre s\u0131rt \u00fcst\u00fc kategorisinde T\u00fcrkiye 1\u2019incisi olan \u0130neg\u00f6l Belediyespor Y\u00fczme Sporcusu Nisa \u00d6nder, 100 metre kurba\u011falama kategorisinde T\u00fcrkiye 1\u2019incisi olan \u0130neg\u00f6l Belediyespor Y\u00fczme Sporcusu Yi\u011fit Alp S\u00fct\u00e7\u00fc, 100 metre ve 50 metre kurba\u011falama kategorilerinde 2 T\u00fcrkiye 1\u2019incili\u011fi elde eden \u0130neg\u00f6l Belediyespor Y\u00fczme Sporcusu Ayaz Can Ceyhan ve yine ayn\u0131 yar\u0131\u015fmada 100 s\u0131rt \u00fcst\u00fc T\u00fcrkiye 3\u2019\u00fcnc\u00fcs\u00fc olan \u0130neg\u00f6l Belediyespor Y\u00fczme Sporcusu Zeynep Ayd\u0131nl\u0131 ile satran\u00e7 bran\u015f\u0131nda T\u00fcrkiye K\u00fc\u00e7\u00fckler ve Y\u0131ld\u0131zlar \u015eampiyonas\u0131nda T\u00fcrkiye 2\u2019ncisi olan Orhaniye Spor Kul\u00fcb\u00fc Sporcusu Zeynep S\u00f6nmez meclis \u00fcyeleri huzurunda \u00f6d\u00fcllendirildi. Sporculara \u00f6d\u00fclleri Ba\u015fkan Alper Taban ve Meclis \u00dcyeleri taraf\u0131ndan takdim edildi. Ba\u015fkan Taban, \u201cT\u00fcm sporcular\u0131m\u0131z\u0131, antren\u00f6rlerini ve ailelerini tebrik ediyorum. \u0130n\u015fallah ba\u015far\u0131lar\u0131 daim olsun\u201d dedi.<\/p>\n<p>\u00d6d\u00fcl t\u00f6reni sonras\u0131 meclisin g\u00fcndem maddelerine ge\u00e7ildi. A\u00e7\u0131l\u0131\u015fta k\u0131sa bir konu\u015fma yapan Ba\u015fkan Taban, \u201cE\u011fitim \u00f6\u011fretim y\u0131l\u0131nda ikinci d\u00f6nem ba\u015flad\u0131, \u00f6\u011frencilerimiz okullar\u0131na d\u00f6nd\u00fcler. Ba\u015far\u0131l\u0131 bir d\u00f6nem diliyorum. \u00d6n\u00fcm\u00fczde de ramazan ay\u0131 var, rabbim eri\u015ftirsin ve g\u00fczelce ge\u00e7irmeyi nasip etsin in\u015fallah. Ramazan ay\u0131 i\u00e7in de baz\u0131 \u00e7al\u0131\u015ft\u0131\u011f\u0131m\u0131z programlar\u0131m\u0131z var, duyurusunu yapaca\u011f\u0131z\u201d dedi.<\/p>\n<p>SEMT PAZARLARININ G\u00dcN DE\u011e\u0130\u015e\u0130KL\u0130\u011e\u0130 ELE ALINDI<br \/>Mecliste g\u00fcndem maddelerinin g\u00f6r\u00fc\u015f\u00fcl\u00fcp karara ba\u011flanmas\u0131n\u0131n ard\u0131ndan, ilave g\u00fcndem maddesi olarak ele al\u0131nan semt pazarlar\u0131n\u0131 g\u00fcn de\u011fi\u015fiklikleri masaya yat\u0131r\u0131ld\u0131. Pazar konusuyla ilgili ge\u00e7ti\u011fimiz d\u00f6nem de bir \u00e7al\u0131\u015fma y\u00fcr\u00fct\u00fcld\u00fc\u011f\u00fcn\u00fc hat\u0131rlatan Ba\u015fkan Taban, \u201cBu \u00e7al\u0131\u015fmada pazarc\u0131lar\u0131m\u0131z\u0131n ba\u011fl\u0131 oldu\u011fu ilgili odalar\u0131m\u0131z\u0131n talepleri vard\u0131. Pazarlar\u0131n g\u00fcn\u00fc de\u011fi\u015ftirildi\u011finde, ayn\u0131 g\u00fcn bizim ba\u015fka yerlerde de pazar\u0131m\u0131z var gibi bir durum s\u00f6z konusuydu. Talep de\u011ferlendirildi ve o g\u00fcn i\u00e7in nihayete erdirilemedi. Bu d\u00f6nem Kent Konseyi Ba\u015fkan\u0131m\u0131z ve ekibi tekrar bu konuyu g\u00fcndeme getirdi. Zab\u0131ta M\u00fcd\u00fcrl\u00fc\u011f\u00fcm\u00fcz de bu konuyla ilgili \u00e7al\u0131\u015ft\u0131. Saadet Partisi grubumuzun ve Murat Balaku\u015f Ba\u015fkan\u0131m\u0131z\u0131n da bununla ilgili tespit ve talepleri oldu. Bu konunun olgunla\u015ft\u0131r\u0131lmas\u0131 g\u00fczel olur. Bir tespit var, tespiti tamam\u0131na erdirmek ad\u0131na ne yapmak laz\u0131m taraftar de\u011ferlendirsin ve in\u015fallah sonuca erdirmeye \u00e7al\u0131\u015fal\u0131m\u201d dedi. Akabinde konu detayl\u0131 \u015fekilde \u00e7al\u0131\u015f\u0131lmas\u0131 ad\u0131na; \u00c7evre Komisyonu, G\u0131da Tar\u0131m ve Hayvanc\u0131l\u0131k Komisyonu ile Ula\u015ft\u0131rma ve Trafik Komisyonlar\u0131na havale edildi.<\/p>\n<p>Kaynak: (BYZHA) Beyaz Haber Ajans\u0131<\/p>\n","protected":false},"excerpt":{"rendered":"<p>\u0130neg\u00f6l Belediyesi \u015eubat ay\u0131 ola\u011fan meclis toplant\u0131s\u0131 yap\u0131ld\u0131. 7 g\u00fcndem ve 2 ilave g\u00fcndem maddesi olmak \u00fczere 9 konu g\u00f6r\u00fc\u015f\u00fclerek karara ba\u011fland\u0131.<\/p>\n","protected":false},"author":1,"featured_media":17830,"comment_status":"open","ping_status":"open","sticky":false,"template":"","format":"standard","meta":{"footnotes":""},"categories":[4],"tags":[516,236,95,397,347],"class_list":["post-17829","post","type-post","status-publish","format-standard","has-post-thumbnail","hentry","category-gundem","tag-baskan","tag-gun","tag-gundem","tag-meclis","tag-pazar"],"_links":{"self":[{"href":"https:\/\/bihavadis.com\/index.php\/wp-json\/wp\/v2\/posts\/17829","targetHints":{"allow":["GET"]}}],"collection":[{"href":"https:\/\/bihavadis.com\/index.php\/wp-json\/wp\/v2\/posts"}],"about":[{"href":"https:\/\/bihavadis.com\/index.php\/wp-json\/wp\/v2\/types\/post"}],"author":[{"embeddable":true,"href":"https:\/\/bihavadis.com\/index.php\/wp-json\/wp\/v2\/users\/1"}],"replies":[{"embeddable":true,"href":"https:\/\/bihavadis.com\/index.php\/wp-json\/wp\/v2\/comments?post=17829"}],"version-history":[{"count":1,"href":"https:\/\/bihavadis.com\/index.php\/wp-json\/wp\/v2\/posts\/17829\/revisions"}],"predecessor-version":[{"id":17831,"href":"https:\/\/bihavadis.com\/index.php\/wp-json\/wp\/v2\/posts\/17829\/revisions\/17831"}],"wp:featuredmedia":[{"embeddable":true,"href":"https:\/\/bihavadis.com\/index.php\/wp-json\/wp\/v2\/media\/17830"}],"wp:attachment":[{"href":"https:\/\/bihavadis.com\/index.php\/wp-json\/wp\/v2\/media?parent=17829"}],"wp:term":[{"taxonomy":"category","embeddable":true,"href":"https:\/\/bihavadis.com\/index.php\/wp-json\/wp\/v2\/categories?post=17829"},{"taxonomy":"post_tag","embeddable":true,"href":"https:\/\/bihavadis.com\/index.php\/wp-json\/wp\/v2\/tags?post=17829"}],"curies":[{"name":"wp","href":"https:\/\/api.w.org\/{rel}","templated":true}]}}