{"id":17884,"date":"2026-02-06T04:09:07","date_gmt":"2026-02-06T04:09:07","guid":{"rendered":"https:\/\/bihavadis.com\/?p=17884"},"modified":"2026-02-06T04:09:07","modified_gmt":"2026-02-06T04:09:07","slug":"emine-erdogan-seyh-zayed-cocuk-evleri-sitesi-ek-yasam-birimlerinin-hayirli-olmasini-diliyorum","status":"publish","type":"post","link":"https:\/\/bihavadis.com\/index.php\/2026\/02\/06\/emine-erdogan-seyh-zayed-cocuk-evleri-sitesi-ek-yasam-birimlerinin-hayirli-olmasini-diliyorum\/","title":{"rendered":"Emine Erdo\u011fan: \u015eeyh Zayed \u00c7ocuk Evleri Sitesi Ek Ya\u015fam Birimleri&#8217;nin hay\u0131rl\u0131 olmas\u0131n\u0131 diliyorum"},"content":{"rendered":"<p>\n<p>CUMHURBA\u015eKANI Recep Tayyip Erdo\u011fan&#8217;\u0131n e\u015fi Emine Erdo\u011fan, &#8220;\u015eeyh Zayed \u00c7ocuk Evleri Sitesi Ek Ya\u015fam Birimleri&#8217;nin evlatlar\u0131m\u0131z i\u00e7in hay\u0131rl\u0131 olmas\u0131n\u0131 diliyorum&#8221; dedi.<\/p>\n<p>Emine Erdo\u011fan, sanal medya hesab\u0131ndan \u0130stanbul Bah\u00e7elievler&#8217;de \u015eeyh Zayed \u00c7ocuk Evleri Sitesi Ek Ya\u015fam Birimleri&#8217;nin \u00e7al\u0131\u015f\u0131na dair payla\u015f\u0131mda bulundu. Erdo\u011fan&#8217;\u0131n payla\u015f\u0131m\u0131nda, &#8220;\u015eefkat ve umutla \u015fekillenen \u015eeyh Zayed \u00c7ocuk Evleri Sitesi Ek Ya\u015fam Birimleri&#8217;nin evlatlar\u0131m\u0131z i\u00e7in hay\u0131rl\u0131 olmas\u0131n\u0131 diliyorum. Birle\u015fik Arap Emirlikleri ile kurulan g\u00f6n\u00fcl birli\u011finin kal\u0131c\u0131 sembollerinden olan bu anlaml\u0131 eser, devlet korumas\u0131ndaki \u00e7ocuklar\u0131m\u0131z\u0131n g\u00fcvenle b\u00fcy\u00fcyebilece\u011fi s\u0131cak ve destekleyici bir ya\u015fam alan\u0131 sunuyor. E\u011fitimden sa\u011fl\u0131\u011fa, sosyal geli\u015fimden psikolojik deste\u011fe kadar her ayr\u0131nt\u0131n\u0131n \u00f6zenle d\u00fc\u015f\u00fcn\u00fcld\u00fc\u011f\u00fc bu yuvada; her bir \u00e7ocu\u011fumuzun kendini de\u011ferli hissetmesine, yeteneklerini ke\u015ffetmesine ve gelece\u011fe umutla haz\u0131rlanmas\u0131na imkan tan\u0131n\u0131yor. \u00c7ocuklar\u0131m\u0131z\u0131n g\u00f6zlerindeki \u0131\u015f\u0131\u011fa ve y\u00fczlerindeki i\u00e7ten tebess\u00fcmlere tan\u0131kl\u0131k etmek, hayata ge\u00e7en her hizmetin ne kadar k\u0131ymetli oldu\u011funu bir kez daha hissettirdi. \u015eeyh Zayed \u00c7ocuk Evleri Sitesi&#8217;nin de bu merhamet ve sorumluluk anlay\u0131\u015f\u0131n\u0131n somut bir tezah\u00fcr\u00fc olarak evlatlar\u0131m\u0131za ayd\u0131nl\u0131k kap\u0131lar a\u00e7\u0131lmas\u0131na vesile olmas\u0131n\u0131 diliyorum. Bu anlaml\u0131 proje i\u00e7in ba\u015fta de\u011ferli karde\u015fim \u015eeyha Fat\u0131ma bint Mubarak olmak \u00fczere eme\u011fi ge\u00e7en herkese y\u00fcrekten te\u015fekk\u00fcr ediyorum&#8221; ifadelerine yer verildi. <\/p>\n","protected":false},"excerpt":{"rendered":"<p>CUMHURBA\u015eKANI Recep Tayyip Erdo\u011fan&#8217;\u0131n e\u015fi Emine Erdo\u011fan, &#8220;\u015eeyh Zayed \u00c7ocuk Evleri Sitesi Ek Ya\u015fam Birimleri&#8217;nin evlatlar\u0131m\u0131z i\u00e7in hay\u0131rl\u0131 olmas\u0131n\u0131 diliyorum&#8221; dedi.<\/p>\n","protected":false},"author":1,"featured_media":17885,"comment_status":"open","ping_status":"open","sticky":false,"template":"","format":"standard","meta":{"footnotes":""},"categories":[12],"tags":[242,3387],"class_list":["post-17884","post","type-post","status-publish","format-standard","has-post-thumbnail","hentry","category-siyaset","tag-cocuk","tag-seyh"],"_links":{"self":[{"href":"https:\/\/bihavadis.com\/index.php\/wp-json\/wp\/v2\/posts\/17884","targetHints":{"allow":["GET"]}}],"collection":[{"href":"https:\/\/bihavadis.com\/index.php\/wp-json\/wp\/v2\/posts"}],"about":[{"href":"https:\/\/bihavadis.com\/index.php\/wp-json\/wp\/v2\/types\/post"}],"author":[{"embeddable":true,"href":"https:\/\/bihavadis.com\/index.php\/wp-json\/wp\/v2\/users\/1"}],"replies":[{"embeddable":true,"href":"https:\/\/bihavadis.com\/index.php\/wp-json\/wp\/v2\/comments?post=17884"}],"version-history":[{"count":1,"href":"https:\/\/bihavadis.com\/index.php\/wp-json\/wp\/v2\/posts\/17884\/revisions"}],"predecessor-version":[{"id":17886,"href":"https:\/\/bihavadis.com\/index.php\/wp-json\/wp\/v2\/posts\/17884\/revisions\/17886"}],"wp:featuredmedia":[{"embeddable":true,"href":"https:\/\/bihavadis.com\/index.php\/wp-json\/wp\/v2\/media\/17885"}],"wp:attachment":[{"href":"https:\/\/bihavadis.com\/index.php\/wp-json\/wp\/v2\/media?parent=17884"}],"wp:term":[{"taxonomy":"category","embeddable":true,"href":"https:\/\/bihavadis.com\/index.php\/wp-json\/wp\/v2\/categories?post=17884"},{"taxonomy":"post_tag","embeddable":true,"href":"https:\/\/bihavadis.com\/index.php\/wp-json\/wp\/v2\/tags?post=17884"}],"curies":[{"name":"wp","href":"https:\/\/api.w.org\/{rel}","templated":true}]}}