{"id":17913,"date":"2026-02-06T04:39:07","date_gmt":"2026-02-06T04:39:07","guid":{"rendered":"https:\/\/bihavadis.com\/?p=17913"},"modified":"2026-02-06T04:39:07","modified_gmt":"2026-02-06T04:39:07","slug":"izmirde-siddetli-yagis-ve-firtina","status":"publish","type":"post","link":"https:\/\/bihavadis.com\/index.php\/2026\/02\/06\/izmirde-siddetli-yagis-ve-firtina\/","title":{"rendered":"\u0130zmir&#8217;de \u015eiddetli Ya\u011f\u0131\u015f ve F\u0131rt\u0131na"},"content":{"rendered":"<p>\n<p>&#8216;\u0130LK SAATTEN \u0130T\u0130BAREN YAKIN B\u0130R TAK\u0130P GER\u00c7EKLE\u015eT\u0130R\u0130LD\u0130&#8217;<\/p>\n<p> \u0130zmir&#8217;de d\u00fcn ak\u015fam \u00e7e\u015fitli il\u00e7elerde sa\u011fanak ya\u011f\u0131\u015f ve f\u0131rt\u0131na il genelinde zarara yol a\u00e7t\u0131. Afet ve Acil Durum Y\u00f6netimi (AFAD) Ba\u015fkan\u0131 Ali Hamza Pehlivan, afet sonras\u0131 kente gelerek incelemelerde bulundu. Pehlivan, daha sonra Kemalpa\u015fa Organize Sanayi B\u00f6lgesi&#8217;nde (OSB) bas\u0131n mensuplar\u0131na a\u00e7\u0131klamalarda bulundu.<\/p>\n<p>\u00c7e\u015fitli iller i\u00e7in Meteoroloji Genel M\u00fcd\u00fcrl\u00fc\u011f\u00fc&#8217;n\u00fcn sar\u0131 uyar\u0131 yapt\u0131\u011f\u0131n\u0131 hat\u0131rlatan Pehlivan, &#8220;Biz de AFAD Ba\u015fkanl\u0131\u011f\u0131 olarak bu uyar\u0131lar\u0131 vatanda\u015flar\u0131m\u0131zla payla\u015f\u0131yoruz. Bu ba\u011flamda d\u00fcn itibariyle gene sar\u0131 uyar\u0131 kapsam\u0131nda olan \u0130zmir&#8217;de saat 20.00 s\u0131ralar\u0131nda yo\u011fun ya\u011fmur ya\u011f\u0131\u015f\u0131 meydana geldi. Yer yer 80 ila 100 kilogram civar\u0131nda metrekareye ya\u011fmur d\u00fc\u015ft\u00fc. \u00d6zellikle de Buca, Gaziemir, Kemalpa\u015fa ve Bornova il\u00e7elerimizde yo\u011fun ya\u011f\u0131\u015flar hissedildi. Kemalpa\u015fa il\u00e7emizde ayr\u0131ca 80 kilometre\/saat h\u0131z\u0131nda r\u00fczgar ve bu r\u00fczgara ba\u011fl\u0131 olarak olu\u015fan hortum ve y\u0131ld\u0131r\u0131m olaylar\u0131 da ya\u015fand\u0131. \u00d6ncesinde yap\u0131lan uyar\u0131lar \u00e7er\u00e7evesinde muhtelif tedbirler al\u0131nm\u0131\u015ft\u0131. Ba\u015fta AFAD ekiplerimiz olmak \u00fczere ilgili kamu kurum kurulu\u015flar\u0131yla T\u00fcrkiye Afet M\u00fcdahale Plan\u0131 (TAMP) kapsam\u0131nda gerekli koordinasyon sa\u011fland\u0131. Afet Acil Durum Y\u00f6netim Merkezimiz bu t\u00fcr durumlarda zaten faaliyette. \u0130l\u00e7ede kaymakamlar\u0131m\u0131zla, ilde valimizin koordinat\u00f6rl\u00fc\u011f\u00fcnde ilk saatten itibaren yak\u0131n bir takip ger\u00e7ekle\u015ftirildi. ve \u00f6zellikle de ya\u011fmurun yo\u011fun ya\u015fand\u0131\u011f\u0131 il\u00e7elerimizde AFAD ekiplerimizle birlikte sa\u011fl\u0131k ekipleri, 112 ekipleri, emniyet ekipleri, belediye ekipleri, DS\u0130 ve Karayollar\u0131 ekipleri koordineli bir \u015fekilde \u00e7al\u0131\u015fmalar yapt\u0131 ve \u00f6zellikle trafikte mahsur kalan vatanda\u015flar\u0131m\u0131z\u0131n imdad\u0131na yeti\u015fip, onlara gerekli destekler sa\u011flad\u0131&#8221; dedi.<\/p>\n<p>&#8216;344&#8217;\u00dc EV VE \u0130\u015eYER\u0130 SU BASKINI OLMAK \u00dcZERE 577 \u0130HBAR GELD\u0130&#8217;<\/p>\n<p>1354 personel, 363 ara\u00e7 ve 200 de dalg\u0131\u00e7 pompa, motopompla ya\u011fmurun yo\u011fun bir \u015fekilde ya\u015fand\u0131\u011f\u0131 alanlarda bu vazifeleri yerine getirildiklerini belirten AFAD Ba\u015fkan\u0131 Pehlivan, &#8220;Kemalpa\u015fa il\u00e7esinde, bir organize sanayi b\u00f6lgesi var. Hortum olay\u0131 a\u011f\u0131rl\u0131kl\u0131 olarak burada meydana geldi. 11 fabrika, bu OSB&#8217;mizde \u00f6zellikle \u00e7at\u0131 u\u00e7mas\u0131 ve benzeri zararlar oldu. Tabii oralara da an\u0131nda hem \u015firket, fabrika yetkilileri hem de bizim kamu da sorumlu bu konuda koordinasyon i\u00e7erisinde olan birimlerimizin ekipleri AFAD&#8217;\u0131n koordinasyonunda buralara da gerekli m\u00fcdahaleleri yapt\u0131. 112 Acil \u00c7a\u011fr\u0131 Merkezimize d\u00fcn ya\u011fmurun yo\u011funla\u015ft\u0131\u011f\u0131 saatlerden itibaren toplam 577 ihbar geldi. Bunlar\u0131n 344&#8217;\u00fc ev ve i\u015fyeri su bask\u0131n\u0131 \u015feklindeydi. Bahsetmi\u015f oldu\u011fumuz personelimiz ve ekipmanlar\u0131yla birlikte bu ihbarlar\u0131n tamam\u0131na m\u00fcdahale etti. Tamam\u0131na bu saat itibariyle ula\u015f\u0131lm\u0131\u015f durumda. \u00d6zellikle su bask\u0131n\u0131 ya\u015fayan hanelerde, d\u00fckkanlarla, motopomplarla sular \u00e7ekildi. Sokaklar temizlendi. Tabii a\u011fa\u00e7 devrilmesi olaylar\u0131 meydana gelmi\u015fti. Birtak\u0131m istinat duvarlar\u0131yla ilgili de s\u0131k\u0131nt\u0131lar vard\u0131, onlarla ilgili de gerekli m\u00fcdahaleler yap\u0131ld\u0131&#8221; diye konu\u015ftu.<\/p>\n<p>&#8216;CAN KAYBIMIZ VE YARALIMIZ YOK&#8217;<\/p>\n<p>Pehlivan, \u015f\u00f6yle devam etti: <\/p>\n<p>&#8220;Bir yandan yerelde, yerinde Valimizin koordinasyonunda bu i\u015f ve i\u015flemlerle m\u00fcdahaleler devam ederken, biz de ba\u015fkanl\u0131k olarak zaten \u00fclkemiz genelindeki b\u00fct\u00fcn illerimizi takip ediyoruz. \u0130zmir&#8217;i de takip ediyorduk. Bakan\u0131m\u0131z\u0131n talimatlar\u0131yla biz de buraya intikal ettik ve yak\u0131ndan gerekli koordinasyonuna deste\u011fini sa\u011flad\u0131k. \u015eunu memnuniyetle ifade ediyorum ki \u00e7ok \u015f\u00fck\u00fcr can kayb\u0131m\u0131z ve yaral\u0131m\u0131z yok.&#8221;<\/p>\n<p>&#8216;\u00c7ALI\u015eMALAR BUG\u00dcN Y\u00dcZDE 50-60 N\u0130SPET\u0130NDE TAMAMLANDI&#8217;<\/p>\n<p>Hasar ve zarar tespit \u00e7al\u0131\u015fmalar\u0131 yap\u0131ld\u0131\u011f\u0131n\u0131 belirten Pehlivan, &#8220;Sabah\u0131n erken saatlerinden itibaren hem \u00c7evre \u015eehircilik \u0130klim De\u011fi\u015fikli\u011fi Bakanl\u0131\u011f\u0131&#8217;na ba\u011fl\u0131 ekiplerimiz ki her il bir il\u00e7ede yeterli say\u0131da ekibimiz \u00e7al\u0131\u015ft\u0131; hasar tespit \u00e7al\u0131\u015fmalar\u0131 yapt\u0131lar. Defterdarl\u0131k ekiplerimiz de toplam 20 ekiple zarar tespit \u00e7al\u0131\u015fmalar\u0131n\u0131 ba\u015flatt\u0131. Gelen ihbarlar\u0131n her biriyle, \u00f6zellikle de sel su bask\u0131n\u0131 ya\u015fanan ev ve i\u015f yerleriyle ilgili tespitlerini yapt\u0131lar. Bu \u00e7al\u0131\u015fmalar\u0131 da bug\u00fcn y\u00fczde 50-60 nispetinde tamamlad\u0131lar. Yar\u0131n itibariyle tamam\u0131 da tekam\u00fcl ettirilmi\u015f olacak. \u0130zmir&#8217;e, \u00f6zellikle bu yo\u011fun ya\u011f\u0131\u015ftan etkilenen il\u00e7elerimizdeki vatanda\u015flar\u0131m\u0131za ge\u00e7mi\u015f olsun dileklerimi iletiyorum. S\u00fcre\u00e7 ba\u015f\u0131ndan itibaren yak\u0131n bir \u015fekilde takip edilmi\u015ftir. Edilmeye de devam etmektedir. Zararlar \u00f6nceki afetlerde oldu\u011fu gibi bir \u015fekilde hem akut d\u00f6nemindeki m\u00fcdahaleler ve devam\u0131nda da iyile\u015ftirme \u00e7al\u0131\u015fmalar\u0131yla zaten ger\u00e7ekle\u015ftiriliyor&#8221; dedi.<\/p>\n<p>Kadir \u00d6ZEN\/\u0130ZM\u0130R, <\/p>\n","protected":false},"excerpt":{"rendered":"<p>\u0130zmir&#8217;de \u015fiddetli ya\u011f\u0131\u015f ve f\u0131rt\u0131na sonras\u0131 AFAD koordinasyonuyla 577 ihbar al\u0131nd\u0131, can kayb\u0131 yok.<\/p>\n","protected":false},"author":1,"featured_media":17914,"comment_status":"open","ping_status":"open","sticky":false,"template":"","format":"standard","meta":{"footnotes":""},"categories":[8],"tags":[2544,991,580,3294,304],"class_list":["post-17913","post","type-post","status-publish","format-standard","has-post-thumbnail","hentry","category-ekonomi","tag-afad","tag-calismalar","tag-mudahale","tag-pehlivan","tag-saat"],"_links":{"self":[{"href":"https:\/\/bihavadis.com\/index.php\/wp-json\/wp\/v2\/posts\/17913","targetHints":{"allow":["GET"]}}],"collection":[{"href":"https:\/\/bihavadis.com\/index.php\/wp-json\/wp\/v2\/posts"}],"about":[{"href":"https:\/\/bihavadis.com\/index.php\/wp-json\/wp\/v2\/types\/post"}],"author":[{"embeddable":true,"href":"https:\/\/bihavadis.com\/index.php\/wp-json\/wp\/v2\/users\/1"}],"replies":[{"embeddable":true,"href":"https:\/\/bihavadis.com\/index.php\/wp-json\/wp\/v2\/comments?post=17913"}],"version-history":[{"count":1,"href":"https:\/\/bihavadis.com\/index.php\/wp-json\/wp\/v2\/posts\/17913\/revisions"}],"predecessor-version":[{"id":17915,"href":"https:\/\/bihavadis.com\/index.php\/wp-json\/wp\/v2\/posts\/17913\/revisions\/17915"}],"wp:featuredmedia":[{"embeddable":true,"href":"https:\/\/bihavadis.com\/index.php\/wp-json\/wp\/v2\/media\/17914"}],"wp:attachment":[{"href":"https:\/\/bihavadis.com\/index.php\/wp-json\/wp\/v2\/media?parent=17913"}],"wp:term":[{"taxonomy":"category","embeddable":true,"href":"https:\/\/bihavadis.com\/index.php\/wp-json\/wp\/v2\/categories?post=17913"},{"taxonomy":"post_tag","embeddable":true,"href":"https:\/\/bihavadis.com\/index.php\/wp-json\/wp\/v2\/tags?post=17913"}],"curies":[{"name":"wp","href":"https:\/\/api.w.org\/{rel}","templated":true}]}}