{"id":17939,"date":"2026-02-06T05:03:06","date_gmt":"2026-02-06T05:03:06","guid":{"rendered":"https:\/\/bihavadis.com\/?p=17939"},"modified":"2026-02-06T05:03:06","modified_gmt":"2026-02-06T05:03:06","slug":"telegramin-kurucusu-fransada-ifade-ozgurlugu-celiskili","status":"publish","type":"post","link":"https:\/\/bihavadis.com\/index.php\/2026\/02\/06\/telegramin-kurucusu-fransada-ifade-ozgurlugu-celiskili\/","title":{"rendered":"Telegram\u2019\u0131n kurucusu: Fransa&#8217;da ifade \u00f6zg\u00fcrl\u00fc\u011f\u00fc \u00e7eli\u015fkili"},"content":{"rendered":"<p>Telegram\u2019\u0131n kurucusu ve CEO\u2019su Pavel Durov, sosyal medya platformu X \u00fczerinden yapt\u0131\u011f\u0131 a\u00e7\u0131klamada Fransa\u2019ya y\u00f6nelik sert ele\u015ftirilerde bulundu. Durov, Fransa\u2019n\u0131n sosyal a\u011flara kar\u015f\u0131 cezai uygulamalarla bask\u0131 kurdu\u011funu \u00f6ne s\u00fcrerek, \u201c\u0130nsanlara belli \u00f6l\u00e7\u00fcde \u00f6zg\u00fcrl\u00fck tan\u0131yan t\u00fcm sosyal a\u011flara cezai a\u00e7\u0131dan zulmeden d\u00fcnyadaki tek \u00fclke Fransa\u2019d\u0131r\u201d ifadelerini kulland\u0131.<\/p>\n<p><strong>PAR\u0130S&#8217;TEK\u0130 OF\u0130S BASKINI TEPK\u0130S\u0130<\/strong><\/p>\n<p>A\u00e7\u0131klamas\u0131nda Fransa polisinin X\u2019in Paris ofisine y\u00f6nelik bask\u0131n\u0131n\u0131 hat\u0131rlatan Durov, bu t\u00fcr uygulamalar\u0131n ifade \u00f6zg\u00fcrl\u00fc\u011f\u00fcyle ba\u011fda\u015fmad\u0131\u011f\u0131n\u0131 savundu. Durov, s\u00f6z konusu ad\u0131mlar\u0131n Fransa\u2019n\u0131n \u00f6zg\u00fcrl\u00fckler konusundaki iddias\u0131n\u0131 zedeledi\u011fini dile getirdi.<\/p>\n<p><strong>MACRON VE &#8220;D\u0130J\u0130TAL GULAG&#8221; ELE\u015eT\u0130R\u0130S\u0130<\/strong><\/p>\n<p>Pavel Durov, Fransa h\u00fck\u00fcmetini daha \u00f6nce de hedef alm\u0131\u015ft\u0131. Durov, Cumhurba\u015fkan\u0131 Emmanuel Macron\u2019un, Avrupa Birli\u011fi\u2019ni \u00e7evrim i\u00e7i ele\u015ftirileri bast\u0131rmak amac\u0131yla \u201cdijital Gulag\u201da d\u00f6n\u00fc\u015ft\u00fcrmeye \u00e7al\u0131\u015ft\u0131\u011f\u0131n\u0131 ileri s\u00fcrerek, dijital alandaki k\u0131s\u0131tlamalar\u0131n giderek artt\u0131\u011f\u0131n\u0131 savunmu\u015ftu.<\/p>\n","protected":false},"excerpt":{"rendered":"<p>Telegram \u00dcst Y\u00f6neticisi Pavel Durov, Fransa\u2019n\u0131n sosyal medya platformlar\u0131na y\u00f6nelik tutumunu ele\u015ftirerek, \u00fclkenin ifade \u00f6zg\u00fcrl\u00fc\u011f\u00fc konusunda \u00e7eli\u015fkili bir yakla\u015f\u0131m sergiledi\u011fini savundu.<\/p>\n","protected":false},"author":1,"featured_media":17940,"comment_status":"open","ping_status":"open","sticky":false,"template":"","format":"standard","meta":{"footnotes":""},"categories":[16],"tags":[3393,3215],"class_list":["post-17939","post","type-post","status-publish","format-standard","has-post-thumbnail","hentry","category-teknoloji","tag-durov","tag-fransa"],"_links":{"self":[{"href":"https:\/\/bihavadis.com\/index.php\/wp-json\/wp\/v2\/posts\/17939","targetHints":{"allow":["GET"]}}],"collection":[{"href":"https:\/\/bihavadis.com\/index.php\/wp-json\/wp\/v2\/posts"}],"about":[{"href":"https:\/\/bihavadis.com\/index.php\/wp-json\/wp\/v2\/types\/post"}],"author":[{"embeddable":true,"href":"https:\/\/bihavadis.com\/index.php\/wp-json\/wp\/v2\/users\/1"}],"replies":[{"embeddable":true,"href":"https:\/\/bihavadis.com\/index.php\/wp-json\/wp\/v2\/comments?post=17939"}],"version-history":[{"count":1,"href":"https:\/\/bihavadis.com\/index.php\/wp-json\/wp\/v2\/posts\/17939\/revisions"}],"predecessor-version":[{"id":17941,"href":"https:\/\/bihavadis.com\/index.php\/wp-json\/wp\/v2\/posts\/17939\/revisions\/17941"}],"wp:featuredmedia":[{"embeddable":true,"href":"https:\/\/bihavadis.com\/index.php\/wp-json\/wp\/v2\/media\/17940"}],"wp:attachment":[{"href":"https:\/\/bihavadis.com\/index.php\/wp-json\/wp\/v2\/media?parent=17939"}],"wp:term":[{"taxonomy":"category","embeddable":true,"href":"https:\/\/bihavadis.com\/index.php\/wp-json\/wp\/v2\/categories?post=17939"},{"taxonomy":"post_tag","embeddable":true,"href":"https:\/\/bihavadis.com\/index.php\/wp-json\/wp\/v2\/tags?post=17939"}],"curies":[{"name":"wp","href":"https:\/\/api.w.org\/{rel}","templated":true}]}}