{"id":18003,"date":"2026-02-06T05:54:05","date_gmt":"2026-02-06T05:54:05","guid":{"rendered":"https:\/\/bihavadis.com\/?p=18003"},"modified":"2026-02-06T05:54:05","modified_gmt":"2026-02-06T05:54:05","slug":"baskan-altay-deprem-sonrasi-devlet-millet-is-birligiyle-ortaya-konan-irade-birlik-oldugumuzda-neleri-basarabilecegimizi-gostermistir","status":"publish","type":"post","link":"https:\/\/bihavadis.com\/index.php\/2026\/02\/06\/baskan-altay-deprem-sonrasi-devlet-millet-is-birligiyle-ortaya-konan-irade-birlik-oldugumuzda-neleri-basarabilecegimizi-gostermistir\/","title":{"rendered":"Ba\u015fkan Altay: &#8220;Deprem Sonras\u0131 Devlet-Millet \u0130\u015f Birli\u011fiyle Ortaya Konan \u0130rade Birlik Oldu\u011fumuzda Neleri Ba\u015farabilece\u011fimizi G\u00f6stermi\u015ftir&#8221;"},"content":{"rendered":"<p><strong>Konya B\u00fcy\u00fck\u015fehir Belediye Ba\u015fkan\u0131 U\u011fur \u0130brahim Altay, 6 \u015eubat depremlerinin \u00fc\u00e7\u00fcnc\u00fc y\u0131l d\u00f6n\u00fcm\u00fc vesilesiyle bir mesaj yay\u0131mlayarak, \u201cDeprem sonras\u0131 devlet-millet i\u015f birli\u011fiyle ba\u015fta konut olmak \u00fczere sorunlar\u0131n \u00e7\u00f6z\u00fcm\u00fc i\u00e7in ortaya konan irade bizlere birlik oldu\u011fumuzda neleri ba\u015farabilece\u011fimizi bir kez daha g\u00f6stermi\u015ftir. Cumhurba\u015fkan\u0131m\u0131z Say\u0131n Recep Tayyip Erdo\u011fan\u2019\u0131n g\u00fc\u00e7l\u00fc liderli\u011fi ve ba\u015fta \u00c7evre, \u015eehircilik ve \u0130klim De\u011fi\u015fikli\u011fi Bakan\u0131m\u0131z Say\u0131n Murat Kurum olmak \u00fczere t\u00fcm bakanlar\u0131m\u0131z\u0131n sahadaki \u00f6zverili \u00e7al\u0131\u015fmalar\u0131yla bu zorlu s\u00fcrecin a\u015f\u0131lmas\u0131nda eme\u011fi ge\u00e7en herkese \u015f\u00fckranlar\u0131m\u0131 sunuyorum\u201d dedi.<\/strong><\/p>\n<hr\/>\n<p>Konya B\u00fcy\u00fck\u015fehir Belediye Ba\u015fkan\u0131 U\u011fur \u0130brahim Altay, 6 \u015eubat depremlerinin \u00fc\u00e7\u00fcnc\u00fc y\u0131l\u0131 dolay\u0131s\u0131yla bir mesaj yay\u0131mlad\u0131.\u00a0<\/p>\n<p>Ba\u015fkan Altay\u2019\u0131n mesaj\u0131 \u015f\u00f6yle:\u00a0<\/p>\n<p>\u201c6 \u015eubat 2023\u2019te Kahramanmara\u015f merkezli olarak meydana gelen ve 11 ilimizi derinden sarsan depremler, milletimizin haf\u0131zas\u0131na \u201casr\u0131n felaketi\u201d olarak kaz\u0131nm\u0131\u015ft\u0131r. Aradan \u00fc\u00e7 y\u0131l ge\u00e7mi\u015f olsa da o gecenin karanl\u0131\u011f\u0131, o sabah\u0131n ayaz\u0131 ve ya\u015fanan ac\u0131lar h\u00e2l\u00e2 ilk g\u00fcnk\u00fc tazeli\u011fiyle i\u00e7imizdedir.\u00a0<\/p>\n<p>Konya olarak bizlere d\u00fc\u015fen ise bu zorlu s\u00fcreci en sa\u011flam \u015fekilde tahkim etmek, ac\u0131y\u0131 dayan\u0131\u015fmayla hafifletmekti. Depremin ilk an\u0131ndan itibaren b\u00f6lgede tek bir can\u0131m\u0131z dahi yaln\u0131z kalmas\u0131n diye t\u00fcm imk\u00e2nlar\u0131m\u0131z\u0131 seferber ettik; her bir kadromuzla, her bir g\u00f6nl\u00fcm\u00fczle sahada olduk.<\/p>\n<p>Depremde ac\u0131y\u0131 ya\u015fayan karde\u015flerimizin yan\u0131nda durmaya, y\u00fcklerini payla\u015fmaya gayret ettik. Her hane ayakta kals\u0131n, her ocak t\u00fcts\u00fcn, her y\u00fcrek yeniden umutla dolsun istedik. En a\u011f\u0131r yaralardan birini alan Hatay\u2019da, felaketin ard\u0131ndan \u015fehri ve insanlar\u0131m\u0131z\u0131 yeniden aya\u011fa kald\u0131rmak i\u00e7in b\u00fcy\u00fck bir gayret g\u00f6sterdik. Arama kurtarma \u00e7al\u0131\u015fmalar\u0131ndan altyap\u0131 hizmetlerine, konteyner kentlerden mobil sa\u011fl\u0131k hizmetlerine kadar Konyal\u0131 hem\u015fehrilerimizin deste\u011fiyle yaraya merhem olduk. \u0130slam \u00e2leminin en mukaddes mabetlerinden biri olan Habib-i Neccar Camii\u2019nin restorasyonunu tamamlayarak yeniden ibadete a\u00e7man\u0131n manevi huzurunu ya\u015fad\u0131k.<\/p>\n<p>Deprem sonras\u0131 devlet-millet i\u015f birli\u011fiyle ba\u015fta konut olmak \u00fczere sorunlar\u0131n \u00e7\u00f6z\u00fcm\u00fc i\u00e7in ortaya konan irade bizlere birlik oldu\u011fumuzda neleri ba\u015farabilece\u011fimizi bir kez daha g\u00f6stermi\u015ftir. Bizler her zorlu\u011fu birlikte a\u015ft\u0131k, birlikte g\u00fc\u00e7lendik.\u00a0<\/p>\n<p>Cumhurba\u015fkan\u0131m\u0131z Say\u0131n Recep Tayyip Erdo\u011fan\u2019\u0131n g\u00fc\u00e7l\u00fc liderli\u011fi ve ba\u015fta \u00c7evre, \u015eehircilik ve \u0130klim De\u011fi\u015fikli\u011fi Bakan\u0131m\u0131z Say\u0131n Murat Kurum olmak \u00fczere t\u00fcm bakanlar\u0131m\u0131z\u0131n sahadaki \u00f6zverili \u00e7al\u0131\u015fmalar\u0131yla bu zorlu s\u00fcrecin a\u015f\u0131lmas\u0131nda eme\u011fi ge\u00e7en herkese \u015f\u00fckranlar\u0131m\u0131 sunuyorum.<\/p>\n<p>Bu vesileyle, 6 \u015eubat depremlerinde hayat\u0131n\u0131 kaybeden t\u00fcm vatanda\u015flar\u0131m\u0131z\u0131 bir kez daha rahmetle y\u00e2d ediyor; geride kalan yak\u0131nlar\u0131na sab\u0131r ve ba\u015fsa\u011fl\u0131\u011f\u0131 diliyorum.<br \/>\u00a0<\/p>\n<p>Kaynak: (BYZHA) Beyaz Haber Ajans\u0131<\/p>\n","protected":false},"excerpt":{"rendered":"<p>Konya B\u00fcy\u00fck\u015fehir Belediye Ba\u015fkan\u0131 U\u011fur \u0130brahim Altay, 6 \u015eubat depremlerinin \u00fc\u00e7\u00fcnc\u00fc y\u0131l d\u00f6n\u00fcm\u00fc vesilesiyle bir mesaj yay\u0131mlayarak, \u201cDeprem sonras\u0131 devlet-millet i\u015f birli\u011fiyle ba\u015fta konut olmak \u00fczere sorunlar\u0131n \u00e7\u00f6z\u00fcm\u00fc i\u00e7in ortaya konan irade bizlere birlik oldu\u011fumuzda neleri ba\u015farabilece\u011fimizi bir kez daha g\u00f6stermi\u015ftir.<\/p>\n","protected":false},"author":1,"featured_media":18004,"comment_status":"open","ping_status":"open","sticky":false,"template":"","format":"standard","meta":{"footnotes":""},"categories":[4],"tags":[],"class_list":["post-18003","post","type-post","status-publish","format-standard","has-post-thumbnail","hentry","category-gundem"],"_links":{"self":[{"href":"https:\/\/bihavadis.com\/index.php\/wp-json\/wp\/v2\/posts\/18003","targetHints":{"allow":["GET"]}}],"collection":[{"href":"https:\/\/bihavadis.com\/index.php\/wp-json\/wp\/v2\/posts"}],"about":[{"href":"https:\/\/bihavadis.com\/index.php\/wp-json\/wp\/v2\/types\/post"}],"author":[{"embeddable":true,"href":"https:\/\/bihavadis.com\/index.php\/wp-json\/wp\/v2\/users\/1"}],"replies":[{"embeddable":true,"href":"https:\/\/bihavadis.com\/index.php\/wp-json\/wp\/v2\/comments?post=18003"}],"version-history":[{"count":1,"href":"https:\/\/bihavadis.com\/index.php\/wp-json\/wp\/v2\/posts\/18003\/revisions"}],"predecessor-version":[{"id":18005,"href":"https:\/\/bihavadis.com\/index.php\/wp-json\/wp\/v2\/posts\/18003\/revisions\/18005"}],"wp:featuredmedia":[{"embeddable":true,"href":"https:\/\/bihavadis.com\/index.php\/wp-json\/wp\/v2\/media\/18004"}],"wp:attachment":[{"href":"https:\/\/bihavadis.com\/index.php\/wp-json\/wp\/v2\/media?parent=18003"}],"wp:term":[{"taxonomy":"category","embeddable":true,"href":"https:\/\/bihavadis.com\/index.php\/wp-json\/wp\/v2\/categories?post=18003"},{"taxonomy":"post_tag","embeddable":true,"href":"https:\/\/bihavadis.com\/index.php\/wp-json\/wp\/v2\/tags?post=18003"}],"curies":[{"name":"wp","href":"https:\/\/api.w.org\/{rel}","templated":true}]}}