{"id":18033,"date":"2026-02-06T06:24:06","date_gmt":"2026-02-06T06:24:06","guid":{"rendered":"https:\/\/bihavadis.com\/?p=18033"},"modified":"2026-02-06T06:24:06","modified_gmt":"2026-02-06T06:24:06","slug":"cevreye-duyarli-nesiller-selcukluda-yetisiyor","status":"publish","type":"post","link":"https:\/\/bihavadis.com\/index.php\/2026\/02\/06\/cevreye-duyarli-nesiller-selcukluda-yetisiyor\/","title":{"rendered":"\u00c7evreye Duyarl\u0131 Nesiller Sel\u00e7uklu&#8217;da Yeti\u015fiyor"},"content":{"rendered":"<p>Sel\u00e7uklu Belediyesi ile Sel\u00e7uklu \u0130l\u00e7e Milli E\u011fitim M\u00fcd\u00fcrl\u00fc\u011f\u00fc i\u015f birli\u011fi ile geri d\u00f6n\u00fc\u015f\u00fcm ve \u00e7evre bilincini erken ya\u015fta kazand\u0131rmak amac\u0131yla SETAP \u00e7at\u0131s\u0131 alt\u0131nda anlaml\u0131 bir etkinlik d\u00fczenlendi. Sel\u00e7uklu \u2019da bulunan Ahmet Ha\u015fha\u015f, Mustafa Necati ve Abidin Saniye Er\u00e7al \u0130lkokullar\u0131n\u0131n kat\u0131l\u0131m\u0131yla ba\u015flayan e\u011fitim program\u0131 kapsam\u0131nda,<b>\u00a0<\/b>2. ve 3. s\u0131n\u0131f \u00f6\u011frencilerine y\u00f6nelik olan etkinlik, Sel\u00e7uklu Belediyesi \u0130klim De\u011fi\u015fikli\u011fi ve S\u0131f\u0131r At\u0131k M\u00fcd\u00fcrl\u00fc\u011f\u00fc taraf\u0131ndan kurulan Ye\u015fil At\u00f6lye\u2019de ger\u00e7ekle\u015ftirildi.<\/p>\n<p>Sel\u00e7uklu Belediyesi \u0130klim De\u011fi\u015fikli\u011fi ve S\u0131f\u0131r At\u0131k M\u00fcd\u00fcrl\u00fc\u011f\u00fc koordinasyonunda y\u00fcr\u00fct\u00fclen programda, \u00f6\u011frencilere geri d\u00f6n\u00fc\u015f\u00fcm\u00fcn do\u011fa ve gelecek a\u00e7\u0131s\u0131ndan ta\u015f\u0131d\u0131\u011f\u0131 \u00f6nem sade, anla\u015f\u0131l\u0131r ve uygulamal\u0131 \u00f6rneklerle anlat\u0131l\u0131rken, plastik \u015fi\u015felerden cam kavanozlara, eski ti\u015f\u00f6rtlerden karton kutulara kadar pek \u00e7ok at\u0131k materyal yap\u0131lan \u00e7al\u0131\u015fmalarla yeniden hayata kazand\u0131r\u0131ld\u0131. Etkinlik kapsam\u0131nda ger\u00e7ekle\u015ftirilen at\u00f6lye \u00e7al\u0131\u015fmalar\u0131nda \u00f6\u011frenciler, evlerinden getirdikleri at\u0131k malzemeleri i\u015flevsel ve estetik \u00fcr\u00fcnlere d\u00f6n\u00fc\u015ft\u00fcrerek geri d\u00f6n\u00fc\u015f\u00fcm\u00fcn yaln\u0131zca bir \u00e7evre hareketi de\u011fil, ayn\u0131 zamanda bir ya\u015fam bi\u00e7imi oldu\u011funu deneyimledi.<\/p>\n<p>Ayn\u0131 zamanda \u00e7ocuklardan ev han\u0131mlar\u0131na kadar toplumun her kesimini a\u011f\u0131rlayan at\u00f6lye, \u201cGeri D\u00f6n\u00fc\u015f\u00fcm Bal\u0131\u011f\u0131 Tasar\u0131m\u0131, Mini \u00c7anta Tasar\u0131m\u0131, Sesin D\u00f6n\u00fc\u015f\u00fcm\u00fc: Davul ve Tokmak Yap\u0131m\u0131, Kavanoz Kapa\u011f\u0131ndan Bah\u00e7e S\u00fcs\u00fc, At\u0131k Rulolarla Masa \u00dcst\u00fc Organizasyonu, R\u00fczgarda D\u00f6nen Oyuncak Tasar\u0131m\u0131, At\u0131k Kavanozdan Gece Lambas\u0131 ve Ti\u015f\u00f6rt\u00fcme Yeni Bir Hayat\u201d gibi etkinliklerle geri d\u00f6n\u00fc\u015f\u00fcm kavram\u0131n\u0131 e\u011flenceli ve kal\u0131c\u0131 bir \u00f6\u011frenme s\u00fcrecine d\u00f6n\u00fc\u015ft\u00fcrerek hem ailelerde hem de \u00e7ocuklarda s\u0131f\u0131r at\u0131k bilincinin yayg\u0131nla\u015fmas\u0131n\u0131 sa\u011fl\u0131yor.<\/p>\n<p><b>Ba\u015fkan Pekyat\u0131rmac\u0131: \u201c\u00c7evre bilincinin kazand\u0131r\u0131lmas\u0131 gelecek i\u00e7in \u00f6nemli bir ad\u0131md\u0131r\u201d<\/b><\/p>\n<p>Program\u0131n, Sel\u00e7uklu genelindeki okullarda belirli periyotlarla devam etmesini planlad\u0131klar\u0131n\u0131 belirten Sel\u00e7uklu Belediye Ba\u015fkan\u0131 Ahmet Pekyat\u0131rmac\u0131, etkinli\u011fe ili\u015fkin yapt\u0131\u011f\u0131 de\u011ferlendirmede, \u201c\u00c7evre bilincinin k\u00fc\u00e7\u00fck ya\u015flarda kazand\u0131r\u0131lmas\u0131, gelece\u011fimizi koruman\u0131n en \u00f6nemli ad\u0131mlar\u0131ndan biridir. \u0130l\u00e7e Milli E\u011fitim M\u00fcd\u00fcrl\u00fc\u011f\u00fcm\u00fczle i\u015f birli\u011fi i\u00e7erisinde SETAP \u00e7at\u0131s\u0131 alt\u0131nda Ye\u015fil At\u00f6lye\u2019de d\u00fczenledi\u011fimiz bu etkinliklerle \u00e7ocuklar\u0131m\u0131z\u0131n geri d\u00f6n\u00fc\u015f\u00fcm\u00fcn \u00f6nemini uygulamal\u0131 olarak \u00f6\u011frenmelerini sa\u011fl\u0131yoruz. Evlerinden getirdikleri at\u0131klar\u0131 d\u00f6n\u00fc\u015ft\u00fcren \u00f6\u011frencilerimiz burada keyifli vakit ge\u00e7irirken ayn\u0131 zamanda \u00e7evreye duyarl\u0131 bireyler olarak yeti\u015fiyor ve s\u0131f\u0131r at\u0131k anlay\u0131\u015f\u0131n\u0131 g\u00fcnl\u00fck hayatlar\u0131n\u0131n bir par\u00e7as\u0131 haline\u00a0getiriyor<b>.\u00a0<\/b>Ayn\u0131 zamanda Ye\u015fil At\u00f6lye projesiyle karbon ayak izini azaltmay\u0131 ve s\u0131f\u0131r at\u0131k prensibini bir ya\u015fam bi\u00e7imi haline getirmeyi ama\u00e7l\u0131yoruz.<b>\u00a0<\/b>S\u0131f\u0131r at\u0131k bilincini ba\u015fta \u00e7ocuklar\u0131m\u0131z olmak \u00fczere toplumun her kesiminde artt\u0131rmaya y\u00f6nelik \u00e7al\u0131\u015fmalar\u0131m\u0131z\u0131 s\u00fcrd\u00fcrece\u011fiz\u201d ifadelerini kulland\u0131.<\/p>\n<p>SETAP \u00e7at\u0131s\u0131 alt\u0131nda hayata ge\u00e7irilen Ye\u015fil At\u00f6lye etkinlikleri ile s\u00fcrd\u00fcr\u00fclebilir \u00e7evre anlay\u0131\u015f\u0131n\u0131n yayg\u0131nla\u015ft\u0131r\u0131lmas\u0131 ve \u00e7ocuklar\u0131n k\u00fc\u00e7\u00fck ya\u015flardan itibaren do\u011faya duyarl\u0131 bireyler olarak yeti\u015ftirilmesi ama\u00e7lan\u0131yor.<\/p>\n<p>\u00a0<\/p>\n<p>Kaynak: (BYZHA) Beyaz Haber Ajans\u0131<\/p>\n","protected":false},"excerpt":{"rendered":"<p>Sel\u00e7uklu Belediyesi ile Sel\u00e7uklu \u0130l\u00e7e Milli E\u011fitim M\u00fcd\u00fcrl\u00fc\u011f\u00fc i\u015f birli\u011fi ile geri d\u00f6n\u00fc\u015f\u00fcm ve \u00e7evre bilincini erken ya\u015fta kazand\u0131rmak amac\u0131yla SETAP \u00e7at\u0131s\u0131 alt\u0131nda anlaml\u0131 bir etkinlik d\u00fczenlendi.<\/p>\n","protected":false},"author":1,"featured_media":18034,"comment_status":"open","ping_status":"open","sticky":false,"template":"","format":"standard","meta":{"footnotes":""},"categories":[4],"tags":[438,998,979,1843,1077],"class_list":["post-18033","post","type-post","status-publish","format-standard","has-post-thumbnail","hentry","category-gundem","tag-atolye","tag-cevre","tag-etkinlik","tag-geri-donusum","tag-selcuklu"],"_links":{"self":[{"href":"https:\/\/bihavadis.com\/index.php\/wp-json\/wp\/v2\/posts\/18033","targetHints":{"allow":["GET"]}}],"collection":[{"href":"https:\/\/bihavadis.com\/index.php\/wp-json\/wp\/v2\/posts"}],"about":[{"href":"https:\/\/bihavadis.com\/index.php\/wp-json\/wp\/v2\/types\/post"}],"author":[{"embeddable":true,"href":"https:\/\/bihavadis.com\/index.php\/wp-json\/wp\/v2\/users\/1"}],"replies":[{"embeddable":true,"href":"https:\/\/bihavadis.com\/index.php\/wp-json\/wp\/v2\/comments?post=18033"}],"version-history":[{"count":1,"href":"https:\/\/bihavadis.com\/index.php\/wp-json\/wp\/v2\/posts\/18033\/revisions"}],"predecessor-version":[{"id":18035,"href":"https:\/\/bihavadis.com\/index.php\/wp-json\/wp\/v2\/posts\/18033\/revisions\/18035"}],"wp:featuredmedia":[{"embeddable":true,"href":"https:\/\/bihavadis.com\/index.php\/wp-json\/wp\/v2\/media\/18034"}],"wp:attachment":[{"href":"https:\/\/bihavadis.com\/index.php\/wp-json\/wp\/v2\/media?parent=18033"}],"wp:term":[{"taxonomy":"category","embeddable":true,"href":"https:\/\/bihavadis.com\/index.php\/wp-json\/wp\/v2\/categories?post=18033"},{"taxonomy":"post_tag","embeddable":true,"href":"https:\/\/bihavadis.com\/index.php\/wp-json\/wp\/v2\/tags?post=18033"}],"curies":[{"name":"wp","href":"https:\/\/api.w.org\/{rel}","templated":true}]}}