{"id":18043,"date":"2026-02-06T06:33:06","date_gmt":"2026-02-06T06:33:06","guid":{"rendered":"https:\/\/bihavadis.com\/?p=18043"},"modified":"2026-02-06T06:33:06","modified_gmt":"2026-02-06T06:33:06","slug":"baskan-altay-uluslararasi-sehirler-ve-hukumetler-birligi-konferansinda-lise-ogrencileriyle-bulustu","status":"publish","type":"post","link":"https:\/\/bihavadis.com\/index.php\/2026\/02\/06\/baskan-altay-uluslararasi-sehirler-ve-hukumetler-birligi-konferansinda-lise-ogrencileriyle-bulustu\/","title":{"rendered":"Ba\u015fkan Altay &#8220;Uluslararas\u0131 \u015eehirler ve H\u00fck\u00fcmetler Birli\u011fi Konferans\u0131&#8221;nda Lise \u00d6\u011frencileriyle Bulu\u015ftu"},"content":{"rendered":"<p><strong>Mill\u00ee E\u011fitim Bakanl\u0131\u011f\u0131 ve Konya B\u00fcy\u00fck\u015fehir Belediyesi\u2019nin yapt\u0131\u011f\u0131 protokol kapsam\u0131nda Medeniyet Okulu ile Mahmut Sami Ramazano\u011flu Anadolu \u0130mam Hatip Lisesi i\u015f birli\u011finde \u201cKonya Uluslararas\u0131 \u015eehirler ve H\u00fck\u00fcmetler Birli\u011fi Konferans\u0131\u201d ger\u00e7ekle\u015ftiriliyor. Konya\u2019dan, T\u00fcrkiye\u2019nin farkl\u0131 \u015fehirlerinden ve yurt d\u0131\u015f\u0131ndan gelen lise \u00f6\u011frencilerine y\u00f6nelik d\u00fczenlenen konferans\u0131n a\u00e7\u0131l\u0131\u015f\u0131na kat\u0131lan Konya B\u00fcy\u00fck\u015fehir Belediye Ba\u015fkan\u0131 U\u011fur \u0130brahim Altay, Filistin meselesine dikkat \u00e7ekerek \u0130srail\u2019in yapt\u0131\u011f\u0131 zulm\u00fcn her ortamda en y\u00fcksek perdeden anlat\u0131lmas\u0131 gerekti\u011fine vurgu yapt\u0131. \u00d6\u011frencilerin yapt\u0131\u011f\u0131 i\u015fin \u00e7ok k\u0131ymetli oldu\u011funun alt\u0131n\u0131 \u00e7izen Ba\u015fkan Altay, \u201cKonya B\u00fcy\u00fck\u015fehir Belediyesi olarak Milli E\u011fitim M\u00fcd\u00fcrl\u00fc\u011f\u00fcm\u00fczle bu t\u00fcr organizasyonlarda sizlerin yeti\u015fmesine destek olmaktan b\u00fcy\u00fck bir mutluluk duyuyoruz\u201d dedi.<\/strong><\/p>\n<hr\/>\n<p>Mill\u00ee E\u011fitim Bakanl\u0131\u011f\u0131 ve Konya B\u00fcy\u00fck\u015fehir Belediyesi\u2019nin yapt\u0131\u011f\u0131 protokol \u00e7er\u00e7evesinde Medeniyet Okulu ile Mahmut Sami Ramazano\u011flu Anadolu \u0130mam Hatip Lisesi i\u015f birli\u011finde \u201cKonya Uluslararas\u0131 \u015eehirler ve H\u00fck\u00fcmetler Birli\u011fi Konferans\u0131\u201d ba\u015flad\u0131.<\/p>\n<p>Konya B\u00fcy\u00fck\u015fehir Belediye Ba\u015fkan\u0131 U\u011fur \u0130brahim Altay, Konya\u2019dan, T\u00fcrkiye\u2019nin farkl\u0131 \u015fehirlerinden ve yurt d\u0131\u015f\u0131ndan gelen \u00f6\u011frencilerle bir araya geldi.<\/p>\n<p>\u015eehir y\u00f6neticileri olarak d\u00fcnya meseleleriyle ilgili g\u00fcndemleri de takip ettiklerini ve uluslararas\u0131 kurulu\u015flarda Konya\u2019y\u0131 ve T\u00fcrkiye\u2019yi temsil ettiklerini belirterek, Barselona merkezli, 240 binden fazla \u00fcyesi bulunan, UCLG\u2019nin de d\u00fcnyan\u0131n en b\u00fcy\u00fck yerel y\u00f6netim te\u015fkilat\u0131 oldu\u011funu an\u0131msatt\u0131.\u00a0<\/p>\n<p><strong>\u0130KL\u0130M DE\u011e\u0130\u015e\u0130KL\u0130\u011e\u0130 VE BUNA BA\u011eLI OLARAK G\u00d6\u00c7 VE G\u00d6\u00c7\u00dcN ETK\u0130LER\u0130<\/strong><\/p>\n<p>Birli\u011fin, Latin Amerika, Orta Do\u011fu, Bat\u0131 Asya, Fas, Br\u00fcksel, Endonezya ve Rusya olmak \u00fczere 7 farkl\u0131 b\u00f6lgede yap\u0131lanmas\u0131n\u0131n oldu\u011funu kaydeden Ba\u015fkan Altay, \u201cBu merkezlerin b\u00f6lgelerinde olu\u015fturdu\u011fu ana \u00e7at\u0131da UCLG Genel Merkezi yer al\u0131yor. Burada \u015fehirlerimize d\u00f6n\u00fck politikalar \u00fcretmeyi arzuluyoruz. \u015eu anda iki \u00f6nemli g\u00fcndem \u00fczerinde b\u00fct\u00fcn \u015fehirler \u00e7al\u0131\u015f\u0131yor: \u0130klim de\u011fi\u015fikli\u011fi ve iklim de\u011fi\u015fikli\u011finin \u015fehirlere etkisi; g\u00f6\u00e7 ve g\u00f6\u00e7\u00fcn \u015fehirlere etkisi\u201d diye konu\u015ftu.<\/p>\n<p><strong>\u201cD\u00dcNYANIN B\u0130R\u00c7OK YER\u0130NDE V\u0130CDAN SAH\u0130B\u0130 \u0130NSANLARIN F\u0130L\u0130ST\u0130N\u2019E SAH\u0130P \u00c7IKTI\u011eINA \u015eAH\u0130TL\u0130K ED\u0130YORUZ&#8221;<\/strong><\/p>\n<p>UCLG\u2019de Filistin ba\u015fta olmak \u00fczere \u00f6zel g\u00fcndemlerin de bulundu\u011funu dile getiren Ba\u015fkan Altay, \u015f\u00f6yle devam etti: \u201c\u00d6zellikle \u015fehir y\u00f6neticileri olarak, sava\u015flardan etkilenen insanlar\u0131n ya\u015fad\u0131\u011f\u0131 b\u00f6lgelerin sorumlular\u0131 olarak bu konudaki hassasiyetimizi her ortamda ifade ediyoruz. Ba\u015flang\u0131\u00e7ta, hemen 7 Ekim olaylar\u0131n\u0131n arifesi sonras\u0131nda 20 Ekim\u2019deki Konya\u2019daki ilk toplant\u0131da Filistin meselesini dile getirdi\u011fimizde, uluslararas\u0131 kamuoyu neredeyse ikiye b\u00f6l\u00fcnm\u00fc\u015ft\u00fc. Bir k\u0131s\u0131m Filistin destek\u00e7isi a\u00e7\u0131klamalar yaparken, \u00f6zellikle Avrupa ve onun etkisindeki b\u00f6lgeler \u0130srail destekli a\u00e7\u0131klamalar yap\u0131yorlard\u0131. Ama aradan ge\u00e7en s\u00fcre zarf\u0131nda art\u0131k salonda bir konu\u015fma yapt\u0131\u011f\u0131m\u0131zda neredeyse y\u00fczde 95\u2019e yak\u0131n bir kat\u0131l\u0131mla Filistin deste\u011finin artt\u0131\u011f\u0131n\u0131 g\u00f6r\u00fcyoruz. Bu asl\u0131nda meseleleri do\u011fru anlatabilirsek, kamuoyunu do\u011fru bilgilendirebilirsek insanlar\u0131n vicdan\u0131n\u0131n ne oldu\u011funun bir g\u00f6stergesi, bir i\u015fareti. Her ne kadar \u00fclke baz\u0131nda bu konuya bizim istedi\u011fimiz gibi davran\u0131lmasa da ba\u015fta Avrupa olmak \u00fczere d\u00fcnyan\u0131n bir\u00e7ok yerinde vicdan sahibi insanlar\u0131n Filistin meselesine sahip \u00e7\u0131kt\u0131\u011f\u0131na \u015fahitlik ediyoruz. Onun i\u00e7in konu \u00e7ok \u00f6nemli ve k\u0131ymetli. Ya\u015fanan zulm\u00fc ne yapsak anlatamay\u0131z.\u201d<\/p>\n<p><strong>\u201c\u0130SRA\u0130L\u2019\u0130N YAPTI\u011eI ZULM\u00dc HER ORTAMDA EN Y\u00dcKSEK PERDEDEN ANLATMAMIZ GEREK\u0130YOR\u201d<\/strong><\/p>\n<p>Ge\u00e7ti\u011fimiz aylarda yapt\u0131\u011f\u0131 Suriye ziyaretine de\u011finen Ba\u015fkan Altay, \u201c\u015eam\u2019da bir b\u00f6lgeye g\u00f6t\u00fcrd\u00fcler bizi. Neredeyse ta\u015f \u00fcst\u00fcnde ta\u015f kalmam\u0131\u015f. Onu g\u00f6r\u00fcnce insan\u0131n akl\u0131na Gazze geliyor; acaba Gazze\u2019de neler ya\u015fand\u0131? Orada ya\u015fayan karde\u015flerimiz nas\u0131l bir zulm\u00fcn alt\u0131ndalar? Maalesef tespit etme \u015fans\u0131m\u0131z da yok. \u0130n\u015fallah Refah S\u0131n\u0131r Kap\u0131s\u0131&#8217;n\u0131n a\u00e7\u0131lmas\u0131yla o b\u00f6lgedeki insanlar\u0131n bir an \u00f6nce insani yard\u0131ma kavu\u015fmas\u0131 ve di\u011fer meselelerle ilgili \u00e7\u00f6z\u00fcmler bulunmas\u0131n\u0131 \u00fcmit ediyoruz. Ama hedefimiz iki devletli bir \u00e7\u00f6z\u00fcm. Bu konuda \u0130srail\u2019in yapt\u0131\u011f\u0131 zulm\u00fc her ortamda en y\u00fcksek perdeden anlatmam\u0131z gerekiyor\u201d ifadelerini kulland\u0131.<\/p>\n<p><strong>\u201cBU T\u00dcR ORGAN\u0130ZASYONLARDA S\u0130ZLER\u0130N YET\u0130\u015eMES\u0130NE DESTEK OLMAKTAN B\u00dcY\u00dcK B\u0130R MUTLULUK DUYUYORUZ\u201d<\/strong><\/p>\n<p>\u00d6\u011frencilerin yapt\u0131\u011f\u0131 i\u015fin \u00e7ok k\u0131ymetli oldu\u011funun alt\u0131n\u0131 \u00e7izen Ba\u015fkan Altay, \u201cEme\u011fi ge\u00e7en arkada\u015flar\u0131m\u0131za te\u015fekk\u00fcr ediyorum. \u015eehir d\u0131\u015f\u0131ndan gelen misafirlerimize Hz. Mevlana\u2019n\u0131n \u015fehri, Sel\u00e7uklu Payitaht\u0131&#8217;na tekrar &#8216;ho\u015f geldiniz&#8217; diyorum. Bir mutlulu\u011fum da; g\u00f6revimiz bir g\u00fcn bitecek, b\u0131rakaca\u011f\u0131z ve yerimize yeti\u015fmi\u015f insanlar\u0131n bu konuda duyarl\u0131, e\u011fitim alm\u0131\u015f, hatta sim\u00fcle etmi\u015f arkada\u015flar\u0131m\u0131z\u0131n g\u00f6rev almas\u0131ndan \u00e7ok b\u00fcy\u00fck mutluluk duyaca\u011f\u0131m. Biz de Konya B\u00fcy\u00fck\u015fehir Belediyesi olarak Milli E\u011fitim M\u00fcd\u00fcrl\u00fc\u011f\u00fcm\u00fczle bu t\u00fcr organizasyonlarda sizlerin yeti\u015fmesine destek olmaktan b\u00fcy\u00fck bir mutluluk duyuyoruz. Gitti\u011finiz yerlerde de bu t\u00fcr etkinlikler yapmaya devam edin. Hakikaten uluslararas\u0131 tecr\u00fcbe \u00e7ok \u00f6nemli, k\u0131ymetli. \u0130lk gitti\u011fimiz andan bug\u00fcne kadar ya\u015fad\u0131klar\u0131m\u0131z herhalde bir kitap olur. Ama burada \u00f6\u011frenerek geliyorsunuz. Bizden \u00e7ok daha g\u00fczel i\u015fler yapaca\u011f\u0131n\u0131za ben inan\u0131yorum\u201d s\u00f6zlerini sarf etti.<\/p>\n<p><strong>KONFERANS \u0130K\u0130 G\u00dcN S\u00dcRECEK<\/strong><\/p>\n<p>\u0130ki g\u00fcn s\u00fcrecek \u201cKonya Uluslararas\u0131 \u015eehirler ve H\u00fck\u00fcmetler Birli\u011fi Konferans\u0131\u201d ile Birle\u015fmi\u015f Kentler ve Yerel Y\u00f6netimler D\u00fcnya Te\u015fkilat\u0131 (UCLG) b\u00fcnyesindeki komiteler ve b\u00f6lgesel yap\u0131lar arac\u0131l\u0131\u011f\u0131yla g\u00fcncel k\u00fcresel sorunlara y\u00f6nelik \u00e7\u00f6z\u00fcm \u00f6nerilerinin sunulmas\u0131 planlan\u0131yor. Bu sayede \u00f6\u011frencilerin sosyal fark\u0131ndal\u0131klar\u0131n\u0131n, k\u00fcresel bak\u0131\u015f a\u00e7\u0131lar\u0131n\u0131n ve yabanc\u0131 dil yeterliliklerinin g\u00fc\u00e7lendirilmesi ama\u00e7lan\u0131yor.\u00a0<\/p>\n<p>Afet Y\u00f6netimi ve \u00d6nleme Konseyi, Sosyal Kapsay\u0131c\u0131l\u0131k, Kat\u0131l\u0131mc\u0131 Demokrasi ve \u0130nsan Haklar\u0131 Komitesi, Kentsel Stratejik Planlama Komitesi Kentsel Dayan\u0131\u015fma ve \u0130nsani Yard\u0131m Komitesi, Yerel Ekonomik ve Sosyal Kalk\u0131nma Komitesi olmak \u00fczere be\u015f farkl\u0131 komitenin yer ald\u0131\u011f\u0131 konferansta \u00e7e\u015fitli oturumlar\u0131 ve sosyal etkinlik program\u0131 ger\u00e7ekle\u015ftirilecek.<\/p>\n<p>\u00a0<\/p>\n<p>\u00a0<\/p>\n<p>Kaynak: (BYZHA) Beyaz Haber Ajans\u0131<\/p>\n","protected":false},"excerpt":{"rendered":"<p>Mill\u00ee E\u011fitim Bakanl\u0131\u011f\u0131 ve Konya B\u00fcy\u00fck\u015fehir Belediyesi\u2019nin yapt\u0131\u011f\u0131 protokol kapsam\u0131nda Medeniyet Okulu ile Mahmut Sami Ramazano\u011flu Anadolu \u0130mam Hatip Lisesi i\u015f birli\u011finde \u201cKonya Uluslararas\u0131 \u015eehirler ve H\u00fck\u00fcmetler Birli\u011fi Konferans\u0131\u201d ger\u00e7ekle\u015ftiriliyor.<\/p>\n","protected":false},"author":1,"featured_media":18044,"comment_status":"open","ping_status":"open","sticky":false,"template":"","format":"standard","meta":{"footnotes":""},"categories":[4],"tags":[414,236,426,3407,3242],"class_list":["post-18043","post","type-post","status-publish","format-standard","has-post-thumbnail","hentry","category-gundem","tag-filistin","tag-gun","tag-konya","tag-sehirler","tag-yaptigi"],"_links":{"self":[{"href":"https:\/\/bihavadis.com\/index.php\/wp-json\/wp\/v2\/posts\/18043","targetHints":{"allow":["GET"]}}],"collection":[{"href":"https:\/\/bihavadis.com\/index.php\/wp-json\/wp\/v2\/posts"}],"about":[{"href":"https:\/\/bihavadis.com\/index.php\/wp-json\/wp\/v2\/types\/post"}],"author":[{"embeddable":true,"href":"https:\/\/bihavadis.com\/index.php\/wp-json\/wp\/v2\/users\/1"}],"replies":[{"embeddable":true,"href":"https:\/\/bihavadis.com\/index.php\/wp-json\/wp\/v2\/comments?post=18043"}],"version-history":[{"count":1,"href":"https:\/\/bihavadis.com\/index.php\/wp-json\/wp\/v2\/posts\/18043\/revisions"}],"predecessor-version":[{"id":18045,"href":"https:\/\/bihavadis.com\/index.php\/wp-json\/wp\/v2\/posts\/18043\/revisions\/18045"}],"wp:featuredmedia":[{"embeddable":true,"href":"https:\/\/bihavadis.com\/index.php\/wp-json\/wp\/v2\/media\/18044"}],"wp:attachment":[{"href":"https:\/\/bihavadis.com\/index.php\/wp-json\/wp\/v2\/media?parent=18043"}],"wp:term":[{"taxonomy":"category","embeddable":true,"href":"https:\/\/bihavadis.com\/index.php\/wp-json\/wp\/v2\/categories?post=18043"},{"taxonomy":"post_tag","embeddable":true,"href":"https:\/\/bihavadis.com\/index.php\/wp-json\/wp\/v2\/tags?post=18043"}],"curies":[{"name":"wp","href":"https:\/\/api.w.org\/{rel}","templated":true}]}}