{"id":18051,"date":"2026-02-06T06:42:09","date_gmt":"2026-02-06T06:42:09","guid":{"rendered":"https:\/\/bihavadis.com\/?p=18051"},"modified":"2026-02-06T06:42:09","modified_gmt":"2026-02-06T06:42:09","slug":"emine-erdogan-ne-zaman-bir-cocuk-dara-dusse-devletimiz-tum-imkanlariyla-onun-yaninda-yer-alir","status":"publish","type":"post","link":"https:\/\/bihavadis.com\/index.php\/2026\/02\/06\/emine-erdogan-ne-zaman-bir-cocuk-dara-dusse-devletimiz-tum-imkanlariyla-onun-yaninda-yer-alir\/","title":{"rendered":"Emine Erdo\u011fan: Ne zaman bir \u00e7ocuk dara d\u00fc\u015fse, devletimiz t\u00fcm imkanlar\u0131yla onun yan\u0131nda yer al\u0131r"},"content":{"rendered":"<p>\n<p>\u015eEYH Zayed \u00c7ocuk Evleri Sitesi Yeni Hizmet Birimleri A\u00e7\u0131l\u0131\u015f\u0131&#8217;nda konu\u015fan Cumhurba\u015fkan\u0131 Recep Tayyip Erdo\u011fan&#8217;\u0131n e\u015fi Emine Erdo\u011fan, &#8221; T\u00fcrkiye, insan onurunu merkeze alan, her \u015fartta \u00e7ocu\u011fun \u00fcst\u00fcn yarar\u0131n\u0131 g\u00f6zeten k\u00f6kl\u00fc bir devlet gelene\u011fine sahiptir. Ne zaman bir \u00e7ocuk dara d\u00fc\u015fse, devletimiz t\u00fcm imkanlar\u0131yla onun yan\u0131nda yer al\u0131r&#8221; dedi.<\/p>\n<p>Cumhurba\u015fkan\u0131 Recep Tayyip Erdo\u011fan&#8217;\u0131n e\u015fi Emine Erdo\u011fan, Bah\u00e7elievler&#8217;de Aile ve Sosyal Hizmetler Bakanl\u0131\u011f\u0131na ba\u011fl\u0131 \u015eeyh Zayed \u00c7ocuk Evleri Sitesi Yeni Hizmet Birimleri A\u00e7\u0131l\u0131\u015f\u0131&#8217;na kat\u0131ld\u0131. Programa Aile ve Sosyal Hizmetler Bakan\u0131 Mahinur \u00d6zdemir G\u00f6kta\u015f, Nijerya Kad\u0131n \u0130\u015fleri ve Sosyal Kalk\u0131nma Bakan\u0131 Imaan Sulaiman-Ibrahim, AK Parti Genel Ba\u015fkan yard\u0131mc\u0131lar\u0131, iki \u00fclkenin b\u00fcy\u00fckel\u00e7ileri, milletvekilleri, Birle\u015fik Arap Emirlikleri devlet temsilcileri, belediye ba\u015fkanlar\u0131, kurum personeli ve \u00e7ocuklar kat\u0131ld\u0131.<\/p>\n<p>Programda, \u00c7ocuk Evleri&#8217;nde yeti\u015fen Muhammet Teke\u015f taraf\u0131ndan Kur&#8217;an-\u0131 Kerim tilaveti ger\u00e7ekle\u015ftirildi, ard\u0131ndan &#8216;Aile Y\u0131l\u0131&#8217; tan\u0131t\u0131m videolar\u0131 g\u00f6sterildi. Bakan G\u00f6kta\u015f, koruma alt\u0131ndaki \u00e7ocuklar taraf\u0131ndan Osmanl\u0131 kaftanlar\u0131n\u0131n desen ve ihti\u015fam\u0131n\u0131 yans\u0131tan, ka\u011f\u0131t r\u00f6lyef y\u00f6ntemiyle \u00fc\u00e7 boyutlu tasarlanan bir \u00e7al\u0131\u015fmay\u0131 Emine Erdo\u011fan&#8217;a takdim etti. BAE Devlet Bakan\u0131 ise \u015eeyha Fat\u0131ma Bint Mubarek ad\u0131na, BAE&#8217;nin do\u011fal \u00e7evresi ile kentsel ya\u015fam\u0131 aras\u0131ndaki ili\u015fkiyi yans\u0131tan ve sanat\u00e7\u0131 Asma Belhamar taraf\u0131ndan haz\u0131rlanan eseri g\u00fcn\u00fcn an\u0131s\u0131na Emine Erdo\u011fan&#8217;a hediye etti. Kurumun giri\u015finde \u00e7ocuklar taraf\u0131ndan \u00e7i\u00e7eklerle kar\u015f\u0131lanan Emine Erdo\u011fan, yerle\u015fkede \u00e7ocuklar\u0131n robotik kodlama, 3D yaz\u0131c\u0131 kullan\u0131m\u0131 ve algoritma olu\u015fturma alanlar\u0131nda e\u011fitim ald\u0131\u011f\u0131 Bilim ve Teknoloji Evi&#8217;ni gezdi. Burada, 2025 y\u0131l\u0131nda d\u00fczenlenen TEKNOFEST&#8217;e &#8216;Tarla Faresi&#8217; isimli projeyle kat\u0131larak finale kalan \u00e7ocuklarla bir araya geldi. Daha sonra 2025 y\u0131l\u0131nda in\u015fa edilen yeni grup evlerini ziyaret eden Erdo\u011fan, \u00e7ocuklar\u0131n kendi elleriyle yapt\u0131klar\u0131 kek ve kurabiyeleri tatt\u0131 ve bir s\u00fcre sohbet etti. \u00c7ocuklar, grup evlerini tan\u0131tarak yapt\u0131klar\u0131 resimleri Erdo\u011fan&#8217;a g\u00f6sterdi.<\/p>\n<p>&#8216;BUG\u00dcN 15 B\u0130N 508 \u00c7OCU\u011eUMUZ KURULU\u015eLARIMIZDA DEVLET\u0130M\u0130Z\u0130N KORUMASI ALTINDADIR&#8217;<\/p>\n<p>Emine Erdo\u011fan, &#8220;Son y\u0131llarda T\u00fcrkiye ile Birle\u015fik Arap Emirlikleri aras\u0131ndaki ili\u015fkiler, liderler d\u00fczeyinde ortaya koyulan ortak vizyonla g\u00fc\u00e7l\u00fc bir ivme kazand\u0131. Aram\u0131zdaki dostluk ve karde\u015flik ba\u011flar\u0131n\u0131n her ge\u00e7en g\u00fcn daha da g\u00fc\u00e7lenece\u011fini g\u00f6rmek bizleri ziyadesiyle memnun ediyor. \u015eeyh Zayed \u00c7ocuk Evleri&#8217;nin g\u00f6n\u00fcl birli\u011fimizin en kal\u0131c\u0131 sembollerinden biri oldu\u011funa inan\u0131yorum. \u00d6rnek i\u015f birli\u011fimizin katlanarak artmas\u0131n\u0131 temenni ediyorum. T\u00fcrkiye insan onurunu merkeze alan her \u015fartta \u00e7ocu\u011fun \u00fcst\u00fcn yarar\u0131n\u0131 g\u00f6zeten k\u00f6kl\u00fc bir devlet gelene\u011fine sahiptir. Ne zaman bir \u00e7ocuk dara d\u00fc\u015fse, devletimiz t\u00fcm imkanlar\u0131yla onun yan\u0131nda yer al\u0131r. Bug\u00fcn 15 bin 508 \u00e7ocu\u011fumuz kurulu\u015flar\u0131m\u0131zda devletimizin korumas\u0131 alt\u0131ndad\u0131r. Ancak \u015fu bir ger\u00e7ek ki; bir \u00e7ocuk i\u00e7in ailenin manevi iklimi her \u015feyin \u00fcst\u00fcndedir. 2002 y\u0131l\u0131nda 515 \u00e7ocuk koruyucu aile yan\u0131ndayken; 2025 Aral\u0131k ay\u0131 sonu itibar\u0131yla 10 bin 841 \u00e7ocu\u011fumuz, 9 bin 96 ailenin s\u0131cak yuvas\u0131nda sevgiyle b\u00fcy\u00fcyor. Bu evlatlar\u0131m\u0131z\u0131n bin 207&#8217;si aralar\u0131nda a\u011f\u0131r engelli \u00e7ocuklar\u0131n da bulundu\u011fu \u00f6zel gereksinimli \u00e7ocuklard\u0131r. Ayr\u0131ca sava\u015f ma\u011fduru olarak \u00fclkemizde bulunan 894 \u00e7ocuk da koruyucu aile yan\u0131ndad\u0131r&#8221; dedi. <\/p>\n<p>&#8216;\u00c7OCUKLARA OLAN SEVG\u0130M\u0130Z YALNIZCA M\u0130LLET\u0130M\u0130Z\u0130N \u00c7OCUKLARIYLA SINIRLI DE\u011e\u0130LD\u0130R&#8217;<\/p>\n<p>Emine Erdo\u011fan, &#8220;Bizim \u00e7ocuklara olan sevgimiz yaln\u0131zca milletimizin \u00e7ocuklar\u0131yla s\u0131n\u0131rl\u0131 de\u011fildir. Bu nedenle \u00e7ocuk haklar\u0131n\u0131n iyile\u015ftirilmesine y\u00f6nelik t\u00fcm uluslararas\u0131 giri\u015fimlere ve Birle\u015fmi\u015f Milletler nezdinde y\u00fcr\u00fct\u00fclen \u00e7al\u0131\u015fmalara her zaman g\u00f6n\u00fclden destek veriyoruz. UNICEF taraf\u0131ndan \u00f6rnek proje g\u00f6sterilen G\u00f6n\u00fcl El\u00e7ileri projemizi, Birle\u015fmi\u015f Milletler Genel Kurulu 79. oturumunda d\u00fczenledi\u011fimiz etkinlikle k\u00fcresel bir vicdan \u00e7a\u011fr\u0131s\u0131na d\u00f6n\u00fc\u015ft\u00fcrd\u00fck&#8221; diye konu\u015ftu.<\/p>\n<p>&#8216;GAZZE&#8217;DE \u0130K\u0130 SENEDE 54 B\u0130NE YAKIN \u00c7OCUK MAALESEF YET\u0130M KALDI&#8217;<\/p>\n<p>Erdo\u011fan, &#8220;Artan k\u00fcresel krizlerle birlikte d\u00fcnya \u00e7ocuk karnesi ne yaz\u0131k ki her ge\u00e7en g\u00fcn daha fazla k\u0131r\u0131k notla doluyor. Bug\u00fcn 473 milyondan fazla \u00e7ocuk, yani her alt\u0131 \u00e7ocuktan biri \u00e7at\u0131\u015fmalardan etkilenen b\u00f6lgelerde ya\u015f\u0131yor. G\u00f6\u00e7e zorlanm\u0131\u015f 50 milyondan fazla \u00e7ocuk var. 2018-2024 y\u0131llar\u0131 aras\u0131nda 2 milyondan fazla \u00e7ocuk hayata g\u00f6zlerini m\u00fclteci olarak a\u00e7t\u0131. Bir vatana, bayra\u011fa, topra\u011fa ait olmak ne demek hi\u00e7 bilmediler. D\u00fcnya yetim \u00e7ocuk say\u0131s\u0131 ise 150 milyonu ge\u00e7ti. Bu rakam b\u00fcy\u00fck bir \u00fclkenin n\u00fcfusuna denktir. D\u00fcnyada kolu kanad\u0131 k\u0131r\u0131k ne \u00e7ok \u00e7ocuk var de\u011fil mi? Hen\u00fcz bu \u00e7ocuklar i\u00e7in bir \u00e7\u00f6z\u00fcm bulamam\u0131\u015f, onlara haklar\u0131n\u0131 eksiksiz teslim edememi\u015fken, bir de modern tarihin en b\u00fcy\u00fck yetim kriziyle kar\u015f\u0131 kar\u015f\u0131yay\u0131z. Gazze&#8217;de iki senede 54 bine yak\u0131n \u00e7ocuk maalesef yetim kald\u0131. Bak\u0131ma ve korunmaya en muhta\u00e7 olduklar\u0131 ya\u015flarda tehlikelerle dolu bir d\u00fcnyada yapayaln\u0131zlar. Bu da yetmezmi\u015f gibi a\u00e7l\u0131\u011f\u0131n silah olarak kullan\u0131ld\u0131\u011f\u0131, sivil altyap\u0131n\u0131n yerle bir edildi\u011fi, sa\u011fl\u0131k ve e\u011fitim gibi temel hizmetlerin yok edildi\u011fi bir zul\u00fcmle kar\u015f\u0131 kar\u015f\u0131yalar. Bug\u00fcn Gazze&#8217;nin bebekleri dondurucu k\u0131\u015f \u015fartlar\u0131nda derme \u00e7atma bez \u00e7ad\u0131rlar\u0131n i\u00e7inde g\u00f6zlerimizin \u00f6n\u00fcnde so\u011fuktan \u00f6l\u00fcyor. D\u00fcnyadan 400 kilometre yukar\u0131daki y\u00f6r\u00fcngede ya\u015fan\u0131p \u00e7al\u0131\u015fabilecek bir uzay istasyonu kuran insanlar, ne yaz\u0131k ki yan\u0131 ba\u015f\u0131m\u0131zdaki Gazze&#8217;de \u0131s\u0131nacak bir konteyner kent bile kuramad\u0131. Velhas\u0131l \u015fu bir ger\u00e7ek ki \u00e7ocuk haklar\u0131 ancak d\u00fcnyan\u0131n t\u00fcm \u00e7ocuklar\u0131n\u0131n g\u00f6z\u00fcnden akan ya\u015f\u0131n de\u011feri e\u015fit oldu\u011funda ger\u00e7ek mahiyetine kavu\u015fabiliyor&#8221; dedi.<\/p>\n<p>&#8216;GE\u00c7\u0130C\u0130 \u00c7\u00d6Z\u00dcMLER\u0130 DE\u011e\u0130L KALICI DE\u011e\u0130\u015e\u0130MLER\u0130 HEDEFLEMEL\u0130Y\u0130Z&#8217;<\/p>\n<p>Emine Erdo\u011fan, &#8220;Ailenin g\u00fc\u00e7lendirilmesi ba\u015fl\u0131\u011f\u0131n\u0131n uluslararas\u0131 g\u00fcndemin merkezinde tutulmas\u0131n\u0131n hayati \u00f6nemini vurgulamak istiyorum. D\u00fcnyam\u0131z sava\u015f, ayr\u0131mc\u0131l\u0131k, yoksulluk, g\u00f6\u00e7, iklim de\u011fi\u015fikli\u011fi gibi birbiri i\u00e7ine ge\u00e7mi\u015f k\u00fcresel krizlerle dolu. ve bu s\u0131namalar g\u00fcn ge\u00e7tik\u00e7e daha da a\u011f\u0131rla\u015f\u0131yor. En b\u00fcy\u00fck bedeli ise yine \u00e7ocuklar \u00f6d\u00fcyor. O nedenle ge\u00e7ici \u00e7\u00f6z\u00fcmleri de\u011fil kal\u0131c\u0131 de\u011fi\u015fimleri hedeflemeliyiz. Unutmayal\u0131m ki d\u00fcnyan\u0131n neresinde olursa olsun \u00e7ocuklar\u0131n hayata sa\u011flam k\u00f6klerle ba\u011flanabilece\u011fi yegane yer aile topra\u011f\u0131d\u0131r. O y\u00fczden gelin aile kurumunu k\u00fcresel tehditlere kar\u015f\u0131 koruman\u0131n yollar\u0131n\u0131 birlikte bulal\u0131m&#8221; ifadelerini kulland\u0131.<\/p>\n<p>&#8216;500&#8217;\u00dcN \u00dcZER\u0130NDE \u00c7OCU\u011eUMUZA SICAK B\u0130R YA\u015eAM ORTAMI SUNMAYI S\u00dcRD\u00dcRECE\u011e\u0130Z&#8217;<\/p>\n<p>Aile ve Sosyal Hizmetler Bakanl\u0131\u011f\u0131 Mahinur \u00d6zdemir G\u00f6kta\u015f, &#8220;Bug\u00fcn, bir iyilik miras\u0131n\u0131 ya\u015fatmak i\u00e7in bir araday\u0131z. Bug\u00fcn, 0-12 ya\u015f aral\u0131\u011f\u0131nda 389 \u00e7ocu\u011fumuz g\u00fcven ve sevgi i\u00e7inde burada ya\u015fam\u0131n\u0131 s\u00fcrd\u00fcr\u00fcyor. Yenilenen alanlar\u0131yla, bilim ve teknoloji evi, sa\u011fl\u0131k ve sosyal servis merkeziyle \u00e7ocuk evleri sitemiz, daha g\u00fc\u00e7l\u00fc bir yap\u0131ya kavu\u015ftu. B\u00f6ylece 500&#8217;\u00fcn \u00fczerinde \u00e7ocu\u011fumuza s\u0131cak bir ya\u015fam ortam\u0131 sunmay\u0131 s\u00fcrd\u00fcrece\u011fiz. \u0130ki \u00fclke aras\u0131nda olu\u015fturdu\u011fumuz, \u00e7ocuk ve aile alanlar\u0131ndaki i\u015f birli\u011fimizi daha da ileriye ta\u015f\u0131may\u0131 arzu ediyoruz. Bu anlamda, Birle\u015fik Arap Emirlikleri&#8217;nin 2026 y\u0131l\u0131n\u0131 &#8216;Aile Y\u0131l\u0131&#8217; ilan etmesini \u00e7ok \u00f6nemli bir d\u00f6n\u00fcm noktas\u0131 olarak g\u00f6r\u00fcyoruz. Bu kapsamda koruma ve bak\u0131m alt\u0131nda 15 bin 508 \u00e7ocu\u011fumuza ev tipi kurulu\u015flar\u0131m\u0131zda g\u00fcvenli bir ya\u015fam alan\u0131 sunuyoruz. Emine Erdo\u011fan Han\u0131mefendinin himayelerinde y\u00fcr\u00fct\u00fclen G\u00f6n\u00fcl El\u00e7ileri Projesi&#8217;yle 10 bin 841 \u00e7ocu\u011fumuzun 9 bin 96 koruyucu ailemiz yan\u0131nda \u015fefkatle b\u00fcy\u00fcmelerini sa\u011fl\u0131yoruz. Bu model kapsam\u0131nda sadece 6 ay i\u00e7erisinde 81 ilimizde 100 \u00e7ocu\u011fumuzu profesyonel koruyucu ailelere teslim ettik&#8221; dedi. <\/p>\n","protected":false},"excerpt":{"rendered":"<p>\u015eEYH Zayed \u00c7ocuk Evleri Sitesi Yeni Hizmet Birimleri A\u00e7\u0131l\u0131\u015f\u0131&#8217;nda konu\u015fan Cumhurba\u015fkan\u0131 Recep Tayyip Erdo\u011fan&#8217;\u0131n e\u015fi Emine Erdo\u011fan, &#8220;T\u00fcrkiye, insan onurunu merkeze alan, her \u015fartta \u00e7ocu\u011fun \u00fcst\u00fcn yarar\u0131n\u0131 g\u00f6zeten k\u00f6kl\u00fc bir devlet gelene\u011fine sahiptir.<\/p>\n","protected":false},"author":1,"featured_media":18052,"comment_status":"open","ping_status":"open","sticky":false,"template":"","format":"standard","meta":{"footnotes":""},"categories":[12],"tags":[250,242,1247,437,379],"class_list":["post-18051","post","type-post","status-publish","format-standard","has-post-thumbnail","hentry","category-siyaset","tag-aile","tag-cocuk","tag-devlet","tag-dunya","tag-yas"],"_links":{"self":[{"href":"https:\/\/bihavadis.com\/index.php\/wp-json\/wp\/v2\/posts\/18051","targetHints":{"allow":["GET"]}}],"collection":[{"href":"https:\/\/bihavadis.com\/index.php\/wp-json\/wp\/v2\/posts"}],"about":[{"href":"https:\/\/bihavadis.com\/index.php\/wp-json\/wp\/v2\/types\/post"}],"author":[{"embeddable":true,"href":"https:\/\/bihavadis.com\/index.php\/wp-json\/wp\/v2\/users\/1"}],"replies":[{"embeddable":true,"href":"https:\/\/bihavadis.com\/index.php\/wp-json\/wp\/v2\/comments?post=18051"}],"version-history":[{"count":1,"href":"https:\/\/bihavadis.com\/index.php\/wp-json\/wp\/v2\/posts\/18051\/revisions"}],"predecessor-version":[{"id":18053,"href":"https:\/\/bihavadis.com\/index.php\/wp-json\/wp\/v2\/posts\/18051\/revisions\/18053"}],"wp:featuredmedia":[{"embeddable":true,"href":"https:\/\/bihavadis.com\/index.php\/wp-json\/wp\/v2\/media\/18052"}],"wp:attachment":[{"href":"https:\/\/bihavadis.com\/index.php\/wp-json\/wp\/v2\/media?parent=18051"}],"wp:term":[{"taxonomy":"category","embeddable":true,"href":"https:\/\/bihavadis.com\/index.php\/wp-json\/wp\/v2\/categories?post=18051"},{"taxonomy":"post_tag","embeddable":true,"href":"https:\/\/bihavadis.com\/index.php\/wp-json\/wp\/v2\/tags?post=18051"}],"curies":[{"name":"wp","href":"https:\/\/api.w.org\/{rel}","templated":true}]}}