{"id":18057,"date":"2026-02-06T06:51:08","date_gmt":"2026-02-06T06:51:08","guid":{"rendered":"https:\/\/bihavadis.com\/?p=18057"},"modified":"2026-02-06T06:51:08","modified_gmt":"2026-02-06T06:51:08","slug":"mersinde-cipin-altinda-kalan-uc-kiz-hayatini-kaybetti","status":"publish","type":"post","link":"https:\/\/bihavadis.com\/index.php\/2026\/02\/06\/mersinde-cipin-altinda-kalan-uc-kiz-hayatini-kaybetti\/","title":{"rendered":"Mersin&#8217;de cipin alt\u0131nda kalan \u00fc\u00e7 k\u0131z hayat\u0131n\u0131 kaybetti"},"content":{"rendered":"<p>Mersin&#8217;de feci kaza&#8230;<\/p>\n<p>Ayn\u0131 aileden oldu\u011fu \u00f6\u011frenilen 3 kuzen, trafik kazas\u0131 sonucu hayat\u0131n\u0131 kaybetti.<\/p>\n<p>Mersin&#8217;de \u00f6n\u00fcndeki arac\u0131 ge\u00e7mek isterken s\u00fcr\u00fcc\u00fcs\u00fcn\u00fcn kontrol\u00fcn\u00fc kaybetti\u011fi cipin ref\u00fcjde bulunan ki\u015filerin aras\u0131nda dald\u0131\u011f\u0131 kazada hayat\u0131n\u0131 kaybeden 16 ya\u015f\u0131ndaki Nejla \u00d6zt\u00fcrk 18 ya\u015f\u0131ndaki Zehra Serdil Atak ve 15 ya\u015f\u0131ndaki K\u00fcbra G\u00fcney topra\u011fa verildi.<\/p>\n<p>Akraba olduklar\u0131 belirtilen \u00d6zt\u00fcrk, Atak ve G\u00fcney&#8217;in, al\u0131\u015fveri\u015ften d\u00f6nerken yolun kar\u015f\u0131s\u0131na ge\u00e7mek i\u00e7in ref\u00fcjde bekledikleri belirtildi.<\/p>\n<p><img decoding=\"async\" src=\"https:\/\/bihavadis.com\/wp-content\/uploads\/2026\/02\/mersinde-cipin-altinda-kalan-uc-kiz-hayatini-kaybetti-0-VwIUImQy.jpg\"\/><\/p>\n<p><strong>D\u0130REKS\u0130YON KONTROL\u00dcN\u00dc KAYBETT\u0130 \u0130NSANLARIN ARASINA DALDI <\/strong><\/p>\n<p>Kaza, d\u00fcn 20.30 s\u0131ralar\u0131nda il\u00e7eye ba\u011fl\u0131 Bekirde Mahallesi D-400 kara yolu \u00fczerinde meydana geldi.<\/p>\n<p>Melis Ku\u015f (25), Tarsus&#8217;tan Mersin y\u00f6n\u00fcne giderken y\u00f6netimindeki 33 ATE 039 plakal\u0131 ciple \u00f6n\u00fcndeki arac\u0131 sollamak istedi.<\/p>\n<p>Ancak bu s\u0131rada Ku\u015f\u2019un direksiyon kontrol\u00fcn\u00fc yitirdi\u011fi cip, ref\u00fcjde bekleyen ki\u015filerin aras\u0131na dald\u0131.<\/p>\n<p>\u00c7evredekilerin ihbar\u0131 \u00fczerine b\u00f6lgeye sa\u011fl\u0131k ve polis ekipleri sevk edildi. Sa\u011fl\u0131k ekibinin yapt\u0131\u011f\u0131 kontrolde Nejla \u00d6zt\u00fcrk, Zehra Serdil Atak ve K\u00fcbra G\u00fcney&#8217;in ya\u015fam\u0131n\u0131 yitirdi\u011fi belirlendi.<\/p>\n<p>Yaralanan B\u00fc\u015fra G\u00fcney, Burkan Acar ve Yunus Bag\u0131 ise sa\u011fl\u0131k ekibinin m\u00fcdahalesinin ard\u0131ndan hastaneye kald\u0131r\u0131ld\u0131.<\/p>\n<p>Tedaviye al\u0131nan yaral\u0131lardan B\u00fc\u015fra G\u00fcney\u2019in hayati tehlikesinin s\u00fcrd\u00fc\u011f\u00fc \u00f6\u011frenildi. Kazay\u0131 yara almadan atlatan s\u00fcr\u00fcc\u00fc ise g\u00f6zalt\u0131na al\u0131nd\u0131.<\/p>\n<p><img decoding=\"async\" src=\"https:\/\/bihavadis.com\/wp-content\/uploads\/2026\/02\/mersinde-cipin-altinda-kalan-uc-kiz-hayatini-kaybetti-1-56VxtOhN.jpg\"\/><\/p>\n<p><strong>YAN YANA TOPRA\u011eA VER\u0130LD\u0130LER<\/strong><\/p>\n<p>Kazada hayat\u0131n\u0131 kaybedenlerin cenazeleri, yap\u0131lan otopsinin ard\u0131ndan yak\u0131nlar\u0131 taraf\u0131ndan teslim al\u0131nd\u0131.<\/p>\n<p>Akraba olduklar\u0131 belirtilen Nejla \u00d6zt\u00fcrk, Zehra Serdil Atak ve K\u00fcbra G\u00fcney\u2019in cenazeleri, Toroslar il\u00e7esi G\u00fcneykent Mezarl\u0131\u011f\u0131&#8217;na getirildi.<\/p>\n<p>Cenazede gen\u00e7 k\u0131zlar\u0131n yak\u0131nlar\u0131 g\u00f6zya\u015f\u0131 d\u00f6kt\u00fc. \u00d6zt\u00fcrk, Atak ve G\u00fcney&#8217;in cenazeleri, k\u0131l\u0131nan namaz\u0131n ard\u0131ndan yan yana topra\u011fa verildi.<\/p>\n<p>Gen\u00e7 k\u0131zlar\u0131n, al\u0131\u015fveri\u015ften d\u00f6nerken yolun kar\u015f\u0131s\u0131na ge\u00e7mek i\u00e7in ref\u00fcjde bekledikleri bildirildi.<\/p>\n","protected":false},"excerpt":{"rendered":"<p>Bekir Mahallesi&#8217;nde meydana gelen ac\u0131 olay, \u00fc\u00e7 gen\u00e7 k\u0131z\u0131n hayat\u0131n\u0131 kaybetmesiyle sonland\u0131. Ciple \u00f6n\u00fcndeki arac\u0131 sollamak isteyen bir ki\u015fi, bekleyen insanlar\u0131n aras\u0131na dalarak kazaya neden oldu.<\/p>\n","protected":false},"author":1,"featured_media":18058,"comment_status":"open","ping_status":"open","sticky":false,"template":"","format":"standard","meta":{"footnotes":""},"categories":[4,13],"tags":[1850,2055],"class_list":["post-18057","post","type-post","status-publish","format-standard","has-post-thumbnail","hentry","category-gundem","category-son-dakika","tag-guney","tag-ozturk"],"_links":{"self":[{"href":"https:\/\/bihavadis.com\/index.php\/wp-json\/wp\/v2\/posts\/18057","targetHints":{"allow":["GET"]}}],"collection":[{"href":"https:\/\/bihavadis.com\/index.php\/wp-json\/wp\/v2\/posts"}],"about":[{"href":"https:\/\/bihavadis.com\/index.php\/wp-json\/wp\/v2\/types\/post"}],"author":[{"embeddable":true,"href":"https:\/\/bihavadis.com\/index.php\/wp-json\/wp\/v2\/users\/1"}],"replies":[{"embeddable":true,"href":"https:\/\/bihavadis.com\/index.php\/wp-json\/wp\/v2\/comments?post=18057"}],"version-history":[{"count":1,"href":"https:\/\/bihavadis.com\/index.php\/wp-json\/wp\/v2\/posts\/18057\/revisions"}],"predecessor-version":[{"id":18061,"href":"https:\/\/bihavadis.com\/index.php\/wp-json\/wp\/v2\/posts\/18057\/revisions\/18061"}],"wp:featuredmedia":[{"embeddable":true,"href":"https:\/\/bihavadis.com\/index.php\/wp-json\/wp\/v2\/media\/18058"}],"wp:attachment":[{"href":"https:\/\/bihavadis.com\/index.php\/wp-json\/wp\/v2\/media?parent=18057"}],"wp:term":[{"taxonomy":"category","embeddable":true,"href":"https:\/\/bihavadis.com\/index.php\/wp-json\/wp\/v2\/categories?post=18057"},{"taxonomy":"post_tag","embeddable":true,"href":"https:\/\/bihavadis.com\/index.php\/wp-json\/wp\/v2\/tags?post=18057"}],"curies":[{"name":"wp","href":"https:\/\/api.w.org\/{rel}","templated":true}]}}