{"id":18064,"date":"2026-02-06T06:57:07","date_gmt":"2026-02-06T06:57:07","guid":{"rendered":"https:\/\/bihavadis.com\/?p=18064"},"modified":"2026-02-06T06:57:07","modified_gmt":"2026-02-06T06:57:07","slug":"baskan-tugaydan-medeniyetler-sehri-hatay-icin-dayanisma-cagrisi","status":"publish","type":"post","link":"https:\/\/bihavadis.com\/index.php\/2026\/02\/06\/baskan-tugaydan-medeniyetler-sehri-hatay-icin-dayanisma-cagrisi\/","title":{"rendered":"Ba\u015fkan Tugay&#8217;dan medeniyetler \u015fehri Hatay i\u00e7in dayan\u0131\u015fma \u00e7a\u011fr\u0131s\u0131"},"content":{"rendered":"<p>\u0130zmir B\u00fcy\u00fck\u015fehir Belediye Ba\u015fkan\u0131 Dr. Cemil Tugay, depremin a\u011f\u0131r yaralar a\u00e7t\u0131\u011f\u0131 Hatay\u2019\u0131n Samanda\u011f il\u00e7esinde temaslarda bulundu. Tugay, Hatay\u2019\u0131n toparlanma s\u00fcrecinin hala sanc\u0131l\u0131 ilerledi\u011fine dikkat \u00e7ekerek, kamuoyunun ve yerel y\u00f6netimlerin kente y\u00f6nelik ilgisinin canl\u0131 tutulmas\u0131 gerekti\u011fini vurgulad\u0131. Bunun i\u00e7in 151 \u00fcyeye sahip T\u00fcrkiye Sa\u011fl\u0131kl\u0131 Kentler Birli\u011fi&#8217;ni Hatay&#8217;da toplamak istediklerini yineleyen Ba\u015fkan Tugay, bunun kentin toparlanma s\u00fcrecine \u00f6nemi katk\u0131 sunaca\u011f\u0131n\u0131 belirtti.<\/p>\n<p>\u0130zmir B\u00fcy\u00fck\u015fehir Belediye Ba\u015fkan\u0131 Dr. Cemil Tugay,\u00a0 6 \u015eubat depremlerinin \u00fc\u00e7\u00fcnc\u00fc y\u0131l d\u00f6n\u00fcm\u00fc nedeniyle bulundu\u011fu Hatay&#8217;da, T\u00fcrkiye \u0130\u015f\u00e7i Partili (T\u0130P) Samanda\u011f Belediye Ba\u015fkan\u0131 Emrah Kara\u00e7ay&#8217;\u0131 ziyaret etti. Dr. Cemil Tugay, hem ac\u0131y\u0131 payla\u015fmak hem de dayan\u0131\u015fma ruhunu \u00f6n plana \u00e7\u0131karmak i\u00e7in Hatay&#8217;da olduklar\u0131n\u0131 belirtti. Hatay&#8217;\u0131n toparlanma s\u00fcrecinde oldu\u011funu, fakat bu s\u00fcrecin de olduk\u00e7a sanc\u0131l\u0131 ilerledi\u011fini vurgulayan Tugay, \u201cBiz de Hatay&#8217;\u0131 bu toparlanma s\u00fcrecinde yaln\u0131z b\u0131rakmamak istedik. Hatay&#8217;\u0131 \u00e7ok seviyorum\u201d dedi.<\/p>\n<p><strong>\u201cBuraya destek verebilecek herkesin dikkatini kente \u00e7ekmek zorunday\u0131z\u201d<\/strong><br \/>Kamuoyunun ilgisinin Hatay&#8217;a \u00e7ekilmesinin \u00f6nemli oldu\u011funa de\u011finen Tugay, ba\u015fkanl\u0131\u011f\u0131n\u0131 yapt\u0131\u011f\u0131 151 \u00fcyeye sahip T\u00fcrkiye Sa\u011fl\u0131kl\u0131 Kentler Birli\u011fi&#8217;ni Hatay&#8217;da toplamak istediklerini s\u00f6yledi. Tugay, \u201cAmac\u0131m\u0131z Hatay&#8217;\u0131n mevcut durumunu konu\u015fmak. Yap\u0131lan ara\u015ft\u0131rmalar\u0131, verileri de dikkate alarak kamuoyunun dikkatini kente \u00e7ekmek \u00e7ok \u00f6nemli. \u0130nsanlar\u0131n, belediyelerin buraya destek verebilecek herkesin dikkatini kente \u00e7ekmek zorunday\u0131z\u201d diye konu\u015ftu.\u00a0<\/p>\n<p><strong>Yetkililere sitem Ba\u015fkan Tugay&#8217;a te\u015fekk\u00fcr<\/strong><br \/>Samanda\u011f Belediye Ba\u015fkan\u0131 Emrah Kara\u00e7ay, \u0130zmir B\u00fcy\u00fck\u015fehir Belediyesi&#8217;nin b\u00f6lgeye y\u00f6nelik \u00f6nemli desteklerinin oldu\u011funu s\u00f6yledi. \u0130l\u00e7eye yakla\u015f\u0131k 2 y\u0131ld\u0131r hi\u00e7bir heyetin gelmedi\u011fini belirterek sitemde bulunan Kara\u00e7ay, Ba\u015fkan Tugay&#8217;a ise te\u015fekk\u00fcr etti. Kara\u00e7ay, \u201cSize vefa borcumuz var. Bu bor\u00e7 \u00f6denmez. Hepinizden Allah raz\u0131 olsun. Temennimiz bir daha b\u00f6yle ac\u0131lar\u0131n ya\u015fanmamas\u0131. Burada sizi misafir etmek bizi mutlu etti. Uzun bir aradan sonra bir heyetin Samanda\u011f&#8217;\u0131 hat\u0131rlam\u0131\u015f olmas\u0131 \u00e7ok \u00f6nemli. \u00c7\u00fcnk\u00fc Samanda\u011f, Hatay&#8217;\u0131n son il\u00e7esi. Samanda\u011f hep unutuluyor. O nedenle bizi unutmad\u0131\u011f\u0131n\u0131z i\u00e7in te\u015fekk\u00fcr ediyorum. Sizi seviyoruz\u201d dedi.\u00a0<\/p>\n<p><strong>\u201cKonutlar\u0131m\u0131z hala teslim edilmedi\u201d<\/strong><br \/>Yap\u0131lan konutlar\u0131n kendilerine teslim edilmedi\u011fini belirten Kara\u00e7ay, teslim edilenlerin de durumunun \u00e7ok k\u00f6t\u00fc oldu\u011funu, k\u0131\u015f\u0131n su ge\u00e7irdi\u011fini anlatt\u0131. Elektrik ile \u0131s\u0131nd\u0131klar\u0131n\u0131 s\u00f6yleyen Ba\u015fkan Emrah Kara\u00e7ay, ancak elektrik altyap\u0131s\u0131nda da ciddi bir s\u0131k\u0131nt\u0131 ya\u015fand\u0131\u011f\u0131n\u0131 vurgulad\u0131.\u00a0<br \/>\u00a0<br \/><strong>Sa\u011fl\u0131k hizmetlerine tam destek\u00a0<\/strong><br \/>Dr. Cemil Tugay, t\u00fcm ihtiya\u00e7lar\u0131 \u0130zmir B\u00fcy\u00fck\u015fehir Belediyesi taraf\u0131ndan kar\u015f\u0131lanan Samanda\u011f 1 No&#8217;lu Aile Sa\u011fl\u0131\u011f\u0131 Merkezi&#8217;ni de ziyaret etti. Sa\u011fl\u0131k emek\u00e7ileri ile bir araya gelen Ba\u015fkan Tugay, \u201cBundan sonra da bir \u015feye ihtiyac\u0131n\u0131z olursa, deste\u011fe haz\u0131r\u0131z. Nisan ay\u0131nda Hatay&#8217;da, kentin\u00a0 b\u00fct\u00fcn il\u00e7eleri ile ya\u015fad\u0131\u011f\u0131 s\u0131k\u0131nt\u0131lar\u0131, mevcut durumu masaya yat\u0131ral\u0131m, konu\u015fal\u0131m istiyoruz. Daha sonra g\u00f6rev da\u011f\u0131l\u0131m\u0131 yapal\u0131m. Neticede do\u011fru kararlarla bu \u00e7al\u0131\u015fmalar\u0131n yap\u0131lmas\u0131 daha sa\u011fl\u0131kl\u0131 sonu\u00e7lar do\u011furur. Bir ihtiyac\u0131n\u0131z olursa bilin ki biz elimizden geleni yapmaya haz\u0131r\u0131z\u201d dedi. Sa\u011fl\u0131k\u00e7\u0131lar da Ba\u015fkan Tugay&#8217;a te\u015fekk\u00fcr etti.\u00a0<\/p>\n<p><strong>Bar\u0131\u015f ve karde\u015flik vurgusu<\/strong><br \/>\u0130zmir B\u00fcy\u00fck\u015fehir Belediye Ba\u015fkan\u0131 Dr. Cemil Tugay, beraberindeki heyetle Samanda\u011f il\u00e7esinde bulunan Hz. H\u0131z\u0131r T\u00fcrbesi&#8217;ni de ziyaret etti. Hz. H\u0131z\u0131r ile Hz. Musa&#8217;n\u0131n bulu\u015ftu\u011fu yer olarak bilinen tarihi inan\u00e7 merkezinde dua eden Ba\u015fkan Tugay,\u00a0 bar\u0131\u015f ve karde\u015flik mesajlar\u0131 verdi. Ba\u015fkan Tugay, t\u00fcrbede dua edenlerin dualar\u0131n\u0131n kabul edildi\u011fine y\u00f6nelik g\u00fc\u00e7l\u00fc bir inan\u00e7 bulundu\u011funu belirterek, \u015funlar\u0131 s\u00f6yledi: \u201cHatay&#8217;\u0131n bir \u00f6zelli\u011fi var. \u00c7ok farkl\u0131 k\u00fclt\u00fcrlerde, inan\u00e7larda insanlar\u0131n karde\u015flik i\u00e7erisinde y\u00fczy\u0131llar boyunca ya\u015fad\u0131\u011f\u0131 bir yer. \u0130zmir de ho\u015fg\u00f6r\u00fcs\u00fc ile bilinen bir yer. Biz istiyoruz ki insanlar her t\u00fcr\u00fc kavgadan, sava\u015ftan uzak olsun ve \u00fclkemize, \u015fehirlerimize, d\u00fcnyam\u0131za bar\u0131\u015f ve iyilik gelsin. Deprem ma\u011fdurlar\u0131n\u0131n ac\u0131lar\u0131n\u0131 ve s\u0131k\u0131nt\u0131lar\u0131n\u0131 biliyoruz. Her \u015feyin dostluk, dayan\u0131\u015fma ve adaletle a\u015f\u0131labilece\u011fini biliyoruz. Bu duygunun devletimizin t\u00fcm kademelerine i\u015flemesini \u00f6zellikle diliyoruz. Biz bu duygu ile \u00e7al\u0131\u015f\u0131yoruz. \u00dclkemizin gelece\u011fi ayd\u0131nl\u0131k olsun. T\u00fcm yurtta\u015flar\u0131m\u0131z i\u00e7in huzur ve sa\u011fl\u0131k dolu bir ya\u015fam olsun\u201d dedi.\u00a0<\/p>\n<p><strong>\u201cBu ziyaret bir vicdan borcudur\u201d<\/strong><br \/>Samanda\u011f\u2019\u0131n Vak\u0131fk\u00f6y Mahallesi\u2019nde yurtta\u015flarla da bulu\u015fan Ba\u015fkan Tugay, depremzedelere ge\u00e7mi\u015f olsun dileklerini iletti. Vak\u0131fk\u00f6y M\u00fczesi ve b\u00f6lge halk\u0131 i\u00e7in simgesel \u00f6neme sahip olan ve An\u0131tlar Y\u00fcksek Kurulu taraf\u0131ndan tescillenerek koruma alt\u0131na al\u0131nan Musa A\u011fac\u0131\u2019n\u0131 inceleyen Tugay, temaslar\u0131n\u0131n Hatay\u2019\u0131n k\u00fclt\u00fcrel miras\u0131na, toplumsal haf\u0131zas\u0131na ve deprem sonras\u0131 ya\u015fam m\u00fccadelesine sahip \u00e7\u0131kma anlay\u0131\u015f\u0131yla ger\u00e7ekle\u015ftirildi\u011fini vurgulad\u0131.<\/p>\n<p>\u00a0<\/p>\n<p>\u00a0<\/p>\n<p>Kaynak: (BYZHA) Beyaz Haber Ajans\u0131<\/p>\n","protected":false},"excerpt":{"rendered":"<p>\u0130zmir B\u00fcy\u00fck\u015fehir Belediye Ba\u015fkan\u0131 Dr. Cemil Tugay, depremin a\u011f\u0131r yaralar a\u00e7t\u0131\u011f\u0131 Hatay\u2019\u0131n Samanda\u011f il\u00e7esinde temaslarda bulundu.<\/p>\n","protected":false},"author":1,"featured_media":18065,"comment_status":"open","ping_status":"open","sticky":false,"template":"","format":"standard","meta":{"footnotes":""},"categories":[4],"tags":[1119,978,157,3410,1782],"class_list":["post-18064","post","type-post","status-publish","format-standard","has-post-thumbnail","hentry","category-gundem","tag-buyuksehir","tag-izmir","tag-saglik","tag-samandag","tag-tugay"],"_links":{"self":[{"href":"https:\/\/bihavadis.com\/index.php\/wp-json\/wp\/v2\/posts\/18064","targetHints":{"allow":["GET"]}}],"collection":[{"href":"https:\/\/bihavadis.com\/index.php\/wp-json\/wp\/v2\/posts"}],"about":[{"href":"https:\/\/bihavadis.com\/index.php\/wp-json\/wp\/v2\/types\/post"}],"author":[{"embeddable":true,"href":"https:\/\/bihavadis.com\/index.php\/wp-json\/wp\/v2\/users\/1"}],"replies":[{"embeddable":true,"href":"https:\/\/bihavadis.com\/index.php\/wp-json\/wp\/v2\/comments?post=18064"}],"version-history":[{"count":1,"href":"https:\/\/bihavadis.com\/index.php\/wp-json\/wp\/v2\/posts\/18064\/revisions"}],"predecessor-version":[{"id":18066,"href":"https:\/\/bihavadis.com\/index.php\/wp-json\/wp\/v2\/posts\/18064\/revisions\/18066"}],"wp:featuredmedia":[{"embeddable":true,"href":"https:\/\/bihavadis.com\/index.php\/wp-json\/wp\/v2\/media\/18065"}],"wp:attachment":[{"href":"https:\/\/bihavadis.com\/index.php\/wp-json\/wp\/v2\/media?parent=18064"}],"wp:term":[{"taxonomy":"category","embeddable":true,"href":"https:\/\/bihavadis.com\/index.php\/wp-json\/wp\/v2\/categories?post=18064"},{"taxonomy":"post_tag","embeddable":true,"href":"https:\/\/bihavadis.com\/index.php\/wp-json\/wp\/v2\/tags?post=18064"}],"curies":[{"name":"wp","href":"https:\/\/api.w.org\/{rel}","templated":true}]}}