{"id":18086,"date":"2026-02-06T07:18:08","date_gmt":"2026-02-06T07:18:08","guid":{"rendered":"https:\/\/bihavadis.com\/?p=18086"},"modified":"2026-02-06T07:18:08","modified_gmt":"2026-02-06T07:18:08","slug":"irandaki-protestolarda-139-yabanci-tutuklandi","status":"publish","type":"post","link":"https:\/\/bihavadis.com\/index.php\/2026\/02\/06\/irandaki-protestolarda-139-yabanci-tutuklandi\/","title":{"rendered":"\u0130ran&#8217;daki protestolarda 139 yabanc\u0131 tutukland\u0131"},"content":{"rendered":"<p>\u0130ran&#8217;da ge\u00e7ti\u011fimiz y\u0131l 28 Aral\u0131k&#8217;ta hayat pahal\u0131l\u0131\u011f\u0131na tepki olarak ba\u015flayan ve h\u00fck\u00fcmet kar\u015f\u0131t\u0131 protestolara d\u00f6n\u00fc\u015fen g\u00f6sterilere kat\u0131lanlara ili\u015fkin soru\u015fturma s\u00fcr\u00fcyor.<\/p>\n<p>\u0130ran polisi, Yezd eyaletinde h\u00fck\u00fcmet kar\u015f\u0131t\u0131 protestolara kat\u0131ld\u0131klar\u0131 gerek\u00e7esiyle yabanc\u0131 uyruklu 139 ki\u015finin tutukland\u0131\u011f\u0131n\u0131 belirtti.<\/p>\n<p><strong>UYRUKLARINA \u0130L\u0130\u015eK\u0130N B\u0130LG\u0130 VER\u0130LMED\u0130<\/strong><\/p>\n<p>Yezd Polisi Ahmad Negahban, Devrim Muhaf\u0131zlar\u0131 Ordusu&#8217;na yak\u0131nl\u0131\u011f\u0131yla bilinen Tasnim Haber Ajans\u0131&#8217;a yapt\u0131\u011f\u0131 a\u00e7\u0131klamada,<b><em> &#8220;Bu ki\u015filer, ayaklanma eylemlerini organize etme, k\u0131\u015fk\u0131rtma ve y\u00f6nlendirmede aktif rol oynad\u0131; baz\u0131 durumlarda yurtd\u0131\u015f\u0131ndaki a\u011flarla da ileti\u015fim halindeydiler&#8221; <\/em><\/b>dedi.<\/p>\n<p>Negahban, tutuklular\u0131n uyruklar\u0131na ili\u015fkin detay vermedi.<\/p>\n<p><img decoding=\"async\" src=\"https:\/\/bihavadis.com\/wp-content\/uploads\/2026\/02\/irandaki-protestolarda-139-yabanci-tutuklandi-0-3FYzaTkW.jpg\"\/><\/p>\n<p><strong>&#8220;ABD&#8217;N\u0130N KI\u015eKIRTMASINA DESTEK VERENLER AFFED\u0130LMEYECEK&#8221;<\/strong><\/p>\n<p>\u0130ran Yarg\u0131 Erki S\u00f6zc\u00fcs\u00fc Asgar Cihangir ise bug\u00fcn yapt\u0131\u011f\u0131 a\u00e7\u0131klamada, <b><em>&#8220;Bu ABD k\u0131\u015fk\u0131rtmas\u0131na destek veren ve rol oynayanlar asla affedilmeyecek&#8221;<\/em><\/b> ifadelerini kulland\u0131.<\/p>\n<p>\u0130ranl\u0131 yetkililer, d\u00fcn Tahran&#8217;daki \u015fiddet olaylar\u0131na kat\u0131ld\u0131klar\u0131 su\u00e7lamas\u0131yla yabanc\u0131 uyruklu 4 ki\u015finin tutukland\u0131\u011f\u0131n\u0131 bildirmi\u015fti.<\/p>\n<p><img decoding=\"async\" src=\"https:\/\/bihavadis.com\/wp-content\/uploads\/2026\/02\/irandaki-protestolarda-139-yabanci-tutuklandi-1-5KmMy1uZ.jpg\"\/><\/p>\n<p><strong>3 B\u0130N 117 K\u0130\u015e\u0130 HAYATINI KAYBETT\u0130<\/strong><\/p>\n<p>ABD merkezli \u0130ran \u0130nsan Haklar\u0131 Aktivistleri Haber Ajans\u0131 (HRANA), \u015fimdiye kadar yakla\u015f\u0131k 50 bin ki\u015finin tutukland\u0131\u011f\u0131n\u0131 aktarm\u0131\u015ft\u0131.<\/p>\n<p>\u0130ran \u015eehitler ve Gaziler Vakf\u0131&#8217;ndan 27 Ocak&#8217;ta yap\u0131lan a\u00e7\u0131klamada, \u00fclke genelindeki olaylarda 3 bin 117 ki\u015finin hayat\u0131n\u0131 kaybetti\u011fi, \u00f6lenlerin 2 bin 427&#8217;sinin &#8220;\u015fehit&#8221; olarak adland\u0131r\u0131ld\u0131\u011f\u0131 bildirilmi\u015fti.<\/p>\n<p>Geriye kalan 690 ki\u015finin de ter\u00f6rist, silahl\u0131 isyanc\u0131 ya da dosyas\u0131n\u0131n incelemede oldu\u011fu ifade edilmi\u015fti.<\/p>\n<p><img decoding=\"async\" src=\"https:\/\/bihavadis.com\/wp-content\/uploads\/2026\/02\/irandaki-protestolarda-139-yabanci-tutuklandi-2-BtOcL54n.jpg\"\/><\/p>\n","protected":false},"excerpt":{"rendered":"<p>Yezd eyaletinde h\u00fck\u00fcmet kar\u015f\u0131t\u0131 protestolara kat\u0131ld\u0131klar\u0131 belirlenen 139 yabanc\u0131 uyruklu ki\u015fi \u0130ran polisi taraf\u0131ndan tutuklan\u0131rken toplam tutuklama say\u0131s\u0131n\u0131n 50 bine yakla\u015ft\u0131\u011f\u0131 belirtildi.<\/p>\n","protected":false},"author":1,"featured_media":18087,"comment_status":"open","ping_status":"open","sticky":false,"template":"","format":"standard","meta":{"footnotes":""},"categories":[6],"tags":[271,3344],"class_list":["post-18086","post","type-post","status-publish","format-standard","has-post-thumbnail","hentry","category-dunya","tag-iran","tag-kisinin"],"_links":{"self":[{"href":"https:\/\/bihavadis.com\/index.php\/wp-json\/wp\/v2\/posts\/18086","targetHints":{"allow":["GET"]}}],"collection":[{"href":"https:\/\/bihavadis.com\/index.php\/wp-json\/wp\/v2\/posts"}],"about":[{"href":"https:\/\/bihavadis.com\/index.php\/wp-json\/wp\/v2\/types\/post"}],"author":[{"embeddable":true,"href":"https:\/\/bihavadis.com\/index.php\/wp-json\/wp\/v2\/users\/1"}],"replies":[{"embeddable":true,"href":"https:\/\/bihavadis.com\/index.php\/wp-json\/wp\/v2\/comments?post=18086"}],"version-history":[{"count":1,"href":"https:\/\/bihavadis.com\/index.php\/wp-json\/wp\/v2\/posts\/18086\/revisions"}],"predecessor-version":[{"id":18091,"href":"https:\/\/bihavadis.com\/index.php\/wp-json\/wp\/v2\/posts\/18086\/revisions\/18091"}],"wp:featuredmedia":[{"embeddable":true,"href":"https:\/\/bihavadis.com\/index.php\/wp-json\/wp\/v2\/media\/18087"}],"wp:attachment":[{"href":"https:\/\/bihavadis.com\/index.php\/wp-json\/wp\/v2\/media?parent=18086"}],"wp:term":[{"taxonomy":"category","embeddable":true,"href":"https:\/\/bihavadis.com\/index.php\/wp-json\/wp\/v2\/categories?post=18086"},{"taxonomy":"post_tag","embeddable":true,"href":"https:\/\/bihavadis.com\/index.php\/wp-json\/wp\/v2\/tags?post=18086"}],"curies":[{"name":"wp","href":"https:\/\/api.w.org\/{rel}","templated":true}]}}