{"id":18095,"date":"2026-02-06T07:24:06","date_gmt":"2026-02-06T07:24:06","guid":{"rendered":"https:\/\/bihavadis.com\/?p=18095"},"modified":"2026-02-06T07:24:06","modified_gmt":"2026-02-06T07:24:06","slug":"6-subat-depremleri-yildonumunde-baskan-pekyatirmacidan-anma-mesaji","status":"publish","type":"post","link":"https:\/\/bihavadis.com\/index.php\/2026\/02\/06\/6-subat-depremleri-yildonumunde-baskan-pekyatirmacidan-anma-mesaji\/","title":{"rendered":"6 \u015eubat Depremleri Y\u0131ld\u00f6n\u00fcm\u00fcnde Ba\u015fkan Pekyat\u0131rmac\u0131&#8217;dan Anma Mesaj\u0131"},"content":{"rendered":"<p>Sel\u00e7uklu Belediye Ba\u015fkan\u0131 Ahmet Pekyat\u0131rmac\u0131 asr\u0131n felaketi olan 6 \u015eubat Depremlerinin y\u0131ld\u00f6n\u00fcm\u00fc dolay\u0131s\u0131yla bir anma mesaj\u0131 yay\u0131mlad\u0131. Ba\u015fkan Pekyat\u0131rmac\u0131 mesaj\u0131nda \u015fu g\u00f6r\u00fc\u015flere yer verdi;<\/p>\n<p>6 \u015eubat depremleri milletimizin ortak haf\u0131zas\u0131nda silinmez izler b\u0131rakt\u0131. \u00dclkemizin tarihinde ya\u015fanan asr\u0131n en b\u00fcy\u00fck ve en ac\u0131 felaketinin \u00fczerinden 3 y\u0131l ge\u00e7ti. 10 kentimizi y\u0131k\u0131p ge\u00e7en, on binlerce can\u0131m\u0131z\u0131 bizden koparan 6 \u015eubat Depremlerinin derin izlerini hala ta\u015f\u0131yoruz. Ya\u015fad\u0131\u011f\u0131m\u0131z bu ac\u0131, millet olarak birlik ve beraberli\u011fin, dayan\u0131\u015fman\u0131n ne kadar k\u0131ymetli oldu\u011funu bir kez daha bizlere g\u00f6stermi\u015ftir. Depremin ilk an\u0131ndan itibaren devletimiz t\u00fcm imk\u00e2nlar\u0131yla sahada olmu\u015f, milletimiz tek y\u00fcrek olarak yaralar\u0131 sarmak i\u00e7in seferber olmu\u015ftur. Bu zor g\u00fcnlerde ortaya konulan karde\u015flik ve dayan\u0131\u015fma ruhu, bizim en b\u00fcy\u00fck g\u00fcc\u00fcm\u00fcz olmu\u015ftur. Kaybetti\u011fimiz her bir can\u0131n \u00fcz\u00fcnt\u00fcs\u00fcn\u00fc derinden hissediyoruz ve onlar\u0131 hi\u00e7bir zaman unutmayaca\u011f\u0131z. Aziz hat\u0131ralar\u0131n\u0131 ya\u015fatmak ve benzer ac\u0131lar\u0131n bir daha ya\u015fanmamas\u0131 i\u00e7in \u00fczerimize d\u00fc\u015fen sorumluluklar\u0131 yerine getirmeye devam edece\u011fiz.<\/p>\n<p>Depremin ard\u0131ndan \u015fehirlerimizi daha g\u00fcvenli hale getirmek ve gelece\u011fimizi sa\u011flam temeller \u00fczerine in\u015fa etmek i\u00e7in devletimiz t\u00fcm g\u00fcc\u00fcyle seferber oldu. Devletimiz hem maddi hem manevi t\u00fcm kaynaklar\u0131n\u0131 buraya aktard\u0131 ve \u015fehirlerimiz yeniden aya\u011fa kalkt\u0131. H\u00fck\u00fcmetimiz, belediyelerimiz ve sivil toplumla birlikte koordinasyon i\u00e7erisinde hareket ederek bir dayan\u0131\u015fma \u00f6rne\u011fi ortaya koydu.<\/p>\n<p>Bu vesileyle 6 \u015eubat depremlerinde hayat\u0131n\u0131 kaybeden vatanda\u015flar\u0131m\u0131za Allah\u2019tan rahmet, yak\u0131nlar\u0131na ba\u015f sa\u011fl\u0131\u011f\u0131 ve sab\u0131rlar diliyorum. Rabbim, \u00fclkemize ve milletimize b\u00f6ylesi afetleri bir daha ya\u015fatmas\u0131n in\u015fallah.\u201d<\/p>\n<p>\u00a0<\/p>\n<p>\u00a0<\/p>\n<p>Kaynak: (BYZHA) Beyaz Haber Ajans\u0131<\/p>\n","protected":false},"excerpt":{"rendered":"<p>Sel\u00e7uklu Belediye Ba\u015fkan\u0131 Ahmet Pekyat\u0131rmac\u0131 asr\u0131n felaketi olan 6 \u015eubat Depremlerinin y\u0131ld\u00f6n\u00fcm\u00fc dolay\u0131s\u0131yla bir anma mesaj\u0131 yay\u0131mlad\u0131.<\/p>\n","protected":false},"author":1,"featured_media":18096,"comment_status":"open","ping_status":"open","sticky":false,"template":"","format":"standard","meta":{"footnotes":""},"categories":[4],"tags":[],"class_list":["post-18095","post","type-post","status-publish","format-standard","has-post-thumbnail","hentry","category-gundem"],"_links":{"self":[{"href":"https:\/\/bihavadis.com\/index.php\/wp-json\/wp\/v2\/posts\/18095","targetHints":{"allow":["GET"]}}],"collection":[{"href":"https:\/\/bihavadis.com\/index.php\/wp-json\/wp\/v2\/posts"}],"about":[{"href":"https:\/\/bihavadis.com\/index.php\/wp-json\/wp\/v2\/types\/post"}],"author":[{"embeddable":true,"href":"https:\/\/bihavadis.com\/index.php\/wp-json\/wp\/v2\/users\/1"}],"replies":[{"embeddable":true,"href":"https:\/\/bihavadis.com\/index.php\/wp-json\/wp\/v2\/comments?post=18095"}],"version-history":[{"count":1,"href":"https:\/\/bihavadis.com\/index.php\/wp-json\/wp\/v2\/posts\/18095\/revisions"}],"predecessor-version":[{"id":18097,"href":"https:\/\/bihavadis.com\/index.php\/wp-json\/wp\/v2\/posts\/18095\/revisions\/18097"}],"wp:featuredmedia":[{"embeddable":true,"href":"https:\/\/bihavadis.com\/index.php\/wp-json\/wp\/v2\/media\/18096"}],"wp:attachment":[{"href":"https:\/\/bihavadis.com\/index.php\/wp-json\/wp\/v2\/media?parent=18095"}],"wp:term":[{"taxonomy":"category","embeddable":true,"href":"https:\/\/bihavadis.com\/index.php\/wp-json\/wp\/v2\/categories?post=18095"},{"taxonomy":"post_tag","embeddable":true,"href":"https:\/\/bihavadis.com\/index.php\/wp-json\/wp\/v2\/tags?post=18095"}],"curies":[{"name":"wp","href":"https:\/\/api.w.org\/{rel}","templated":true}]}}