{"id":18105,"date":"2026-02-06T07:33:05","date_gmt":"2026-02-06T07:33:05","guid":{"rendered":"https:\/\/bihavadis.com\/?p=18105"},"modified":"2026-02-06T07:33:05","modified_gmt":"2026-02-06T07:33:05","slug":"izmirde-ekipler-24-saat-gorevde","status":"publish","type":"post","link":"https:\/\/bihavadis.com\/index.php\/2026\/02\/06\/izmirde-ekipler-24-saat-gorevde\/","title":{"rendered":"\u0130zmir&#8217;de ekipler 24 saat g\u00f6revde"},"content":{"rendered":"<p>\u0130zmir\u2019de son g\u00fcnlerde etkisini art\u0131rarak devam eden sa\u011fanak ya\u011f\u0131\u015flar nedeniyle, Meteoroloji Genel M\u00fcd\u00fcrl\u00fc\u011f\u00fc taraf\u0131ndan kent genelinde sar\u0131 kodlu ya\u011f\u0131\u015f uyar\u0131s\u0131 yap\u0131ld\u0131. \u0130zmir B\u00fcy\u00fck\u015fehir Belediyesi, ya\u011f\u0131\u015flara kar\u015f\u0131 AKOM koordinasyonunda kent genelinde olas\u0131 olumsuzluklara kar\u015f\u0131 412 ara\u00e7 ve i\u015f makinesi, 200 pompa, 1365 personel ile g\u00f6rev ba\u015f\u0131nda.<\/p>\n<p>Meteoroloji Genel M\u00fcd\u00fcrl\u00fc\u011f\u00fc yer istasyonlar\u0131ndan al\u0131nan verilere g\u00f6re, son 6 saatlik s\u00fcre\u00e7te en yo\u011fun ya\u011f\u0131\u015f \u00c7e\u015fme, Karaburun ve Urla\u2019da \u00f6l\u00e7\u00fcld\u00fc. Urla Orman Sahas\u0131\u2019nda metrekareye 58,8 kilogram, Seferihisar\u2019da 44,4 kilogram, Karaburun\u2019da 38,5 kilogram, \u00c7e\u015fme\u2019de 33,4 kilogram, Bergama \u0130ncecikler Orman Sahas\u0131\u2019nda 30,1 kilogram, Menderes G\u00fcm\u00fcld\u00fcr\u2019de 29,4 kilogram, Narl\u0131dere\u2019de 28,5 kilogram, Dikili\u2019de 26,9 kilogram, G\u00fczelbah\u00e7e\u2019de 26,8 kilogram ya\u011f\u0131\u015f kaydedilirken, Urla merkezde 35,6 kilogram ya\u011f\u0131\u015f \u00f6l\u00e7\u00fcld\u00fc. Ya\u011f\u0131\u015flar\u0131n ilerleyen saatlerde merkez il\u00e7elerde de etkisini art\u0131rmas\u0131 bekleniyor. \u0130zmir B\u00fcy\u00fck\u015fehir Belediyesi, ya\u011f\u0131\u015flara kar\u015f\u0131 AKOM koordinasyonunda t\u00fcm birimleriyle sahada g\u00f6rev yap\u0131yor. \u00d6zellikle \u00c7e\u015fme\u2019de ya\u011f\u0131\u015f \u015fiddetinde k\u0131smi azalma g\u00f6r\u00fcl\u00fcrken; \u0130ZSU, \u0130tfaiye, Muhtarl\u0131k \u0130\u015fleri ve il\u00e7e belediyesi ekipleri koordineli \u015fekilde m\u00fcdahale \u00e7al\u0131\u015fmalar\u0131n\u0131 s\u00fcrd\u00fcr\u00fcyor. Kent genelinde olas\u0131 olumsuzluklara kar\u015f\u0131 412 ara\u00e7 ve i\u015f makinesi, 200 pompa, 1365 personel ile uzman ekipler g\u00f6rev ba\u015f\u0131nda bulunuyor.<\/p>\n<p><strong>Ya\u011f\u0131\u015flar yar\u0131n da devam edecek<\/strong><br \/>Meteoroloji de\u011ferlendirmelerine g\u00f6re, yar\u0131n da yer yer kuvvetli sa\u011fanak ya\u011f\u0131\u015flar\u0131n etkisini s\u00fcrd\u00fcrmesi bekleniyor. \u0130zmir B\u00fcy\u00fck\u015fehir Belediyesi, \u00f6zellikle al\u00e7ak kesimler, dere yataklar\u0131 ve ge\u00e7mi\u015fte su bask\u0131n\u0131 ya\u015fanan b\u00f6lgelerde ya\u015fayan vatanda\u015flar\u0131n dikkatli olmalar\u0131 gerekti\u011fini hat\u0131rlatt\u0131.<\/p>\n<p><strong>Vatanda\u015flara \u00e7a\u011fr\u0131<\/strong><br \/>\u0130zmir B\u00fcy\u00fck\u015fehir Belediyesi, vatanda\u015flar\u0131n ya\u011f\u0131\u015f\u0131n etkili oldu\u011fu saatlerde dikkatli olmalar\u0131n\u0131, zorunlu olmad\u0131k\u00e7a trafi\u011fe \u00e7\u0131kmamalar\u0131n\u0131 ve su bask\u0131n\u0131 riskine kar\u015f\u0131 gerekli \u00f6nlemleri almalar\u0131n\u0131 istedi. Ya\u015fanabilecek olumsuzluklar\u0131n 153 ve 185 \u00e7a\u011fr\u0131 merkezlerine bildirilmesi \u00e7a\u011fr\u0131s\u0131nda bulunuldu. Kent genelindeki geli\u015fmeler AKOM taraf\u0131ndan anl\u0131k olarak takip edilirken, \u0130zmir B\u00fcy\u00fck\u015fehir Belediyesi ekiplerinin 24 saat esas\u0131na g\u00f6re sahadaki \u00e7al\u0131\u015fmalar\u0131na devam etti\u011fi bildirildi.<\/p>\n<p>\u00a0<\/p>\n<p>\u00a0<\/p>\n<p>Kaynak: (BYZHA) Beyaz Haber Ajans\u0131<\/p>\n","protected":false},"excerpt":{"rendered":"<p>\u0130zmir\u2019de son g\u00fcnlerde etkisini art\u0131rarak devam eden sa\u011fanak ya\u011f\u0131\u015flar nedeniyle, Meteoroloji Genel M\u00fcd\u00fcrl\u00fc\u011f\u00fc taraf\u0131ndan kent genelinde sar\u0131 kodlu ya\u011f\u0131\u015f uyar\u0131s\u0131 yap\u0131ld\u0131.<\/p>\n","protected":false},"author":1,"featured_media":18106,"comment_status":"open","ping_status":"open","sticky":false,"template":"","format":"standard","meta":{"footnotes":""},"categories":[4],"tags":[2387,2423,1165,1178],"class_list":["post-18105","post","type-post","status-publish","format-standard","has-post-thumbnail","hentry","category-gundem","tag-izmir-buyuksehir-belediyesi","tag-kilogram","tag-yagis","tag-yagislar"],"_links":{"self":[{"href":"https:\/\/bihavadis.com\/index.php\/wp-json\/wp\/v2\/posts\/18105","targetHints":{"allow":["GET"]}}],"collection":[{"href":"https:\/\/bihavadis.com\/index.php\/wp-json\/wp\/v2\/posts"}],"about":[{"href":"https:\/\/bihavadis.com\/index.php\/wp-json\/wp\/v2\/types\/post"}],"author":[{"embeddable":true,"href":"https:\/\/bihavadis.com\/index.php\/wp-json\/wp\/v2\/users\/1"}],"replies":[{"embeddable":true,"href":"https:\/\/bihavadis.com\/index.php\/wp-json\/wp\/v2\/comments?post=18105"}],"version-history":[{"count":1,"href":"https:\/\/bihavadis.com\/index.php\/wp-json\/wp\/v2\/posts\/18105\/revisions"}],"predecessor-version":[{"id":18107,"href":"https:\/\/bihavadis.com\/index.php\/wp-json\/wp\/v2\/posts\/18105\/revisions\/18107"}],"wp:featuredmedia":[{"embeddable":true,"href":"https:\/\/bihavadis.com\/index.php\/wp-json\/wp\/v2\/media\/18106"}],"wp:attachment":[{"href":"https:\/\/bihavadis.com\/index.php\/wp-json\/wp\/v2\/media?parent=18105"}],"wp:term":[{"taxonomy":"category","embeddable":true,"href":"https:\/\/bihavadis.com\/index.php\/wp-json\/wp\/v2\/categories?post=18105"},{"taxonomy":"post_tag","embeddable":true,"href":"https:\/\/bihavadis.com\/index.php\/wp-json\/wp\/v2\/tags?post=18105"}],"curies":[{"name":"wp","href":"https:\/\/api.w.org\/{rel}","templated":true}]}}