{"id":18161,"date":"2026-02-06T08:24:05","date_gmt":"2026-02-06T08:24:05","guid":{"rendered":"https:\/\/bihavadis.com\/?p=18161"},"modified":"2026-02-06T08:24:05","modified_gmt":"2026-02-06T08:24:05","slug":"tarim-ve-orman-bakani-ibrahim-yumakli-artvinde-konustu-aciklamasi","status":"publish","type":"post","link":"https:\/\/bihavadis.com\/index.php\/2026\/02\/06\/tarim-ve-orman-bakani-ibrahim-yumakli-artvinde-konustu-aciklamasi\/","title":{"rendered":"Tar\u0131m ve Orman Bakan\u0131 \u0130brahim Yumakl\u0131, Artvin&#8217;de konu\u015ftu A\u00e7\u0131klamas\u0131"},"content":{"rendered":"<p> Tar\u0131m ve Orman Bakan\u0131 \u0130brahim Yumakl\u0131, &#8221; T\u00fcrkiye&#8217;nin g\u00fc\u00e7lenmesiyle alakal\u0131 elbette rahats\u0131z olanlar olacakt\u0131r. Ama mesele nedir? Mesele, kar\u015f\u0131m\u0131za gelecek her t\u00fcrl\u00fc problemde devletiyle, milletiyle el ele, omuz omuza vererek her t\u00fcrl\u00fc zorlu\u011fun \u00fcstesinden gelme iradesidir.&#8221; dedi.<\/p>\n<p>Bakan Yumakl\u0131, Artvin Gen\u00e7lik Merkezi Konferans Salonu&#8217;nda d\u00fczenlenen AK Parti \u0130l Dan\u0131\u015fma Meclisi toplant\u0131s\u0131nda yapt\u0131\u011f\u0131 konu\u015fmada, Cumhurba\u015fkan\u0131 Recep Tayyip Erdo\u011fan&#8217;\u0131n selamlar\u0131n\u0131 iletti.<\/p>\n<p>AK Parti&#8217;nin \u00e7eyrek asra yak\u0131n bir zamand\u0131r g\u00fc\u00e7l\u00fc ve b\u00fcy\u00fck T\u00fcrkiye&#8217;nin kilometre ta\u015flar\u0131n\u0131 d\u00f6\u015femeye devam etti\u011fini belirten Yumakl\u0131, T\u00fcrkiye Y\u00fczy\u0131l\u0131 kavram\u0131n\u0131n vatanda\u015flar taraf\u0131ndan kabul edildi\u011fini dile getirdi.<\/p>\n<p>Kahramanmara\u015f merkezli depremlerde ciddi bir y\u0131k\u0131m ya\u015fanmas\u0131na de\u011finen Yumakl\u0131, &#8220;Kolay de\u011fil, direkt olarak 11-12 ilimiz neredeyse ba\u015ftan, yeniden imar edilmek durumunda kald\u0131. Ben biliyorum ki Almanya&#8217;n\u0131n bir ilinde, bir \u015fehrinde bir ta\u015fk\u0131n olmu\u015ftu. Hala oran\u0131n imar\u0131yla ilgili sorunlar var. Say\u0131n Cumhurba\u015fkan\u0131&#8217;m\u0131z o g\u00fcn s\u00f6z verdi, &#8216;450 bin konutu tamamlayaca\u011f\u0131z&#8217; dedi ve de tamamlad\u0131. \u0130\u015fte bu AK Parti&#8217;nin ve Say\u0131n Cumhurba\u015fkan\u0131&#8217;m\u0131z\u0131n vizyonudur.&#8221; ifadelerini kulland\u0131.<\/p>\n<p>Yumakl\u0131, g\u00fcn\u00fc kurtarmaya d\u00f6n\u00fck hi\u00e7bir i\u015f yapmad\u0131klar\u0131n\u0131, T\u00fcrkiye&#8217;nin vizyoner politikalar ve projelerle d\u00fcnya sahnesinde yer ald\u0131\u011f\u0131n\u0131 vurgulad\u0131.<\/p>\n<p>T\u00fcrkiye&#8217;nin art\u0131k d\u0131\u015f g\u00fc\u00e7lerin kendi oyunlar\u0131n\u0131 kurabilecekleri bir \u00fclke olmad\u0131\u011f\u0131n\u0131 ifade eden Yumakl\u0131, &#8220;T\u00fcrkiye&#8217;nin g\u00fc\u00e7lenmesiyle alakal\u0131 elbette rahats\u0131z olanlar olacakt\u0131r. Ama mesele nedir? Mesele, kar\u015f\u0131m\u0131za gelecek her t\u00fcrl\u00fc problemde devletiyle, milletiyle el ele, omuz omuza vererek her t\u00fcrl\u00fc zorlu\u011fun \u00fcstesinden gelme iradesidir. Hamdolsun bu irade bizde de var.&#8221; dedi.<\/p>\n<p>Bakan Yumakl\u0131, devlet ve millet b\u00fct\u00fcnl\u00fc\u011f\u00fcyle hizmetlere devam edeceklerine i\u015faret ederek, s\u00f6zlerini \u015f\u00f6yle s\u00fcrd\u00fcrd\u00fc: <\/p>\n<p>&#8220;21. y\u00fczy\u0131l\u0131n T\u00fcrkiye&#8217;sine m\u00fch\u00fcr vuracak olan T\u00fcrkiye Y\u00fczy\u0131l\u0131&#8217;n\u0131n en \u00f6nemli hususlar\u0131ndan birisi de Ter\u00f6rs\u00fcz T\u00fcrkiye&#8217;dir. Biliyorsunuz bu konuda hem bu milletin evlatlar\u0131 hem de bu milletin kaynaklar\u0131 ter\u00f6r y\u00fcz\u00fcnden heba olup gitti y\u0131llarca. Ama Say\u0131n Cumhurba\u015fkan\u0131&#8217;m\u0131z\u0131n ve Cumhur \u0130ttifak\u0131&#8217;n\u0131n koymu\u015f oldu\u011fu irade, bug\u00fcn kararl\u0131l\u0131kla ortaya konulan yol haritas\u0131yla in\u015fallah ter\u00f6rs\u00fcz T\u00fcrkiye hedefine de \u00fclkemiz eri\u015fecektir.&#8221;<\/p>\n<p>Suriye&#8217;de onlarca y\u0131l insanlar\u0131n zul\u00fcm alt\u0131nda inledi\u011fini belirten Yumakl\u0131, \u015f\u00f6yle devam etti: <\/p>\n<p>&#8220;Art\u0131k bug\u00fcn itibar\u0131yla kendi ba\u011f\u0131ms\u0131zl\u0131klar\u0131n\u0131, kendi varl\u0131klar\u0131n\u0131 ortaya koyabilecekleri bir duruma gelmi\u015f oldular. Bu da Ter\u00f6rs\u00fcz T\u00fcrkiye hedefinin en \u00f6nemli ayaklar\u0131ndan bir tanesi oldu. Ter\u00f6rs\u00fcz T\u00fcrkiye hedefinin her zaman i\u00e7in Say\u0131n Cumhurba\u015fkan\u0131&#8217;m\u0131z\u0131n ifade etti\u011fi \u015fekliyle AK Parti i\u00e7in siyaset \u00fcst\u00fc bir mesele oldu\u011funu buradan tekrar ifade etmek istiyorum. Yani memleket meseleleri, beka meseleleri asla siyasi \u00e7\u0131karlara ve hedeflere konu edilemez, edilmemeli. Ter\u00f6rs\u00fcz T\u00fcrkiye hedefinin de AK Parti&#8217;nin her s\u00fcre\u00e7te k\u0131rm\u0131z\u0131 \u00e7izgisi oldu\u011funu tekraren ifade etmek istiyorum.&#8221;<\/p>\n<p>Gazze&#8217;de ya\u015fananlara da de\u011finen Yumakl\u0131, &#8220;\u0130n\u015fallah Gazze&#8217;de ya\u015fanan insanl\u0131k dram\u0131 da hem \u0130slam d\u00fcnyas\u0131 hem de k\u00fcresel d\u00fcnya i\u00e7in bir s\u0131nav olan bu husus en k\u0131sa zamanda sona erecektir. Bu konuda hepinizin yine takip etti\u011fi gibi b\u00fct\u00fcn d\u00fcnyaya bununla alakal\u0131 sadece ve sadece sesini y\u00fckselterek bunun olmamas\u0131 gerekti\u011fini ve b\u00fct\u00fcn uluslararas\u0131 platformlarda bunu dile getiren T\u00fcrkiye, Say\u0131n Cumhurba\u015fkan\u0131&#8217;m\u0131z Recep Tayyip Erdo\u011fan oldu.&#8221; dedi.<\/p>\n<p>Yumakl\u0131, T\u00fcrkiye Y\u00fczy\u0131l\u0131&#8217;n\u0131 in\u015fa ederken tar\u0131m, orman ve su politikalar\u0131n\u0131n b\u00fcy\u00fck \u00f6nem ta\u015f\u0131d\u0131\u011f\u0131na dikkati \u00e7ekerek, &#8220;\u00d6zellikle iklim de\u011fi\u015fikli\u011finden kaynakl\u0131 su konusu art\u0131k hayati bir ba\u015fl\u0131k haline geldi. Dolay\u0131s\u0131yla her damla suyumuzu bir alt\u0131n mesabesinde koruyarak, onu verimli kullanarak harcamam\u0131z gerekir. Bu manada da bu su b\u00f6lgesi, \u00f6zellikle su depolamas\u0131 konusunda veya suyun y\u00f6netimi konusunda son derece \u00f6nemli bir ilimiz Artvin&#8217;dir.&#8221; de\u011ferlendirmesinde bulundu.<\/p>\n<p>&#8220;T\u00fcrkiye&#8217;nin tar\u0131msal altyap\u0131s\u0131 bunlar\u0131n \u00fcstesinden gelecek kadar kuvvetlidir&#8221;<\/p>\n<p>Tar\u0131m, orman ve suyun sa\u011flam altyap\u0131s\u0131 ile \u00fclke i\u00e7in \u00f6nemini ve g\u00fcc\u00fcn\u00fc korumaya devam edece\u011fini vurgulayan Yumakl\u0131, \u015funlar\u0131 kaydetti: <\/p>\n<p>&#8220;Ge\u00e7en sene eyl\u00fcl ve ekim aylar\u0131nda yo\u011fun kurakl\u0131k ya\u015fand\u0131. Hakikaten tarihimizin belki de en uzun, birbiri pe\u015fine kurak g\u00fcnlerini ya\u015fad\u0131k ve tar\u0131msal \u00fcretimimizde bir miktar gerileme oldu. Ama ben bunu hep s\u00f6yl\u00fcyorum. T\u00fcrkiye&#8217;nin tar\u0131msal altyap\u0131s\u0131 bunlar\u0131n \u00fcstesinden gelecek kadar kuvvetlidir. Dolay\u0131s\u0131yla tar\u0131msal \u00fcretim planlamas\u0131 ba\u015fta olmak \u00fczere 2024 y\u0131l\u0131nda \u00e7izmi\u015f oldu\u011fumuz bitkisel \u00fcretimde, hayvansal \u00fcretimde, su \u00fcr\u00fcnlerinde her konuda \u00fcretim planlamas\u0131 in\u015fallah sofralar\u0131m\u0131za gelecek g\u0131dan\u0131n garantisi olmaya devam edecek.&#8221;<\/p>\n<p>&#8220;Ba\u015fvurulara yat\u0131r\u0131m deste\u011fi verece\u011fiz&#8221;<\/p>\n<p>Bakan Yumakl\u0131, son 23 y\u0131lda Artvin&#8217;de DS\u0130 yat\u0131r\u0131mlar\u0131 da dahil olmak \u00fczere 418 milyar liral\u0131k yat\u0131r\u0131m yap\u0131ld\u0131\u011f\u0131n\u0131 aktard\u0131.<\/p>\n<p>IPARD ve TKDK desteklerinin devam edece\u011fini belirten Yumakl\u0131, &#8220;Sadece \u00fcretmeniz bir \u015fey ifade etmiyor. Onu do\u011fru bir \u015fekilde markal\u0131 \u00fcr\u00fcn haline getirmeniz, katma de\u011ferli bir \u00fcr\u00fcn haline getirmeniz gerekiyor. Yani bizim \u00fclkemizde \u00fcretilenlerin art\u0131k son t\u00fcketicilere hem yurt i\u00e7i hem yurt d\u0131\u015f\u0131 katma de\u011ferli bir \u015fekilde ula\u015fmas\u0131 gerekiyor. Neler olacak? Et, s\u00fct, meyve, sebze, su \u00fcr\u00fcnleri, yumurta i\u015fleme, s\u00fct toplama merkezleri, so\u011fuk hava depolar\u0131. Bu ba\u015fl\u0131klarda \u00f6zellikle ba\u015fvurulara yat\u0131r\u0131m deste\u011fi verece\u011fiz. 30 Aral\u0131k&#8217;tan itibaren ba\u015fvurular al\u0131nmaya ba\u015flanm\u0131\u015ft\u0131. \u00c7a\u011fr\u0131 takvimini mart ay\u0131nda yay\u0131mlayaca\u011f\u0131z. Bunu da buradan duyurmu\u015f olal\u0131m.&#8221; diye konu\u015ftu.<\/p>\n<p>Yusufeli Baraj\u0131&#8217;n\u0131n devreye girmesiyle \u00c7oruh&#8217;ta yeni bir d\u00f6nemin ba\u015flad\u0131\u011f\u0131n\u0131 dile getiren Yumakl\u0131, &#8220;Artvin&#8217;de su ve sulama alan\u0131nda 2025 y\u0131l\u0131nda 2 milyar lira maliyetli 7 yat\u0131r\u0131m\u0131 bitirdik, 1,5 milyar lira maliyetli 6 i\u015fin de s\u00f6zle\u015fmelerini imzalad\u0131k. \u0130n\u015fallah 2026 y\u0131l\u0131n\u0131n ilk yar\u0131s\u0131nda 5 milyar lira maliyetli 8 yat\u0131r\u0131m\u0131n da ihalelerini ger\u00e7ekle\u015ftirece\u011fiz. Bunu da buradan sizler vas\u0131tas\u0131yla b\u00fct\u00fcn Artvin&#8217;e iletmi\u015f olal\u0131m. Artvin il\u00e7elerine hizmet verecek olan 4,8 milyar lira maliyetli 9 i\u015fin de in\u015faat \u00e7al\u0131\u015fmalar\u0131na devam ediyoruz. B\u00fct\u00fcn bu \u00e7al\u0131\u015fmalar, b\u00fct\u00fcn bu yat\u0131r\u0131mlar Artvin&#8217;e hay\u0131rl\u0131 u\u011furlu olsun diyorum.&#8221; ifadelerini kulland\u0131.<\/p>\n<p>Yumakl\u0131, daha sonra \u0130l Tar\u0131m ve Orman M\u00fcd\u00fcrl\u00fc\u011f\u00fc ile MHP \u0130l Ba\u015fkanl\u0131\u011f\u0131n\u0131 ziyaret etti, DS\u0130 26. B\u00f6lge M\u00fcd\u00fcrl\u00fc\u011f\u00fc&#8217;nde d\u00fczenlenen &#8220;Sekt\u00f6r Temsilcileri ile Bulu\u015fma&#8221; toplant\u0131s\u0131na kat\u0131ld\u0131.<\/p>\n","protected":false},"excerpt":{"rendered":"<p>Tar\u0131m ve Orman Bakan\u0131 \u0130brahim Yumakl\u0131, &#8220;T\u00fcrkiye&#8217;nin g\u00fc\u00e7lenmesiyle alakal\u0131 elbette rahats\u0131z olanlar olacakt\u0131r.<\/p>\n","protected":false},"author":1,"featured_media":0,"comment_status":"open","ping_status":"open","sticky":false,"template":"","format":"standard","meta":{"footnotes":""},"categories":[12],"tags":[2886,3422,371,216,2058],"class_list":["post-18161","post","type-post","status-publish","format-standard","hentry","category-siyaset","tag-artvin","tag-mesele","tag-tarim","tag-yatirim","tag-yumakli"],"_links":{"self":[{"href":"https:\/\/bihavadis.com\/index.php\/wp-json\/wp\/v2\/posts\/18161","targetHints":{"allow":["GET"]}}],"collection":[{"href":"https:\/\/bihavadis.com\/index.php\/wp-json\/wp\/v2\/posts"}],"about":[{"href":"https:\/\/bihavadis.com\/index.php\/wp-json\/wp\/v2\/types\/post"}],"author":[{"embeddable":true,"href":"https:\/\/bihavadis.com\/index.php\/wp-json\/wp\/v2\/users\/1"}],"replies":[{"embeddable":true,"href":"https:\/\/bihavadis.com\/index.php\/wp-json\/wp\/v2\/comments?post=18161"}],"version-history":[{"count":1,"href":"https:\/\/bihavadis.com\/index.php\/wp-json\/wp\/v2\/posts\/18161\/revisions"}],"predecessor-version":[{"id":18162,"href":"https:\/\/bihavadis.com\/index.php\/wp-json\/wp\/v2\/posts\/18161\/revisions\/18162"}],"wp:attachment":[{"href":"https:\/\/bihavadis.com\/index.php\/wp-json\/wp\/v2\/media?parent=18161"}],"wp:term":[{"taxonomy":"category","embeddable":true,"href":"https:\/\/bihavadis.com\/index.php\/wp-json\/wp\/v2\/categories?post=18161"},{"taxonomy":"post_tag","embeddable":true,"href":"https:\/\/bihavadis.com\/index.php\/wp-json\/wp\/v2\/tags?post=18161"}],"curies":[{"name":"wp","href":"https:\/\/api.w.org\/{rel}","templated":true}]}}