{"id":18210,"date":"2026-02-06T09:12:06","date_gmt":"2026-02-06T09:12:06","guid":{"rendered":"https:\/\/bihavadis.com\/?p=18210"},"modified":"2026-02-06T09:12:06","modified_gmt":"2026-02-06T09:12:06","slug":"snx-turkiye-dunya-kar-motosikleti-sampiyonasinin-acilis-seremonisi-rizede-gerceklestirildi","status":"publish","type":"post","link":"https:\/\/bihavadis.com\/index.php\/2026\/02\/06\/snx-turkiye-dunya-kar-motosikleti-sampiyonasinin-acilis-seremonisi-rizede-gerceklestirildi\/","title":{"rendered":"SNX T\u00fcrkiye D\u00fcnya Kar Motosikleti \u015eampiyonas\u0131&#8217;n\u0131n a\u00e7\u0131l\u0131\u015f seremonisi Rize&#8217;de ger\u00e7ekle\u015ftirildi"},"content":{"rendered":"<p>SNX T\u00fcrkiye D\u00fcnya Kar Motosikleti \u015eampiyonas\u0131&#8217;n\u0131n resmi a\u00e7\u0131l\u0131\u015f seremonisi; Rize&#8217;de ger\u00e7ekle\u015ftirildi.<\/p>\n<p>Co\u015fkulu anlara sahne olan t\u00f6ren, halk oyunlar\u0131 g\u00f6sterisiyle ba\u015flad\u0131. A\u00e7\u0131l\u0131\u015f t\u00f6renine; Gen\u00e7lik ve Spor Bakanl\u0131\u011f\u0131 Uluslararas\u0131 Organizasyonlar ve D\u0131\u015f \u0130li\u015fkiler Genel M\u00fcd\u00fcr\u00fc Ahmet Temurci, Rize Valisi \u0130hsan Selim Bayda\u015f, Rize Belediye Ba\u015fkan\u0131 Rahmi Metin, G\u00fcneysu Kaymakam\u0131 Ey\u00fcp G\u00fcrdal, G\u00fcneysu Belediye Ba\u015fkan\u0131 R\u0131fat \u00d6zer, T\u00fcrkiye Motosiklet Federasyonu Ba\u015fkan\u0131 Mehmet Sad\u0131k Vefa, TMF Asba\u015fkan\u0131 Mahmut Nedim Ak\u00fclke, TMF Y\u00f6netim Kurulu \u00fcyeleri, FIM yetkilileri ile \u00e7ok say\u0131da sporcu ve davetli kat\u0131ld\u0131.<\/p>\n<p>&#8220;Hand\u00fcz\u00fc&#8217;n\u00fc uluslararas\u0131 bir merkez haline getirmeyi hedefliyoruz&#8221;<\/p>\n<p>T\u00fcrkiye Motosiklet Federasyonu Ba\u015fkan\u0131 Mehmet Sad\u0131k Vefa, t\u00f6rende yapt\u0131\u011f\u0131 konu\u015fmada \u015fu ifadeleri kulland\u0131: &#8220;Rize Hand\u00fcz\u00fc&#8217;nde d\u00fczenleyece\u011fimiz D\u00fcnya Kar Motosikleti \u015eampiyonas\u0131&#8217;n\u0131 ilk kez burada ger\u00e7ekle\u015ftirmenin gururunu ya\u015f\u0131yoruz. Gen\u00e7lik ve Spor Bakanl\u0131\u011f\u0131m\u0131z\u0131n \u00f6nc\u00fcl\u00fc\u011f\u00fcnde, Rize Valili\u011fimiz ve t\u00fcm payda\u015flar\u0131m\u0131zla birlikte hayata ge\u00e7irdi\u011fimiz bu organizasyon; spor turizmi kapsam\u0131nda b\u00f6lgenin tan\u0131t\u0131m\u0131na, turizmine ve ekonomisine \u00f6nemli katk\u0131lar sunacakt\u0131r. Hedefimiz, bu organizasyonu geleneksel hale getirerek Hand\u00fcz\u00fc&#8217;n\u00fc uluslararas\u0131 motorsporlar\u0131 takviminde s\u00f6z sahibi bir merkez yapmakt\u0131r. Destek veren t\u00fcm kurumlara ve bug\u00fcn yan\u0131m\u0131zda olan herkese te\u015fekk\u00fcr ediyorum.&#8221;<\/p>\n<p>Rize ve Hand\u00fcz\u00fc&#8217;ne \u00f6vg\u00fc<\/p>\n<p>SNX Temsilcisi Patricia Maskarova, ilk kez Rize Hand\u00fcz\u00fc&#8217;nde bulunmaktan b\u00fcy\u00fck mutluluk duydu\u011funu belirterek; \u00c7ekya, Slovakya, Fransa, Amerika ve \u0130sve\u00e7 ba\u015fta olmak \u00fczere d\u00fcnyan\u0131n farkl\u0131 \u00fclkelerinden sporcular\u0131n \u015fampiyonada yer ald\u0131\u011f\u0131n\u0131 ifade etti. FIM Temsilcisi Hong Guogong ise zorlu bir yolculu\u011fun ard\u0131ndan Rize&#8217;de olmaktan son derece memnun olduklar\u0131n\u0131 dile getirerek, Hand\u00fcz\u00fc&#8217;n\u00fc ve Rize&#8217;yi \u00e7ok be\u011fendiklerini, bu yar\u0131\u015flar\u0131n \u00f6n\u00fcm\u00fczdeki y\u0131llarda da burada yap\u0131lmas\u0131n\u0131 temenni ettiklerini s\u00f6yledi.<\/p>\n<p>&#8220;Rize, sporla d\u00fcnyayla bulu\u015fuyor&#8221;<\/p>\n<p>Gen\u00e7lik ve Spor Bakanl\u0131\u011f\u0131 Uluslararas\u0131 Organizasyonlar ve D\u0131\u015f \u0130li\u015fkiler Genel M\u00fcd\u00fcr\u00fc Ahmet Temurci ise, &#8220;Bug\u00fcn burada Ka\u00e7karlar&#8217;\u0131n, Hand\u00fcz\u00fc&#8217;n\u00fcn sporla ve heyecanla d\u00fcnyayla bulu\u015ftu\u011fu \u00e7ok \u00f6zel bir ana tan\u0131kl\u0131k ediyoruz. Yar\u0131n ba\u015flayacak yar\u0131\u015flarda t\u00fcm sporcular\u0131m\u0131za ba\u015far\u0131lar diliyor, bu organizasyona katk\u0131 sunan ba\u015fta Say\u0131n valimiz olmak \u00fczere t\u00fcm payda\u015flara ve hem\u015fehrilerimize te\u015fekk\u00fcr ediyorum&#8221; dedi.<\/p>\n<p>&#8220;Rize 12 ay boyunca ya\u015fayan bir \u015fehir&#8221;<\/p>\n<p>Rize Belediye Ba\u015fkan\u0131 Rahmi Metin de Rize&#8217;nin y\u0131l\u0131n her d\u00f6nemine yay\u0131lan organizasyonlarla canl\u0131 bir \u015fehir haline geldi\u011fini vurgulayarak, &#8220;UTMB ko\u015fular\u0131ndan kar y\u00fcr\u00fcy\u00fc\u015flerine, Ayder \u015eenlikleri&#8217;nden \u015fimdi de Hand\u00fcz\u00fc&#8217;nde d\u00fczenlenen D\u00fcnya Kar Motosikleti \u015eampiyonas\u0131&#8217;na kadar Rize, 12 ay boyunca etkinliklerle ya\u015fayan bir \u015fehir oldu. Ka\u00e7karlar bizim i\u00e7in bir zamanlar tehdit olarak g\u00f6r\u00fclen kar\u0131, bug\u00fcn b\u00fcy\u00fck bir f\u0131rsata d\u00f6n\u00fc\u015ft\u00fcrd\u00fc. Bu organizasyonun \u015fehrimize bereket, g\u00fczellik ve uluslararas\u0131 tan\u0131t\u0131m a\u00e7\u0131s\u0131ndan \u00f6nemli katk\u0131lar sa\u011flayaca\u011f\u0131na inan\u0131yorum&#8221; diye konu\u015ftu.<\/p>\n<p>&#8220;K\u0131\u015f sporlar\u0131n\u0131n da ba\u015fkenti olarak an\u0131lmas\u0131n\u0131 istiyoruz&#8221;<\/p>\n<p>Rize Valisi \u0130hsan Selim Bayda\u015f ise konu\u015fmas\u0131nda organizasyonlar\u0131n \u015fehir tan\u0131t\u0131m\u0131 ve turizm a\u00e7\u0131s\u0131ndan \u00f6nemine dikkat \u00e7ekerek \u015funlar\u0131 s\u00f6yledi: <\/p>\n<p>&#8220;Rize&#8217;yi ye\u015filin, mavinin ve ya\u011fmurun ba\u015fkenti olarak tan\u0131mlar\u0131z. Bundan sonra beyaz\u0131n ve kar organizasyonlar\u0131n\u0131n, k\u0131\u015f sporlar\u0131n\u0131n da ba\u015fkenti olarak an\u0131lmas\u0131n\u0131 istiyoruz. D\u00fcnya Kar Motosikleti \u015eampiyonas\u0131&#8217;n\u0131n T\u00fcrkiye aya\u011f\u0131n\u0131 Rize&#8217;de ger\u00e7ekle\u015ftirmenin mutlulu\u011funu ya\u015f\u0131yoruz.&#8221;<\/p>\n<p>A\u00e7\u0131l\u0131\u015f seremonisinde D\u00fcnya Kar Motosikleti \u015eampiyonas\u0131&#8217;nda yar\u0131\u015facak sporcular tan\u0131t\u0131l\u0131rken, yap\u0131lan konu\u015fmalar\u0131n ard\u0131ndan Grup Mapavri ve solistler ge\u00e7idi sahne ald\u0131. Program, Volkan Arslan konseriyle sona erdi. &#8211; \u0130STANBUL<\/p>\n","protected":false},"excerpt":{"rendered":"<p>Rize&#8217;de ger\u00e7ekle\u015fen D\u00fcnya Kar Motosikleti \u015eampiyonas\u0131&#8217;n\u0131n a\u00e7\u0131l\u0131\u015f seremonisi, co\u015fkulu bir t\u00f6renle yap\u0131ld\u0131. Gen\u00e7lik ve Spor Bakanl\u0131\u011f\u0131 yetkilileri, \u015fampiyonan\u0131n b\u00f6lge ekonomisine katk\u0131s\u0131na vurgu yapt\u0131.<\/p>\n","protected":false},"author":1,"featured_media":18211,"comment_status":"open","ping_status":"open","sticky":false,"template":"","format":"standard","meta":{"footnotes":""},"categories":[14],"tags":[986,2012,3429,440,975],"class_list":["post-18210","post","type-post","status-publish","format-standard","has-post-thumbnail","hentry","category-spor","tag-baskani","tag-organizasyonlar","tag-rize","tag-spor","tag-uluslararasi"],"_links":{"self":[{"href":"https:\/\/bihavadis.com\/index.php\/wp-json\/wp\/v2\/posts\/18210","targetHints":{"allow":["GET"]}}],"collection":[{"href":"https:\/\/bihavadis.com\/index.php\/wp-json\/wp\/v2\/posts"}],"about":[{"href":"https:\/\/bihavadis.com\/index.php\/wp-json\/wp\/v2\/types\/post"}],"author":[{"embeddable":true,"href":"https:\/\/bihavadis.com\/index.php\/wp-json\/wp\/v2\/users\/1"}],"replies":[{"embeddable":true,"href":"https:\/\/bihavadis.com\/index.php\/wp-json\/wp\/v2\/comments?post=18210"}],"version-history":[{"count":1,"href":"https:\/\/bihavadis.com\/index.php\/wp-json\/wp\/v2\/posts\/18210\/revisions"}],"predecessor-version":[{"id":18212,"href":"https:\/\/bihavadis.com\/index.php\/wp-json\/wp\/v2\/posts\/18210\/revisions\/18212"}],"wp:featuredmedia":[{"embeddable":true,"href":"https:\/\/bihavadis.com\/index.php\/wp-json\/wp\/v2\/media\/18211"}],"wp:attachment":[{"href":"https:\/\/bihavadis.com\/index.php\/wp-json\/wp\/v2\/media?parent=18210"}],"wp:term":[{"taxonomy":"category","embeddable":true,"href":"https:\/\/bihavadis.com\/index.php\/wp-json\/wp\/v2\/categories?post=18210"},{"taxonomy":"post_tag","embeddable":true,"href":"https:\/\/bihavadis.com\/index.php\/wp-json\/wp\/v2\/tags?post=18210"}],"curies":[{"name":"wp","href":"https:\/\/api.w.org\/{rel}","templated":true}]}}