{"id":18250,"date":"2026-02-06T09:42:46","date_gmt":"2026-02-06T09:42:46","guid":{"rendered":"https:\/\/bihavadis.com\/?p=18250"},"modified":"2026-02-06T09:42:46","modified_gmt":"2026-02-06T09:42:46","slug":"dunya-turk-dili-gunu-etkinligi-saraybosnada","status":"publish","type":"post","link":"https:\/\/bihavadis.com\/index.php\/2026\/02\/06\/dunya-turk-dili-gunu-etkinligi-saraybosnada\/","title":{"rendered":"D\u00fcnya T\u00fcrk Dili G\u00fcn\u00fc Etkinli\u011fi Saraybosna&#8217;da"},"content":{"rendered":"<p>Bosna Hersek&#8217;in ba\u015fkenti Saraybosna&#8217;da, T\u00fcrkiye&#8217;nin Saraybosna B\u00fcy\u00fckel\u00e7ili\u011fi, &#8220;D\u00fcnya T\u00fcrk Dili Ailesi G\u00fcn\u00fc&#8221; \u00e7er\u00e7evesinde etkinlik d\u00fczenledi.<\/p>\n<p>T\u00fcrkiye&#8217;nin Saraybosna B\u00fcy\u00fckel\u00e7isi Emin Akseki&#8217;nin ev sahipli\u011findeki etkinli\u011fe, Azerbaycan&#8217;\u0131n Saraybosna B\u00fcy\u00fckel\u00e7isi Vilayat Guliyev&#8217;in yan\u0131 s\u0131ra Bosna Hersekli yetkililer ile T\u00fcrk kurum ve kurulu\u015flar\u0131n\u0131n temsilcileri ve \u00e7al\u0131\u015fanlar\u0131 kat\u0131ld\u0131.<\/p>\n<p>Etkinlikte konu\u015fan B\u00fcy\u00fckel\u00e7i Akseki, 3 Kas\u0131m 2025&#8217;te Semerkant&#8217;ta d\u00fczenlenen UNESCO 43. Genel Konferans\u0131&#8217;nda al\u0131nan kararla 15 Aral\u0131k tarihinin &#8220;D\u00fcnya T\u00fcrk Dili Ailesi G\u00fcn\u00fc&#8221; ilan edildi\u011fini hat\u0131rlatarak, Bosna Hersek&#8217;in de bu karara destek verdi\u011fini s\u00f6yledi.<\/p>\n<p>Akseki, T\u00fcrk dilinin tarih boyunca yaln\u0131zca T\u00fcrk halklar\u0131n\u0131 de\u011fil, T\u00fcrklerle ili\u015fki kuran toplumlar\u0131 da birbirine ba\u011flayan g\u00fc\u00e7l\u00fc bir k\u00f6pr\u00fc g\u00f6revi \u00fcstlendi\u011fini ifade etti.<\/p>\n<p>Bosna Hersek&#8217;te T\u00fcrk\u00e7eye y\u00f6nelik ilginin memnuniyet verici oldu\u011funu belirten Akseki, Saraybosna, Mostar, Zenica ve Tuzla&#8217;daki \u00fcniversitelerde T\u00fcrkoloji ile T\u00fcrk Dili ve Edebiyat\u0131 b\u00f6l\u00fcmlerinin \u00f6nemli \u00e7al\u0131\u015fmalar y\u00fcr\u00fctt\u00fc\u011f\u00fcn\u00fc aktard\u0131.<\/p>\n<p>Akseki, Bosna Hersek&#8217;te Yunus Emre Enstit\u00fcs\u00fc taraf\u0131ndan d\u00fczenlenen T\u00fcrk\u00e7e kurslar\u0131na bug\u00fcne kadar yakla\u015f\u0131k 20 bin ki\u015finin kat\u0131ld\u0131\u011f\u0131n\u0131, &#8220;Tercihim T\u00fcrk\u00e7e&#8221; program\u0131 sayesinde de 25 bin Bosna Hersekli \u00f6\u011frencinin T\u00fcrk\u00e7eyi ikinci yabanc\u0131 dil olarak \u00f6\u011frenmesine katk\u0131 sa\u011fland\u0131\u011f\u0131n\u0131 dile getirdi.<\/p>\n<p>T\u00fcrk\u00e7enin dost ve karde\u015f Bosna Hersek&#8217;te daha geni\u015f kitlelere ula\u015ft\u0131r\u0131lmas\u0131 i\u00e7in \u00e7al\u0131\u015fmalar\u0131n kararl\u0131l\u0131kla s\u00fcrd\u00fcr\u00fclece\u011fini vurgulayan Akseki, bu alanda g\u00f6rev yapan akademisyenlere, \u00f6\u011fretmenlere ve ilgili kurumlara te\u015fekk\u00fcr etti.<\/p>\n<p>Azerbaycan&#8217;\u0131n Saraybosna B\u00fcy\u00fckel\u00e7isi Guliyev de, T\u00fcrk devletleri aras\u0131nda ortak bir alfabe i\u00e7in \u00e7al\u0131\u015fma yap\u0131ld\u0131\u011f\u0131n\u0131 ifade etti.<\/p>\n<p>Dilin, kendileri i\u00e7in en b\u00fcy\u00fck servet oldu\u011funu aktaran Guliyev, T\u00fcrk devletleri aras\u0131nda T\u00fcrk\u00e7enin ortak bir dil haline gelmesini istediklerini s\u00f6yledi.<\/p>\n<p>Etkinli\u011fin sonunda, T\u00fcrk\u00e7e ve Bo\u015fnak\u00e7a \u015fark\u0131lar e\u015fli\u011finde konuklara ikramda bulunuldu.<\/p>\n","protected":false},"excerpt":{"rendered":"<p>Saraybosna&#8217;da T\u00fcrkiye B\u00fcy\u00fckel\u00e7ili\u011fi, D\u00fcnya T\u00fcrk Dili Ailesi G\u00fcn\u00fc&#8217;n\u00fc etkinlikle kutlad\u0131.<\/p>\n","protected":false},"author":1,"featured_media":18251,"comment_status":"open","ping_status":"open","sticky":false,"template":"","format":"standard","meta":{"footnotes":""},"categories":[6],"tags":[2277,3430,3329,3431,517],"class_list":["post-18250","post","type-post","status-publish","format-standard","has-post-thumbnail","hentry","category-dunya","tag-akseki","tag-bosna","tag-buyukelci","tag-saraybosna","tag-turk"],"_links":{"self":[{"href":"https:\/\/bihavadis.com\/index.php\/wp-json\/wp\/v2\/posts\/18250","targetHints":{"allow":["GET"]}}],"collection":[{"href":"https:\/\/bihavadis.com\/index.php\/wp-json\/wp\/v2\/posts"}],"about":[{"href":"https:\/\/bihavadis.com\/index.php\/wp-json\/wp\/v2\/types\/post"}],"author":[{"embeddable":true,"href":"https:\/\/bihavadis.com\/index.php\/wp-json\/wp\/v2\/users\/1"}],"replies":[{"embeddable":true,"href":"https:\/\/bihavadis.com\/index.php\/wp-json\/wp\/v2\/comments?post=18250"}],"version-history":[{"count":1,"href":"https:\/\/bihavadis.com\/index.php\/wp-json\/wp\/v2\/posts\/18250\/revisions"}],"predecessor-version":[{"id":18252,"href":"https:\/\/bihavadis.com\/index.php\/wp-json\/wp\/v2\/posts\/18250\/revisions\/18252"}],"wp:featuredmedia":[{"embeddable":true,"href":"https:\/\/bihavadis.com\/index.php\/wp-json\/wp\/v2\/media\/18251"}],"wp:attachment":[{"href":"https:\/\/bihavadis.com\/index.php\/wp-json\/wp\/v2\/media?parent=18250"}],"wp:term":[{"taxonomy":"category","embeddable":true,"href":"https:\/\/bihavadis.com\/index.php\/wp-json\/wp\/v2\/categories?post=18250"},{"taxonomy":"post_tag","embeddable":true,"href":"https:\/\/bihavadis.com\/index.php\/wp-json\/wp\/v2\/tags?post=18250"}],"curies":[{"name":"wp","href":"https:\/\/api.w.org\/{rel}","templated":true}]}}