{"id":18279,"date":"2026-02-06T10:12:39","date_gmt":"2026-02-06T10:12:39","guid":{"rendered":"https:\/\/bihavadis.com\/?p=18279"},"modified":"2026-02-06T10:12:39","modified_gmt":"2026-02-06T10:12:39","slug":"trendyol-super-ligde-tasli-saldiri","status":"publish","type":"post","link":"https:\/\/bihavadis.com\/index.php\/2026\/02\/06\/trendyol-super-ligde-tasli-saldiri\/","title":{"rendered":"Trendyol S\u00fcper Lig&#8217;de Ta\u015fl\u0131 Sald\u0131r\u0131"},"content":{"rendered":"<p> Trendyol S\u00fcper Lig&#8217;in 20. haftas\u0131nda bu ak\u015fam deplasmanda Hesap.com Antalyaspor ile kar\u015f\u0131la\u015facak Trabzonspor&#8217;un tak\u0131m otob\u00fcs\u00fcne ta\u015fl\u0131 sald\u0131r\u0131 yap\u0131ld\u0131\u011f\u0131 bildirildi.<\/p>\n<p>Bordo-mavili kul\u00fcpten yap\u0131lan a\u00e7\u0131klamaya g\u00f6re, ma\u00e7\u0131n oynanaca\u011f\u0131 Corendon Airlines Park Antalya Stad\u0131&#8217;na hareket eden kafileyi ta\u015f\u0131yan tak\u0131m otob\u00fcs\u00fcne kimli\u011fi belirsiz ki\u015filerce ta\u015fl\u0131 sald\u0131r\u0131 ger\u00e7ekle\u015fti.<\/p>\n<p>A\u00e7\u0131klamada, sald\u0131r\u0131n\u0131n k\u0131nand\u0131\u011f\u0131 ifade edilerek, \u015funlar kaydedildi: <\/p>\n<p>&#8220;Ge\u00e7ti\u011fimiz g\u00fcnlerde Kocaelispor deplasman\u0131n\u0131n d\u00f6n\u00fc\u015f yolunda ba\u015fkan\u0131m\u0131z Ertu\u011frul Do\u011fan&#8217;\u0131n arac\u0131na y\u00f6nelik ger\u00e7ekle\u015ftirilen eylemin ard\u0131ndan bu kez de Hesap.com Antalyaspor kar\u015f\u0131la\u015fmas\u0131 i\u00e7in stadyuma hareket eden tak\u0131m otob\u00fcs\u00fcm\u00fcze ta\u015fl\u0131 sald\u0131r\u0131 ger\u00e7ekle\u015fmi\u015ftir. Arka arkaya ya\u015fanan bu menfur olaylar kabul edilemez bir noktaya ula\u015fm\u0131\u015ft\u0131r. Kul\u00fcb\u00fcm\u00fcze y\u00f6nelik ger\u00e7ekle\u015ftirilen bu a\u015fa\u011f\u0131l\u0131k sald\u0131r\u0131lar\u0131 en g\u00fc\u00e7l\u00fc \u015fekilde k\u0131n\u0131yor faillerin bir an \u00f6nce tespit edilerek gerekli cezalar\u0131 almalar\u0131n\u0131 bekliyoruz.&#8221;<\/p>\n","protected":false},"excerpt":{"rendered":"<p>Trabzonspor&#8217;un otob\u00fcs\u00fcne, Antalyaspor ma\u00e7\u0131 \u00f6ncesi ta\u015fl\u0131 sald\u0131r\u0131 ger\u00e7ekle\u015ftirildi.<\/p>\n","protected":false},"author":1,"featured_media":18280,"comment_status":"open","ping_status":"open","sticky":false,"template":"","format":"standard","meta":{"footnotes":""},"categories":[14],"tags":[794],"class_list":["post-18279","post","type-post","status-publish","format-standard","has-post-thumbnail","hentry","category-spor","tag-saldiri"],"_links":{"self":[{"href":"https:\/\/bihavadis.com\/index.php\/wp-json\/wp\/v2\/posts\/18279","targetHints":{"allow":["GET"]}}],"collection":[{"href":"https:\/\/bihavadis.com\/index.php\/wp-json\/wp\/v2\/posts"}],"about":[{"href":"https:\/\/bihavadis.com\/index.php\/wp-json\/wp\/v2\/types\/post"}],"author":[{"embeddable":true,"href":"https:\/\/bihavadis.com\/index.php\/wp-json\/wp\/v2\/users\/1"}],"replies":[{"embeddable":true,"href":"https:\/\/bihavadis.com\/index.php\/wp-json\/wp\/v2\/comments?post=18279"}],"version-history":[{"count":1,"href":"https:\/\/bihavadis.com\/index.php\/wp-json\/wp\/v2\/posts\/18279\/revisions"}],"predecessor-version":[{"id":18281,"href":"https:\/\/bihavadis.com\/index.php\/wp-json\/wp\/v2\/posts\/18279\/revisions\/18281"}],"wp:featuredmedia":[{"embeddable":true,"href":"https:\/\/bihavadis.com\/index.php\/wp-json\/wp\/v2\/media\/18280"}],"wp:attachment":[{"href":"https:\/\/bihavadis.com\/index.php\/wp-json\/wp\/v2\/media?parent=18279"}],"wp:term":[{"taxonomy":"category","embeddable":true,"href":"https:\/\/bihavadis.com\/index.php\/wp-json\/wp\/v2\/categories?post=18279"},{"taxonomy":"post_tag","embeddable":true,"href":"https:\/\/bihavadis.com\/index.php\/wp-json\/wp\/v2\/tags?post=18279"}],"curies":[{"name":"wp","href":"https:\/\/api.w.org\/{rel}","templated":true}]}}