{"id":18372,"date":"2026-02-06T11:24:08","date_gmt":"2026-02-06T11:24:08","guid":{"rendered":"https:\/\/bihavadis.com\/?p=18372"},"modified":"2026-02-06T11:24:08","modified_gmt":"2026-02-06T11:24:08","slug":"trabzonspor-oleksandr-zubkovun-son-durumunu-acikladi","status":"publish","type":"post","link":"https:\/\/bihavadis.com\/index.php\/2026\/02\/06\/trabzonspor-oleksandr-zubkovun-son-durumunu-acikladi\/","title":{"rendered":"Trabzonspor, Oleksandr Zubkov\u2019un son durumunu a\u00e7\u0131klad\u0131"},"content":{"rendered":"<p>S\u00fcper Lig&#8217;in 20. hafta m\u00fccadelesinde Trabzonspor, deplasmanda Antalyaspor ile 1-1 berabere kalm\u0131\u015ft\u0131.<\/p>\n<p>Bu ma\u00e7\u0131n ikinci yar\u0131s\u0131nda ise konuk tak\u0131m bordo-mavililere k\u00f6t\u00fc bir haber gelmi\u015fti.<\/p>\n<p>Karadeniz ekibinin Ukraynal\u0131 h\u00fccum oyuncusu Oleksandr Zubkov, sakatl\u0131k ge\u00e7irerek yerini 69. dakikada Umut Nayir&#8217;e b\u0131rakm\u0131\u015ft\u0131.<\/p>\n<p><img decoding=\"async\" src=\"https:\/\/bihavadis.com\/wp-content\/uploads\/2026\/02\/trabzonspor-oleksandr-zubkovun-son-durumunu-acikladi-0-LQcZjL4W.jpg\"\/><\/p>\n<p><strong>&#8220;TEDAV\u0130S\u0130NE SA\u011eLIK EK\u0130B\u0130M\u0130ZCE BA\u015eLANMI\u015eTIR&#8221;<\/strong><\/p>\n<p>Trabzonspor Sa\u011fl\u0131k Kurulu Ba\u015fkan\u0131 Prof. Dr. Ahmet Be\u015fir, futbolcu Oleksandr Zubkov\u2019un sa\u011fl\u0131k durumuyla ilgili a\u00e7\u0131klamada bulundu.<\/p>\n<p>Be\u015fir, <em><b>&#8220;S\u00fcper Lig Mehmet Ali Y\u0131lmaz Sezonu\u2019nun 20. haftas\u0131nda oynad\u0131\u011f\u0131m\u0131z Antalyaspor ma\u00e7\u0131nda, sol alt bald\u0131r kas grubunda a\u011fr\u0131 hissetmesi \u00fczerine oyundan \u00e7\u0131kan oyuncumuz Oleksandr Zubkov\u2019un yap\u0131lan muayene ve MR g\u00f6r\u00fcnt\u00fclemesi sonucunda alt arka adale d\u0131\u015f k\u0131sm\u0131nda kas yaralanmas\u0131 ve \u00f6dem tespit edilmi\u015ftir. Oyuncumuzun tedavisine sa\u011fl\u0131k ekibimizce ba\u015flanm\u0131\u015ft\u0131r.&#8221; <\/b><\/em>dedi.<\/p>\n<p><strong>FENERBAH\u00c7E MA\u00c7INA YET\u0130\u015eECEK M\u0130?<\/strong><\/p>\n<p>Zubkov, sakatl\u0131\u011f\u0131 nedeniyle kupadaki Fethiyespor ve ligdeki Samsunspor ma\u00e7lar\u0131n\u0131 ka\u00e7\u0131racak.<\/p>\n<p>29 ya\u015f\u0131ndaki futbolcunun 14 \u015eubat&#8217;ta Fenerbah\u00e7e&#8217;ye kar\u015f\u0131 oynanacak ma\u00e7a yeti\u015fip yeti\u015fmeyece\u011fi tedaviye verece\u011fi tepkiye g\u00f6re netlik kazanacak.<\/p>\n<p><strong>TRABZONSPOR FORMASINI 43 KEZ G\u0130YD\u0130<\/strong><\/p>\n<p>Ge\u00e7ti\u011fimiz sezonun devre aras\u0131nda kadroya kat\u0131lan 29 ya\u015f\u0131ndaki isim, Trabzonspor&#8217;da 43 resmi ma\u00e7a \u00e7\u0131kt\u0131.<\/p>\n<p>7.5 milyon euro piyasa de\u011feri bulunan Zubkov, bu kar\u015f\u0131la\u015fmalarda 11 gol ve 12 asistle m\u00fccadele etti.<\/p>\n<p><img decoding=\"async\" src=\"https:\/\/bihavadis.com\/wp-content\/uploads\/2026\/02\/trabzonspor-oleksandr-zubkovun-son-durumunu-acikladi-1-lP7ExBn5.jpg\"\/><\/p>\n","protected":false},"excerpt":{"rendered":"<p>Trabzonspor, Antalyaspor ma\u00e7\u0131nda a\u011fr\u0131 hissetmesi \u00fczerine oyundan \u00e7\u0131kan Ukraynal\u0131 oyuncu Oleksandr Zubkov\u2019da alt arka adale d\u0131\u015f k\u0131sm\u0131nda kas yaralanmas\u0131 ve \u00f6dem tespit edildi\u011fini a\u00e7\u0131klad\u0131.<\/p>\n","protected":false},"author":1,"featured_media":18373,"comment_status":"open","ping_status":"open","sticky":false,"template":"","format":"standard","meta":{"footnotes":""},"categories":[14],"tags":[],"class_list":["post-18372","post","type-post","status-publish","format-standard","has-post-thumbnail","hentry","category-spor"],"_links":{"self":[{"href":"https:\/\/bihavadis.com\/index.php\/wp-json\/wp\/v2\/posts\/18372","targetHints":{"allow":["GET"]}}],"collection":[{"href":"https:\/\/bihavadis.com\/index.php\/wp-json\/wp\/v2\/posts"}],"about":[{"href":"https:\/\/bihavadis.com\/index.php\/wp-json\/wp\/v2\/types\/post"}],"author":[{"embeddable":true,"href":"https:\/\/bihavadis.com\/index.php\/wp-json\/wp\/v2\/users\/1"}],"replies":[{"embeddable":true,"href":"https:\/\/bihavadis.com\/index.php\/wp-json\/wp\/v2\/comments?post=18372"}],"version-history":[{"count":1,"href":"https:\/\/bihavadis.com\/index.php\/wp-json\/wp\/v2\/posts\/18372\/revisions"}],"predecessor-version":[{"id":18376,"href":"https:\/\/bihavadis.com\/index.php\/wp-json\/wp\/v2\/posts\/18372\/revisions\/18376"}],"wp:featuredmedia":[{"embeddable":true,"href":"https:\/\/bihavadis.com\/index.php\/wp-json\/wp\/v2\/media\/18373"}],"wp:attachment":[{"href":"https:\/\/bihavadis.com\/index.php\/wp-json\/wp\/v2\/media?parent=18372"}],"wp:term":[{"taxonomy":"category","embeddable":true,"href":"https:\/\/bihavadis.com\/index.php\/wp-json\/wp\/v2\/categories?post=18372"},{"taxonomy":"post_tag","embeddable":true,"href":"https:\/\/bihavadis.com\/index.php\/wp-json\/wp\/v2\/tags?post=18372"}],"curies":[{"name":"wp","href":"https:\/\/api.w.org\/{rel}","templated":true}]}}