{"id":18406,"date":"2026-02-06T12:09:07","date_gmt":"2026-02-06T12:09:07","guid":{"rendered":"https:\/\/bihavadis.com\/?p=18406"},"modified":"2026-02-06T12:09:07","modified_gmt":"2026-02-06T12:09:07","slug":"gokhan-degirmenciden-milan-skriniar-sozleri","status":"publish","type":"post","link":"https:\/\/bihavadis.com\/index.php\/2026\/02\/06\/gokhan-degirmenciden-milan-skriniar-sozleri\/","title":{"rendered":"G\u00f6khan De\u011firmenci&#8217;den Milan Skriniar s\u00f6zleri"},"content":{"rendered":"<p>Kocaelispor, T\u00fcrkiye Kupas\u0131 C Grubu \u00fc\u00e7\u00fcnc\u00fc ma\u00e7\u0131nda 5 \u015eubat Per\u015fembe saat 18.00&#8217;de Kocaeli Stadyumu&#8217;nda Be\u015fikta\u015f ile kar\u015f\u0131la\u015facak.<\/p>\n<p>K\u00f6rfez ekibinde m\u00fccadelenin haz\u0131rl\u0131klar\u0131 bug\u00fcnk\u00fc antrenmanla ba\u015flad\u0131.<\/p>\n<p>K\u00f6rfez Brunga Tesisleri&#8217;nde \u00e7al\u0131\u015fan ye\u015fil-siyahl\u0131larda d\u00fcnk\u00fc Fenerbah\u00e7e m\u00fcsabakas\u0131nda uzun s\u00fcre sahada kalan futbolcular yenileme yaparken, az s\u00fcre alan ve forma \u015fans\u0131 bulamayan futbolcular ise \u0131s\u0131nman\u0131n ard\u0131ndan dar alanda \u00e7ift kale ma\u00e7 oynad\u0131.<\/p>\n<p>Tedavisi s\u00fcren kaleci Aleksandar Jovanovic ise antrenmana kat\u0131lmad\u0131.<\/p>\n<p><strong>&#8220;BE\u015e\u0130KTA\u015e MA\u00c7INI KAZANIP YOLUMUZA KUPADA DA DEVAM ETMEK \u0130ST\u0130YORUZ&#8221;<\/strong><\/p>\n<p>Antrenman \u00f6ncesinde tak\u0131m\u0131n deneyimli eldivenlerinden G\u00f6khan De\u011firmenci, bas\u0131n mensuplar\u0131n\u0131n sorular\u0131n\u0131 yan\u0131tlad\u0131.<\/p>\n<p>De\u011firmenci, <em><b>&#8220;Fenerbah\u00e7e ma\u00e7\u0131na hafta i\u00e7inde \u00e7ok iyi haz\u0131rlanm\u0131\u015ft\u0131k. Fenerbah\u00e7e de UEFA ma\u00e7\u0131n\u0131n yorgunlu\u011fuyla gelecekti. Fenerbah\u00e7e&#8217;nin zaaflar\u0131na ve yapt\u0131\u011f\u0131 \u015feylere \u00e7ok iyi haz\u0131rlanm\u0131\u015ft\u0131k. Bunun kar\u015f\u0131l\u0131\u011f\u0131nda saha i\u00e7inde oyuncu arkada\u015flar\u0131m\u0131z gere\u011fini de yapt\u0131. \u00c7ok iyi m\u00fccadele oldu. \u0130yi de pozisyonlara girdik. Kendimiz de\u011ferlendiremedik maalesef. Sonucunda i\u00e7erde hi\u00e7 hak etmedi\u011fimiz ma\u011flubiyet oldu. \u0130n\u015fallah bundan sonraki haftalarda bunu tersine \u00e7evirece\u011fiz&#8221; dedi. Kupada oynayacaklar\u0131 Be\u015fikta\u015f ma\u00e7\u0131na dair ise kaptan kaleci, &#8220;Kul\u00fcb\u00fcm\u00fcz\u00fcn, hocam\u0131z\u0131n ve bizlerin d\u00fc\u015f\u00fcncesi kupada iddial\u0131 olmak. Fenerbah\u00e7e ma\u011flubiyetinin ard\u0131ndan da 3 g\u00fcn sonra Be\u015fikta\u015f ile i\u00e7erde oynayacak olmam\u0131z ve iddial\u0131 olmak istedi\u011fimiz kulvarda oynamam\u0131z asl\u0131nda bizim i\u00e7in avantaj. \u0130\u00e7erde \u00e7ok g\u00fczel bir ma\u00e7 olaca\u011f\u0131n\u0131 d\u00fc\u015f\u00fcn\u00fcyorum. Bizde bir an \u00f6nce bunu ma\u00e7\u0131 unutup kupada iddial\u0131 oldu\u011fumuzu herkese tekrar g\u00f6stermek istiyoruz. \u0130\u00e7erde Be\u015fikta\u015f ma\u00e7\u0131n\u0131 kazan\u0131p yolumuza kupada da devam etmek istiyoruz, son ma\u00e7\u0131 da oynay\u0131p.&#8221;<\/b><\/em> \u015feklinde konu\u015ftu.<\/p>\n<p><img decoding=\"async\" src=\"https:\/\/bihavadis.com\/wp-content\/uploads\/2026\/02\/gokhan-degirmenciden-milan-skriniar-sozleri-0-h549ULFc.jpg\"\/><\/p>\n<p><strong>&#8220;ALLAH K\u0130MSEYE SAKATLIK VERMES\u0130N&#8221;<\/strong><\/p>\n<p>Mevkida\u015f\u0131 Aleksandar Jovanovic&#8217;in sakatl\u0131\u011f\u0131 sonras\u0131 tedavi i\u00e7in \u00fclkesine gitmesi ve kendi performans\u0131yla ilgili olarak G\u00f6khan De\u011firmenci, <em><b>&#8220;Jova&#8217;ya tekrar ge\u00e7mi\u015f olsun demek istiyorum. Sakatl\u0131k, hastal\u0131k, ceza futbolda olabiliyor. Biz de arkas\u0131nda durduk bug\u00fcne kadar ve bu tarz olumsuzluklara kar\u015f\u0131n kendimizi haz\u0131r tuttuk. Kendi \u00e7al\u0131\u015fmalar\u0131m\u0131 g\u00fczel bir \u015fekilde s\u00fcrd\u00fcrd\u00fcm. Her hafta oynayacakm\u0131\u015f gibi haz\u0131rland\u0131m. Neticesinde maalesef b\u00f6yle bir \u015fey oldu, Allah kimseye sakatl\u0131k vermesin. Bize de \u015fans geldi. Biz de o \u015fans\u0131 kul\u00fcb\u00fcm\u00fcze lay\u0131k olaca\u011f\u0131 \u015fekilde kullanmaya \u00e7al\u0131\u015faca\u011f\u0131z.&#8221;<\/b><\/em> de\u011ferlendirmesinde bulundu.<\/p>\n<p><strong>&#8220;OLMAMASI GEREKEN HAREKETT\u0130&#8221;<\/strong><\/p>\n<p>Milan Skriniar&#8217;\u0131n trib\u00fcnlere kar\u015f\u0131 yapt\u0131\u011f\u0131 hareketi de\u011ferlendiren De\u011firmenci, <em><b>&#8220;Alk\u0131\u015f olay\u0131n\u0131 g\u00f6rd\u00fcm ve hakeme tahrik etti\u011fini s\u00f6yledim. Maalesef ma\u00e7tan sonra videolarda \u00e7ok daha vahimini g\u00f6rd\u00fck. Ger\u00e7ekten olmamas\u0131 gereken bir \u015fey. Herkese \u00e7olu\u011funuzla \u00e7ocu\u011funuzla ma\u00e7a gelin diyoruz. Herkesin ailesi var. Bu tarz hareketi ne kendisine yak\u0131\u015ft\u0131rd\u0131m, ne de camias\u0131na. Olmamas\u0131 gereken hareketti ve bunun sahada kar\u015f\u0131l\u0131\u011f\u0131 da olmad\u0131. Bu tarz hareketler arkas\u0131nda durulacak hareketler de de\u011fil. Camialar oyuncular\u0131n arkas\u0131nda durur ama eminim ki Fenerbah\u00e7e camias\u0131 da yapt\u0131\u011f\u0131n\u0131n yanl\u0131\u015f oldu\u011funu dile getirmi\u015ftir. Biz M\u00fcsl\u00fcman bir \u00fclkeyiz ki d\u00fcnyan\u0131n hi\u00e7bir yerinde yap\u0131lmamas\u0131 gereken hareketti.&#8221;<\/b><\/em> c\u00fcmlelerine yer verdi.<\/p>\n<p><img decoding=\"async\" src=\"https:\/\/bihavadis.com\/wp-content\/uploads\/2026\/02\/gokhan-degirmenciden-milan-skriniar-sozleri-1-I8f5PwO3.jpg\"\/><\/p>\n<p>(G\u00f6r\u00fcnt\u00fcler BeIN Sports&#8217;tan al\u0131nm\u0131\u015ft\u0131r.)<\/p>\n","protected":false},"excerpt":{"rendered":"<p>Kocaelispor&#8217;un tecr\u00fcbeli file bek\u00e7isi G\u00f6khan De\u011firmenci, Fenerbah\u00e7eli futbolcu Milan Skriniar&#8217;\u0131n trib\u00fcnlere yapt\u0131\u011f\u0131 hareketle ilgili konu\u015ftu.<\/p>\n","protected":false},"author":1,"featured_media":18407,"comment_status":"open","ping_status":"open","sticky":false,"template":"","format":"standard","meta":{"footnotes":""},"categories":[14],"tags":[651,1858,1113,3444,364],"class_list":["post-18406","post","type-post","status-publish","format-standard","has-post-thumbnail","hentry","category-spor","tag-besiktas","tag-fenerbahce","tag-hazir","tag-kupada","tag-mac"],"_links":{"self":[{"href":"https:\/\/bihavadis.com\/index.php\/wp-json\/wp\/v2\/posts\/18406","targetHints":{"allow":["GET"]}}],"collection":[{"href":"https:\/\/bihavadis.com\/index.php\/wp-json\/wp\/v2\/posts"}],"about":[{"href":"https:\/\/bihavadis.com\/index.php\/wp-json\/wp\/v2\/types\/post"}],"author":[{"embeddable":true,"href":"https:\/\/bihavadis.com\/index.php\/wp-json\/wp\/v2\/users\/1"}],"replies":[{"embeddable":true,"href":"https:\/\/bihavadis.com\/index.php\/wp-json\/wp\/v2\/comments?post=18406"}],"version-history":[{"count":1,"href":"https:\/\/bihavadis.com\/index.php\/wp-json\/wp\/v2\/posts\/18406\/revisions"}],"predecessor-version":[{"id":18410,"href":"https:\/\/bihavadis.com\/index.php\/wp-json\/wp\/v2\/posts\/18406\/revisions\/18410"}],"wp:featuredmedia":[{"embeddable":true,"href":"https:\/\/bihavadis.com\/index.php\/wp-json\/wp\/v2\/media\/18407"}],"wp:attachment":[{"href":"https:\/\/bihavadis.com\/index.php\/wp-json\/wp\/v2\/media?parent=18406"}],"wp:term":[{"taxonomy":"category","embeddable":true,"href":"https:\/\/bihavadis.com\/index.php\/wp-json\/wp\/v2\/categories?post=18406"},{"taxonomy":"post_tag","embeddable":true,"href":"https:\/\/bihavadis.com\/index.php\/wp-json\/wp\/v2\/tags?post=18406"}],"curies":[{"name":"wp","href":"https:\/\/api.w.org\/{rel}","templated":true}]}}