{"id":18573,"date":"2026-02-06T14:24:09","date_gmt":"2026-02-06T14:24:09","guid":{"rendered":"https:\/\/bihavadis.com\/?p=18573"},"modified":"2026-02-06T14:24:09","modified_gmt":"2026-02-06T14:24:09","slug":"iranda-vekiller-parlamentoda-abd-bayragi-yakti","status":"publish","type":"post","link":"https:\/\/bihavadis.com\/index.php\/2026\/02\/06\/iranda-vekiller-parlamentoda-abd-bayragi-yakti\/","title":{"rendered":"\u0130ran&#8217;da vekiller parlamentoda ABD bayra\u011f\u0131 yakt\u0131"},"content":{"rendered":"<p>ABD-\u0130ran gerilimi s\u00fcr\u00fcyor.<\/p>\n<p>\u0130ran ile ABD aras\u0131nda olas\u0131 bir sava\u015f senaryosu tart\u0131\u015f\u0131l\u0131rken\u00a0 \u0130ran\u2019daki patlamalar ve Washington\u2019dan gelen mesajlar, b\u00f6lgedeki tansiyonu daha da y\u00fckseltti.<span>\u00a0<\/span><\/p>\n<p>\u0130ki \u00fclke aras\u0131nda ba\u015flayan gerilimde kar\u015f\u0131l\u0131kl\u0131 a\u00e7\u0131klamalar gelmeye devam ederken, m\u00fczakerelerden hen\u00fcz bir sonu\u00e7 al\u0131namad\u0131.\u00a0<\/p>\n<p><strong>BARI\u015e MASASI \u0130STANBUL&#8217;DA KURULUYOR<\/strong><\/p>\n<p>\u00d6te yandan \u0130ran Cumhurba\u015fkan\u0131 Peze\u015fkiyan, ABD ile m\u00fczakerelerin ba\u015flat\u0131lmas\u0131 talimat\u0131n\u0131 verdi\u011fini bildirdi.<\/p>\n<p>ABD medyas\u0131nda yer alan habere g\u00f6re, Trump&#8217;\u0131n \u00f6zel temsilcisi Witkoff ile \u0130ran D\u0131\u015fi\u015fleri Bakan\u0131 Arak\u00e7i, cuma g\u00fcn\u00fc T\u00fcrkiye&#8217;de bir araya gelecek.<\/p>\n<p><img decoding=\"async\" src=\"https:\/\/bihavadis.com\/wp-content\/uploads\/2026\/02\/iranda-vekiller-parlamentoda-abd-bayragi-yakti-0-pZWf9b8a.jpg\"\/><\/p>\n<p><strong>TANS\u0130YONU ARTIRACAK GEL\u0130\u015eME<\/strong><\/p>\n<p>S\u00fcre\u00e7 bu \u015fekilde devam ederken, \u0130ran taraf\u0131ndan olaylardaki tansiyonu art\u0131racak giri\u015fimlerde gelmeye devam ediyor.<\/p>\n<p><strong>VEK\u0130LLER ABD BAYRA\u011eI YAKTI<\/strong><\/p>\n<p>\u0130ran Parlamentosu&#8217;nda milletvekilleri, &#8216;Amerika&#8217;ya \u00f6l\u00fcm&#8217; sloganlar\u0131 ile ABD bayra\u011f\u0131 yakt\u0131.<\/p>\n<p><strong>\u00d6FKEL\u0130 OLDUKLARI G\u00d6R\u00dcLD\u00dc<\/strong><\/p>\n<p>O anlar kameraya yans\u0131rken, bayrak yakan vekillerin \u00f6fkeli ba\u011f\u0131r\u0131\u015flar\u0131 salonda yank\u0131land\u0131.<\/p>\n<p><img decoding=\"async\" src=\"https:\/\/bihavadis.com\/wp-content\/uploads\/2026\/02\/iranda-vekiller-parlamentoda-abd-bayragi-yakti-1-L6ccCbuf.jpg\"\/><\/p>\n<p><strong>TRUMP&#8217;IN \u0130RAN&#8217;A Y\u00d6NEL\u0130K TEHD\u0130TLER\u0130<\/strong><\/p>\n<p>ABD Ba\u015fkan\u0131 Donald Trump, 28 Ocak&#8217;ta sosyal medya hesab\u0131ndan yapt\u0131\u011f\u0131 a\u00e7\u0131klamada, \u0130ran&#8217;a do\u011fru devasa <em><b>&#8220;Armada&#8221;<\/b><\/em>n\u0131n (ABD donanmas\u0131na ait b\u00fcy\u00fck deniz g\u00fcc\u00fc) ilerledi\u011fini belirterek, Tahran y\u00f6netimine anla\u015fma \u00e7a\u011fr\u0131s\u0131nda bulunmu\u015f, aksi halde <em><b>&#8220;daha k\u00f6t\u00fc bir sald\u0131r\u0131&#8221;<\/b><\/em> d\u00fczenlenece\u011fini kaydetmi\u015fti.<\/p>\n<p>Trump, bu Armada&#8217;n\u0131n<em><b> &#8220;USS Abraham Lincoln&#8221; <\/b><\/em>u\u00e7ak gemisi \u00f6nc\u00fcl\u00fc\u011f\u00fcnde ve Venezuela&#8217;ya g\u00f6nderilenden daha b\u00fcy\u00fck bir filo oldu\u011funa i\u015faret ederek,<em><b> &#8220;(Filo) Venezuela&#8217;daki gibi, gerekirse h\u0131zla ve \u015fiddetle g\u00f6revini yerine getirmeye haz\u0131r, istekli ve kabiliyetli.&#8221;<\/b><\/em> ifadesini kullanm\u0131\u015ft\u0131.<\/p>\n<p>ABD Merkez Komutanl\u0131\u011f\u0131 (CENTCOM) da 26 Ocak&#8217;ta<em><b> &#8220;USS Abraham Lincoln&#8221; <\/b><\/em>u\u00e7ak gemisi taarruz grubunun <em><b>&#8220;b\u00f6lgesel g\u00fcvenlik ve istikrar\u0131 desteklemek&#8221;<\/b><\/em> amac\u0131yla Orta Do\u011fu&#8217;ya konu\u015fland\u0131r\u0131ld\u0131\u011f\u0131n\u0131 duyurmu\u015ftu.<\/p>\n<p><img decoding=\"async\" src=\"https:\/\/bihavadis.com\/wp-content\/uploads\/2026\/02\/iranda-vekiller-parlamentoda-abd-bayragi-yakti-2-cqbisLWi.jpg\"\/><\/p>\n<p><strong>ORTA DO\u011eU&#8217;DAK\u0130 ABD ASKER\u0130 SAYISI YAKLA\u015eIK 50 B\u0130NE Y\u00dcKSELD\u0130<\/strong><\/p>\n<p>Son olarak ABD Donanmas\u0131&#8217;na ait f\u00fcze destroyeri USS Delbert D. Black, bug\u00fcn \u0130srail&#8217;in g\u00fcneyinde K\u0131z\u0131ldeniz k\u0131y\u0131lar\u0131nda yer alan Eilat Liman\u0131&#8217;na demirlemi\u015fti.<\/p>\n<p>S\u00f6z konusu hamle ile birlikte ABD, b\u00f6lgeye yakla\u015f\u0131k 5 bin 700 asker daha sevk ederek Orta Do\u011fu&#8217;daki asker say\u0131s\u0131n\u0131 yakla\u015f\u0131k 50 bine \u00e7\u0131karm\u0131\u015ft\u0131.<\/p>\n<p><img decoding=\"async\" src=\"https:\/\/bihavadis.com\/wp-content\/uploads\/2026\/02\/iranda-vekiller-parlamentoda-abd-bayragi-yakti-3-dWpMDMrr.jpg\"\/><\/p>\n","protected":false},"excerpt":{"rendered":"<p>ABD&#8217;nin \u0130ran&#8217;a olas\u0131 askeri m\u00fcdahalesine ili\u015fkin tart\u0131\u015fmalar s\u00fcrerken \u0130ran Parlamentosu&#8217;nda milletvekilleri, &#8216;Amerika&#8217;ya \u00f6l\u00fcm&#8217; sloganlar\u0131 ile ABD bayra\u011f\u0131 yakt\u0131. O anlarda bayrak yakan vekillerin \u00f6fkeli ba\u011f\u0131r\u0131\u015flar\u0131 salonda yank\u0131land\u0131.<\/p>\n","protected":false},"author":1,"featured_media":18574,"comment_status":"open","ping_status":"open","sticky":false,"template":"","format":"standard","meta":{"footnotes":""},"categories":[6],"tags":[272,271],"class_list":["post-18573","post","type-post","status-publish","format-standard","has-post-thumbnail","hentry","category-dunya","tag-abd","tag-iran"],"_links":{"self":[{"href":"https:\/\/bihavadis.com\/index.php\/wp-json\/wp\/v2\/posts\/18573","targetHints":{"allow":["GET"]}}],"collection":[{"href":"https:\/\/bihavadis.com\/index.php\/wp-json\/wp\/v2\/posts"}],"about":[{"href":"https:\/\/bihavadis.com\/index.php\/wp-json\/wp\/v2\/types\/post"}],"author":[{"embeddable":true,"href":"https:\/\/bihavadis.com\/index.php\/wp-json\/wp\/v2\/users\/1"}],"replies":[{"embeddable":true,"href":"https:\/\/bihavadis.com\/index.php\/wp-json\/wp\/v2\/comments?post=18573"}],"version-history":[{"count":1,"href":"https:\/\/bihavadis.com\/index.php\/wp-json\/wp\/v2\/posts\/18573\/revisions"}],"predecessor-version":[{"id":18579,"href":"https:\/\/bihavadis.com\/index.php\/wp-json\/wp\/v2\/posts\/18573\/revisions\/18579"}],"wp:featuredmedia":[{"embeddable":true,"href":"https:\/\/bihavadis.com\/index.php\/wp-json\/wp\/v2\/media\/18574"}],"wp:attachment":[{"href":"https:\/\/bihavadis.com\/index.php\/wp-json\/wp\/v2\/media?parent=18573"}],"wp:term":[{"taxonomy":"category","embeddable":true,"href":"https:\/\/bihavadis.com\/index.php\/wp-json\/wp\/v2\/categories?post=18573"},{"taxonomy":"post_tag","embeddable":true,"href":"https:\/\/bihavadis.com\/index.php\/wp-json\/wp\/v2\/tags?post=18573"}],"curies":[{"name":"wp","href":"https:\/\/api.w.org\/{rel}","templated":true}]}}