{"id":18636,"date":"2026-02-06T15:12:39","date_gmt":"2026-02-06T15:12:39","guid":{"rendered":"https:\/\/bihavadis.com\/?p=18636"},"modified":"2026-02-06T15:12:39","modified_gmt":"2026-02-06T15:12:39","slug":"mubadele-anma-etkinligi-tekirdagda-gerceklesti","status":"publish","type":"post","link":"https:\/\/bihavadis.com\/index.php\/2026\/02\/06\/mubadele-anma-etkinligi-tekirdagda-gerceklesti\/","title":{"rendered":"M\u00fcbadele Anma Etkinli\u011fi Tekirda\u011f&#8217;da Ger\u00e7ekle\u015fti"},"content":{"rendered":"<p> Tekirda\u011f&#8217;da, T\u00fcrkiye ile Yunanistan aras\u0131nda 1923&#8217;te ger\u00e7ekle\u015ftirilen m\u00fcbadelenin 103. y\u0131l\u0131 dolay\u0131s\u0131yla anma etkinli\u011fi d\u00fczenlendi.<\/p>\n<p>Tekirda\u011f B\u00fcy\u00fck\u015fehir Belediyesi, \u0130l K\u00fclt\u00fcr ve Turizm M\u00fcd\u00fcrl\u00fc\u011f\u00fc, Tekirda\u011f Kent Konseyi ile Trakya ve I\u015f\u0131klar K\u00f6y\u00fc Selanikliler M\u00fcbadilleri ve Balkan T\u00fcrkleri Derne\u011fince Yahya Kemal Beyatl\u0131 K\u00fclt\u00fcr Merkezi&#8217;nde d\u00fczenlenen etkinlik, sayg\u0131 duru\u015fu ve \u0130stiklal Mar\u015f\u0131&#8217;n\u0131n okunmas\u0131yla ba\u015flad\u0131.<\/p>\n<p>Tekirda\u011f Kent Konseyi Ba\u015fkan\u0131 Berrin Ba\u015fol, yapt\u0131\u011f\u0131 konu\u015fmada, m\u00fcbadele s\u00fcrecinde ya\u015fanan g\u00f6\u00e7 ve ayr\u0131l\u0131klar\u0131n ortak haf\u0131zan\u0131n \u00f6nemli bir par\u00e7as\u0131 oldu\u011funu s\u00f6yledi.<\/p>\n<p>M\u00fcbadeleyle T\u00fcrkiye&#8217;ye gelen ailelerin, geldikleri topraklar\u0131n k\u00fclt\u00fcr\u00fcn\u00fc Trakya&#8217;ya ve \u00fclkenin d\u00f6rt bir yan\u0131na ta\u015f\u0131d\u0131\u011f\u0131n\u0131 belirten Ba\u015fol, bu ailelerin \u00fcretimleri, \u00e7al\u0131\u015fkanl\u0131klar\u0131 ve gelenekleriyle ya\u015fad\u0131klar\u0131 yerlere de\u011fer katt\u0131\u011f\u0131n\u0131 ifade etti.<\/p>\n<p>Trakya ve I\u015f\u0131klar K\u00f6y\u00fc Selanikliler M\u00fcbadilleri ile Balkan T\u00fcrkleri Derne\u011fi Ba\u015fkan\u0131 Oktay Ceylan da g\u00f6\u00e7 s\u00fcrecinde T\u00fcrklerin \u00f6nemli kay\u0131plar verdi\u011fini, unutulmaz ac\u0131lar ya\u015fand\u0131\u011f\u0131n\u0131 anlatt\u0131.<\/p>\n<p>Konu\u015fmalar\u0131n ard\u0131ndan m\u00fcbadele s\u00fcrecinde ya\u015fanan g\u00f6\u00e7 ve ayr\u0131l\u0131klar\u0131 konu alan belgesel g\u00f6sterimi yap\u0131ld\u0131.<\/p>\n<p> Etkinlik, Tekirda\u011f B\u00fcy\u00fck\u015fehir Belediyesi Kent Orkestras\u0131&#8217;n\u0131n verdi\u011fi konserle sona erdi.<\/p>\n","protected":false},"excerpt":{"rendered":"<p>Tekirda\u011f&#8217;da, 1923 m\u00fcbadelesinin 103. y\u0131l\u0131 anma etkinli\u011fi d\u00fczenlendi, belgesel ve konser ile sona erdi.<\/p>\n","protected":false},"author":1,"featured_media":18637,"comment_status":"open","ping_status":"open","sticky":false,"template":"","format":"standard","meta":{"footnotes":""},"categories":[9,4,13],"tags":[2926],"class_list":["post-18636","post","type-post","status-publish","format-standard","has-post-thumbnail","hentry","category-genel","category-gundem","category-son-dakika","tag-tekirdag"],"_links":{"self":[{"href":"https:\/\/bihavadis.com\/index.php\/wp-json\/wp\/v2\/posts\/18636","targetHints":{"allow":["GET"]}}],"collection":[{"href":"https:\/\/bihavadis.com\/index.php\/wp-json\/wp\/v2\/posts"}],"about":[{"href":"https:\/\/bihavadis.com\/index.php\/wp-json\/wp\/v2\/types\/post"}],"author":[{"embeddable":true,"href":"https:\/\/bihavadis.com\/index.php\/wp-json\/wp\/v2\/users\/1"}],"replies":[{"embeddable":true,"href":"https:\/\/bihavadis.com\/index.php\/wp-json\/wp\/v2\/comments?post=18636"}],"version-history":[{"count":1,"href":"https:\/\/bihavadis.com\/index.php\/wp-json\/wp\/v2\/posts\/18636\/revisions"}],"predecessor-version":[{"id":18638,"href":"https:\/\/bihavadis.com\/index.php\/wp-json\/wp\/v2\/posts\/18636\/revisions\/18638"}],"wp:featuredmedia":[{"embeddable":true,"href":"https:\/\/bihavadis.com\/index.php\/wp-json\/wp\/v2\/media\/18637"}],"wp:attachment":[{"href":"https:\/\/bihavadis.com\/index.php\/wp-json\/wp\/v2\/media?parent=18636"}],"wp:term":[{"taxonomy":"category","embeddable":true,"href":"https:\/\/bihavadis.com\/index.php\/wp-json\/wp\/v2\/categories?post=18636"},{"taxonomy":"post_tag","embeddable":true,"href":"https:\/\/bihavadis.com\/index.php\/wp-json\/wp\/v2\/tags?post=18636"}],"curies":[{"name":"wp","href":"https:\/\/api.w.org\/{rel}","templated":true}]}}