{"id":18675,"date":"2026-02-06T15:45:07","date_gmt":"2026-02-06T15:45:07","guid":{"rendered":"https:\/\/bihavadis.com\/?p=18675"},"modified":"2026-02-06T15:45:07","modified_gmt":"2026-02-06T15:45:07","slug":"bakan-tekinden-ailem-projesine-destek","status":"publish","type":"post","link":"https:\/\/bihavadis.com\/index.php\/2026\/02\/06\/bakan-tekinden-ailem-projesine-destek\/","title":{"rendered":"Bakan Tekin\u2019den &#8216;Ailem&#8217; Projesine Destek"},"content":{"rendered":"<p> Milli E\u011fitim Bakan\u0131 Yusuf Tekin, &#8220;Ailem&#8221; dizisine ili\u015fkin, &#8220;Bu fikri, baz\u0131 televizyon kanallar\u0131 genel yay\u0131n y\u00f6netmenleriyle, y\u00f6neticileriyle payla\u015ft\u0131m. Maalesef \u00e7ok ilgi \u00e7ekmedi. Reyting kayg\u0131s\u0131 g\u00fctt\u00fcler. \u00c7ok didaktik bir proje oldu\u011funu d\u00fc\u015f\u00fcnd\u00fcler ve girmediler. Fakat birinci sezon 130 milyonun \u00fczerinde izlendi.&#8221; dedi.<\/p>\n<p>Milli E\u011fitim Bakanl\u0131\u011f\u0131nca Velivizyon platformu i\u00e7in haz\u0131rlanan &#8220;Ailem&#8221; dizisinin ikinci sezonu, Be\u015fikta\u015f&#8217;taki Feriye Sinema Salonu&#8217;nda d\u00fczenlenen programla tan\u0131t\u0131ld\u0131.<\/p>\n<p>Programda konu\u015fan Milli E\u011fitim Bakan\u0131 Yusuf Tekin, Bakanl\u0131\u011f\u0131n i\u015finin sadece zorunlu e\u011fitim \u00e7a\u011f\u0131nda kendilerine emanet edilen \u00e7ocuklar\u0131 e\u011fitmek olmad\u0131\u011f\u0131n\u0131 s\u00f6yledi.<\/p>\n<p>Bakanl\u0131\u011f\u0131n, e\u011fitmenin yan\u0131 s\u0131ra kurumsal ve bireysel olarak da toplumsal bir rol model olarak davranmak durumunda oldu\u011funu dile getiren Tekin, &#8220;Ya\u015fad\u0131\u011f\u0131n\u0131z muhitlerde \u00f6\u011fretmen arkada\u015flar\u0131m\u0131z\u0131n nas\u0131l \u00e7evresini d\u00f6n\u00fc\u015ft\u00fcrd\u00fc\u011f\u00fcn\u00fc, nas\u0131l birer toplumsal rol model oldu\u011funu hepiniz biliyorsunuz. \u00c7ocuklu\u011fumuzdan, gen\u00e7li\u011fimizden, etraf\u0131m\u0131zdan biliyoruz. Biz Milli E\u011fitim Bakanl\u0131\u011f\u0131 olarak da bu anlamda, &#8216;Hi\u00e7bir konu bizi ilgilendirmiyor.&#8217; demeden, bu konularla ilgili bir \u015feyler yapmaya \u00e7aba sarf ediyoruz.&#8221; diye konu\u015ftu.<\/p>\n<p>Tekin, sanat\u0131n birle\u015ftirici g\u00fcc\u00fcn\u00fc e\u011fitim-\u00f6\u011fretim s\u00fcre\u00e7lerinin i\u00e7erisine dahil etmek istediklerini ve bu yola \u00e7\u0131kt\u0131klar\u0131n\u0131 belirterek, TBMM&#8217;nin 100. y\u0131l d\u00f6n\u00fcm\u00fcne denk d\u00fc\u015fen 2020 y\u0131l\u0131nda, toplumu bir arada tutan en \u00f6nemli de\u011ferler olan demokrasi ve milli devlet olunmas\u0131ndan hareketle bir \u00e7al\u0131\u015fma yapt\u0131klar\u0131n\u0131 ve salg\u0131n d\u00f6neminin \u015fartlar\u0131 nedeniyle bu \u00e7al\u0131\u015fmalar\u0131n\u0131 tamamlayamad\u0131klar\u0131n\u0131 anlatt\u0131.<\/p>\n<p>Milli E\u011fitim Bakanl\u0131\u011f\u0131n\u0131n, toplumda birle\u015ftiricili\u011fi \u00f6n planda olan bir rol model olarak kamu otoritesi olmak durumunda oldu\u011funu kaydeden Tekin, TBMM&#8217;nin 100. y\u0131l\u0131 i\u00e7in yapt\u0131klar\u0131 projeyi k\u00fc\u00e7\u00fck revizyonlarla Cumhuriyet&#8217;in 100. y\u0131l\u0131na uyarlad\u0131klar\u0131n\u0131 belirtti.<\/p>\n<p>Tekin, &#8220;Bizim bekledi\u011fimizin kat be kat \u00fcst\u00fcnde bir ilgi oldu ve tam da arzu etti\u011fimiz \u015fey oldu. Toplumun \u00e7ok farkl\u0131 kesimlerinden siyasal anlamda farkl\u0131 kutuplarda yer alan \u00e7ok farkl\u0131 isimler bizi birle\u015ftirici de\u011ferler silsilesinin etraf\u0131nda, ayn\u0131 salonda, ayn\u0131 ortamda, ayn\u0131 heyecanla g\u00f6zlerinden ya\u015flar gelerek alk\u0131\u015flad\u0131lar. En son Be\u015fikta\u015f \u0130n\u00f6n\u00fc Stadyumu&#8217;nda yakla\u015f\u0131k 35 bin ki\u015finin hep birden \u0130stiklal Mar\u015f\u0131&#8217;n\u0131 s\u00f6yledi\u011fi, hep birden alk\u0131\u015flad\u0131\u011f\u0131 bir oyunu hayata ge\u00e7irmi\u015f olduk.&#8221; ifadelerini kulland\u0131.<\/p>\n<p>Sanat\u0131n birle\u015ftirici misyonunun, farkl\u0131 ortamlarda da kullan\u0131lmas\u0131 fikrinden hareketle 15 Temmuz i\u00e7in de benzeri g\u00fczel bir proje ger\u00e7ekle\u015ftirdiklerini anlatan Tekin, \u015fimdi de \u00c7anakkale Zaferi&#8217;nin y\u0131l d\u00f6n\u00fcm\u00fc dolay\u0131s\u0131yla bir tiyatro oyununu hayata ge\u00e7ireceklerini kaydetti.<\/p>\n<p>&#8220;B\u00f6yle k\u00fc\u00e7\u00fck m\u00fctevaz\u0131 bir mant\u0131kla ba\u015flad\u0131\u011f\u0131m\u0131z \u015fey h\u0131zla b\u00fcy\u00fcmeye ba\u015flad\u0131&#8221;<\/p>\n<p>\u00c7ocuklar\u0131n okulda ge\u00e7irdi\u011fi s\u00fcreye de\u011finen Tekin, &#8220;\u015e\u00f6yle bir matematiksel hesap yapal\u0131m. Bir \u00f6\u011frencimiz, 18 ya\u015f\u0131na kadar yakla\u015f\u0131k 12 y\u0131ll\u0131k zorunlu e\u011fitim \u00e7a\u011f\u0131nda toplamda 160 bin saat civar\u0131nda bir \u00f6m\u00fcr ya\u015fam\u0131\u015f oluyor. Herkes \u015f\u00f6yle zannediyor. Bunun neredeyse yar\u0131s\u0131ndan fazlas\u0131n\u0131 okulda ge\u00e7iriyor gibi d\u00fc\u015f\u00fcn\u00fcyor. Halbuki 12 y\u0131ll\u0131k zorunlu e\u011fitimde toplam ders saatleri \u00fczerinden hesap etti\u011fimizde toplam \u00f6mr\u00fcn\u00fcn ya\u015fad\u0131\u011f\u0131 s\u00fcrenin y\u00fczde 10&#8217;unu bile okulda ge\u00e7irmiyor \u00e7ocuk. Yakla\u015f\u0131k 11, 12 bin saat civar\u0131nda bir zaman ge\u00e7irmi\u015f oluyor okulda.&#8221; \u015feklinde konu\u015ftu.<\/p>\n<p>Tekin, \u00e7ocu\u011fun okul haricinde toplum ve aile ile zaman ge\u00e7irdi\u011fini anlatarak, &#8220;O zaman e\u011fitim \u00f6\u011fretim s\u00fcre\u00e7lerinin ba\u015far\u0131l\u0131 olmas\u0131 i\u00e7in Milli E\u011fitim Bakanl\u0131\u011f\u0131 ve \u00f6\u011fretmenlerin yan\u0131nda toplumsal destek, toplumsal katk\u0131 ve ailenin mutlaka destek olmas\u0131 laz\u0131m. Buradan hareketle Bakanl\u0131k g\u00f6revine ba\u015flad\u0131\u011f\u0131m\u0131z g\u00fcnden beri toplumun her kesimine hem toplumsal sorumluluklar\u0131n\u0131 hat\u0131rlatan hem de bizimle yol y\u00fcr\u00fcmek isterlerse kap\u0131m\u0131z\u0131n a\u00e7\u0131k oldu\u011funu, birlikte yol y\u00fcr\u00fcmekten mutlu olaca\u011f\u0131m\u0131z\u0131 herkesle payla\u015ft\u0131k.&#8221; diye konu\u015ftu.<\/p>\n<p>Bu konunun \u00e7ok farkl\u0131 \u015fekilde spek\u00fcle edildi\u011fini, siyaset malzemesi haline getirildi\u011fini dile getiren Tekin, hala ayn\u0131 yerde oldu\u011funu, toplumsal destek, toplumsal katk\u0131 olmaks\u0131z\u0131n Milli E\u011fitim Bakanl\u0131\u011f\u0131n\u0131n bu anlamda politikalar\u0131n\u0131 hayata ge\u00e7irme ihtimalinin olmad\u0131\u011f\u0131n\u0131 vurgulad\u0131.<\/p>\n<p>Toplumun da bu s\u00fcrecin i\u00e7inde olmas\u0131n\u0131 isteyen Tekin, \u00fc\u00e7\u00fcnc\u00fc akt\u00f6r olarak da ailenin bu anlamdaki deste\u011finin e\u011fitim-\u00f6\u011fretim s\u00fcre\u00e7leri a\u00e7\u0131s\u0131ndan en \u00f6nemli nokta oldu\u011funu vurgulad\u0131.<\/p>\n<p>Tekin, aileleri bu s\u00fcrecin i\u00e7erisine dahil edebilecek bir\u00e7ok etkinli\u011fi hayata ge\u00e7irmeye \u00e7al\u0131\u015ft\u0131klar\u0131n\u0131, bu kapsamda Bakanl\u0131k b\u00fcnyesinde Velivizyon isimli elektronik portal olu\u015fturduklar\u0131n\u0131 belirtti.<\/p>\n<p>Bu anlamda &#8220;Ailem&#8221; dizisi projesiyle ilgili baz\u0131 televizyon kanallar\u0131n\u0131n y\u00f6neticileriyle g\u00f6r\u00fc\u015ft\u00fc\u011f\u00fcn\u00fc anlatan Tekin, &#8220;Bu fikri, baz\u0131 televizyon kanallar\u0131 genel yay\u0131n y\u00f6netmenleriyle, y\u00f6neticileriyle payla\u015ft\u0131m. Maalesef \u00e7ok ilgi \u00e7ekmedi. Reyting kayg\u0131s\u0131 g\u00fctt\u00fcler. \u00c7ok didaktik bir proje oldu\u011funu d\u00fc\u015f\u00fcnd\u00fcler ve girmediler. Fakat birinci sezon 130 milyonun \u00fczerinde izlendi. Biraz esprili olacak ama &#8216;\u00e7atlas\u0131nlar&#8217; m\u0131 diyece\u011fiz, ne diyece\u011fiz.&#8221; ifadelerini kulland\u0131.<\/p>\n<p>\u0130lk sezonda 7, 8 dakikal\u0131k s\u00fcrelerle 27 b\u00f6l\u00fcml\u00fck bir dizi yapt\u0131klar\u0131n\u0131 aktaran Tekin, daha sonra \u00f6\u011fretmenlerden gelen talepler do\u011frultusunda, 1500 \u00f6\u011fretmenin ba\u015fvurdu\u011funu ve ba\u015fvuranlardan 150 \u00f6\u011fretmeni se\u00e7tiklerini ve mini bir tiyatro okulu kurduklar\u0131n\u0131 belirtti.<\/p>\n<p>Tekin, &#8220;B\u00f6yle k\u00fc\u00e7\u00fck m\u00fctevaz\u0131 bir mant\u0131kla ba\u015flad\u0131\u011f\u0131m\u0131z \u015fey h\u0131zla b\u00fcy\u00fcmeye ba\u015flad\u0131.&#8221; diyerek, diziye eme\u011fi ge\u00e7enlere te\u015fekk\u00fcr etti.<\/p>\n<p>Dizinin bir b\u00f6l\u00fcm\u00fcn\u00fcn g\u00f6sterimi yap\u0131ld\u0131<\/p>\n<p>Etkinlikte daha sonra Ailem dizisi 2. sezonunun bir b\u00f6l\u00fcm\u00fcn\u00fcn g\u00f6sterimi ger\u00e7ekle\u015ftirildi.<\/p>\n<p>Programda, Bakan Tekin ile Aile ve Sosyal Hizmetler Bakan\u0131 Mahinur \u00d6zdemir G\u00f6kta\u015f dizi ekibiyle hat\u0131ra foto\u011fraf\u0131 \u00e7ektirdi.<\/p>\n<p>G\u00f6sterimin ard\u0131ndan d\u00fczenlenen bas\u0131n toplant\u0131s\u0131nda konu\u015fan Tekin, yakla\u015f\u0131k iki y\u0131ld\u0131r Milli E\u011fitim Bakanl\u0131\u011f\u0131n\u0131n y\u00fcr\u00fctt\u00fc\u011f\u00fc i\u015flerde bir perspektif farkl\u0131la\u015fmas\u0131 yapmaya \u00e7al\u0131\u015ft\u0131klar\u0131n\u0131 s\u00f6yledi.<\/p>\n<p>Tekin, Bakanl\u0131k olarak toplumda d\u00f6n\u00fc\u015ft\u00fcr\u00fcc\u00fc, birle\u015ftirici bir rol oynamalar\u0131 gerekti\u011finin fark\u0131nda olduklar\u0131n\u0131, bu anlamda b\u00fct\u00fcn enstr\u00fcmanlardan da faydalanmak istediklerini belirtti.<\/p>\n<p>Sanat\u0131n bu a\u00e7\u0131dan \u00e7ok \u00f6nemli bir enstr\u00fcman oldu\u011funa dikkati \u00e7eken Tekin, &#8220;Toplumun sanat konusunda duyarl\u0131l\u0131\u011f\u0131n\u0131n ve fark\u0131ndal\u0131\u011f\u0131n\u0131n art\u0131r\u0131lmas\u0131 a\u00e7\u0131s\u0131ndan \u00fcst\u00fcm\u00fcze d\u00fc\u015fen roller oldu\u011funun fark\u0131nday\u0131z.&#8221; dedi.<\/p>\n<p>&#8220;\u00c7ok ba\u015far\u0131l\u0131 bir eser ortaya \u00e7\u0131kt\u0131&#8221;<\/p>\n<p>Bas\u0131n toplant\u0131s\u0131nda konu\u015fan Aile ve Sosyal Hizmetler Bakan\u0131 Mahinur \u00d6zdemir G\u00f6kta\u015f ise Milli E\u011fitim Bakanl\u0131\u011f\u0131n\u0131n hayata ge\u00e7irdi\u011fi, &#8220;Ailem 2&#8221; dizisinin ikinci sezonu i\u00e7in burada olduklar\u0131n\u0131 s\u00f6yledi.<\/p>\n<p>G\u00f6kta\u015f, \u015funlar\u0131 kaydetti: <\/p>\n<p>&#8220;Burada \u00e7ok de\u011ferli sanat\u00e7\u0131lar\u0131m\u0131z\u0131n birbirinden de\u011ferli katk\u0131s\u0131yla, \u00e7ok ba\u015far\u0131l\u0131 bir eser ortaya \u00e7\u0131kt\u0131. Bir yandan ailenin e\u011fitim \u00fczerinde, okul \u00fczerinde \u00e7ocuklar\u0131n fiziksel, psikolojik, zihinsel geli\u015fimi \u00fczerinde \u00e7ok b\u00fcy\u00fck bir etkisi oldu\u011funu biliyoruz. Bu kapsamda fark\u0131ndal\u0131k olu\u015fturmay\u0131 ama\u00e7layan ama ayn\u0131 zamanda hem ailelerimize hem \u00e7ocuklar\u0131m\u0131za hem gen\u00e7lerimize hem de ayn\u0131 zamanda hepimize, asl\u0131nda t\u00fcm topluma hitap eden b\u00f6ylesi k\u0131ymetli bir eseri kamuoyuna kazand\u0131ran k\u0131ymetli Bakan\u0131m\u0131z Yusuf Tekin ba\u015fta olmak \u00fczere Milli E\u011fitim Bakanl\u0131\u011f\u0131m\u0131z\u0131n her bir ferdine te\u015fekk\u00fcr ediyorum.&#8221;<\/p>\n<p>Milli E\u011fitim camias\u0131n\u0131n bu kapsamda \u00e7ok k\u0131ymetli bir projenin ikinci sezonunu hayata ge\u00e7irdi\u011fini dile getiren G\u00f6kta\u015f, projeye emek veren herkese te\u015fekk\u00fcr etti.<\/p>\n<p>G\u00f6kta\u015f, 2025 y\u0131l\u0131n\u0131 &#8220;Aile Y\u0131l\u0131&#8221; olarak ilan ettiklerini an\u0131msatarak, bu kapsamda aileye y\u00f6nelik \u00e7al\u0131\u015fmalar\u0131na sanatta da k\u00fclt\u00fcrde de politikalarda da devam edeceklerini belirtti.<\/p>\n<p>Bakan G\u00f6kta\u015f, aile de\u011ferlerini beyaz perde marifetiyle \u00e7ok iyi anlatan Ailem 2 dizisini de ba\u015far\u0131l\u0131 buldu\u011funu kaydetti.<\/p>\n<p>&#8220;B\u00fcy\u00fck perspektiften bak\u0131ld\u0131\u011f\u0131 zaman herkesi yakinen ilgilendiren bir proje&#8221;<\/p>\n<p>Ailem 2 dizisi oyuncusu Volkan Severcan da b\u00f6yle bir projenin olmas\u0131n\u0131n kendilerini \u00e7ok heyecanland\u0131rd\u0131\u011f\u0131n\u0131 s\u00f6yledi.<\/p>\n<p>Bu projenin fark\u0131ndal\u0131k konusunda \u00f6zel bir durumu bulundu\u011funu dile getiren Severcan, her \u00f6\u011fretmenin ayn\u0131 zamanda bir veli de oldu\u011funu belirtti.<\/p>\n<p>Severcan, &#8220;Dolay\u0131s\u0131yla bu b\u00fcy\u00fck perspektiften bak\u0131ld\u0131\u011f\u0131 zaman herkesi yakinen ilgilendiren bir proje olmas\u0131 sebebiyle \u00e7ok \u00f6nemsedi\u011fimiz bir durum ortaya \u00e7\u0131k\u0131yor.&#8221; dedi.<\/p>\n<p>Oyuncu Ahmet Yenilmez de dizinin gen\u00e7lere ilham kayna\u011f\u0131 olaca\u011f\u0131n\u0131 ifade etti.<\/p>\n","protected":false},"excerpt":{"rendered":"<p>Milli E\u011fitim Bakan\u0131 Tekin, &#8216;Ailem&#8217; dizisinin ilgi \u00e7ekmedi\u011fini ancak y\u00fcksek izlenme rakamlar\u0131na ula\u015ft\u0131\u011f\u0131n\u0131 belirtti.<\/p>\n","protected":false},"author":1,"featured_media":18676,"comment_status":"open","ping_status":"open","sticky":false,"template":"","format":"standard","meta":{"footnotes":""},"categories":[9,4,13],"tags":[250,233,518,3466,367],"class_list":["post-18675","post","type-post","status-publish","format-standard","has-post-thumbnail","hentry","category-genel","category-gundem","category-son-dakika","tag-aile","tag-egitim","tag-ilgi","tag-tekin","tag-zaman"],"_links":{"self":[{"href":"https:\/\/bihavadis.com\/index.php\/wp-json\/wp\/v2\/posts\/18675","targetHints":{"allow":["GET"]}}],"collection":[{"href":"https:\/\/bihavadis.com\/index.php\/wp-json\/wp\/v2\/posts"}],"about":[{"href":"https:\/\/bihavadis.com\/index.php\/wp-json\/wp\/v2\/types\/post"}],"author":[{"embeddable":true,"href":"https:\/\/bihavadis.com\/index.php\/wp-json\/wp\/v2\/users\/1"}],"replies":[{"embeddable":true,"href":"https:\/\/bihavadis.com\/index.php\/wp-json\/wp\/v2\/comments?post=18675"}],"version-history":[{"count":1,"href":"https:\/\/bihavadis.com\/index.php\/wp-json\/wp\/v2\/posts\/18675\/revisions"}],"predecessor-version":[{"id":18677,"href":"https:\/\/bihavadis.com\/index.php\/wp-json\/wp\/v2\/posts\/18675\/revisions\/18677"}],"wp:featuredmedia":[{"embeddable":true,"href":"https:\/\/bihavadis.com\/index.php\/wp-json\/wp\/v2\/media\/18676"}],"wp:attachment":[{"href":"https:\/\/bihavadis.com\/index.php\/wp-json\/wp\/v2\/media?parent=18675"}],"wp:term":[{"taxonomy":"category","embeddable":true,"href":"https:\/\/bihavadis.com\/index.php\/wp-json\/wp\/v2\/categories?post=18675"},{"taxonomy":"post_tag","embeddable":true,"href":"https:\/\/bihavadis.com\/index.php\/wp-json\/wp\/v2\/tags?post=18675"}],"curies":[{"name":"wp","href":"https:\/\/api.w.org\/{rel}","templated":true}]}}