{"id":18678,"date":"2026-02-06T15:48:15","date_gmt":"2026-02-06T15:48:15","guid":{"rendered":"https:\/\/bihavadis.com\/?p=18678"},"modified":"2026-02-06T15:48:15","modified_gmt":"2026-02-06T15:48:15","slug":"cumhurbaskani-erdogan-veliaht-prensi-muhammed-bin-selman-ile-gorustu","status":"publish","type":"post","link":"https:\/\/bihavadis.com\/index.php\/2026\/02\/06\/cumhurbaskani-erdogan-veliaht-prensi-muhammed-bin-selman-ile-gorustu\/","title":{"rendered":"Cumhurba\u015fkan\u0131 Erdo\u011fan, Veliaht Prensi Muhammed bin Selman ile g\u00f6r\u00fc\u015ft\u00fc"},"content":{"rendered":"<p>Riyad&#8217;da kritik g\u00f6r\u00fc\u015fme&#8230;<\/p>\n<p>T\u00fcrkiye\u2019nin Orta Do\u011fu ile diplomatik temaslar\u0131 ivme kazan\u0131rken\u00a0 Cumhurba\u015fkan\u0131 Recep Tayyip Erdo\u011fan, ikili ili\u015fkileri daha ileri bir seviyeye ta\u015f\u0131mak amac\u0131yla Veliaht Prens Muhammed bin Selman\u2019\u0131n daveti \u00fczerine Suudi Arabistan\u2019a resmi bir ziyaret ger\u00e7ekle\u015ftirdi.<\/p>\n<p>Cumhurba\u015fkan\u0131 Erdo\u011fan, \u00f6zel u\u00e7ak \u201cTUR\u201d ile geldi\u011fi Suudi Arabistan\u2019\u0131n ba\u015fkenti Riyad\u2019da Kral Halid Uluslararas\u0131 Havaliman\u0131\u2019nda, resmi t\u00f6renle kar\u015f\u0131land\u0131.<\/p>\n<p><strong>PRENS SELMAN \u0130LE B\u0130R ARAYA GELD\u0130 <\/strong><\/p>\n<p>Cumhurba\u015fkan\u0131 Erdo\u011fan,\u00a0Suudi Arabistan\u2019a ger\u00e7ekle\u015ftirdi\u011fi resmi ziyaret kapsam\u0131nda, Suudi Arabistan Veliaht Prensi Muhammed bin Selman taraf\u0131ndan Yemame Saray\u0131\u2019nda resmi t\u00f6renle kar\u015f\u0131land\u0131.<\/p>\n<p>Erdo\u011fan\u00a0ve Selman, birbirlerine heyetlerini takdim etti.\u00a0<\/p>\n<p><img decoding=\"async\" src=\"https:\/\/bihavadis.com\/wp-content\/uploads\/2026\/02\/cumhurbaskani-erdogan-veliaht-prensi-muhammed-bin-selman-ile-gorustu-0-DwgMRnVf.jpg\"\/><\/p>\n<p><strong>HEYETLERARASI G\u00d6R\u00dc\u015eME<\/strong><\/p>\n<p>\u0130ki lider kar\u015f\u0131lama t\u00f6reninin ard\u0131ndan heyetlerinde kat\u0131ld\u0131\u011f\u0131 g\u00f6r\u00fc\u015fmeye ge\u00e7ti.\u00a0<\/p>\n<p>G\u00f6r\u00fc\u015fmede ikili ili\u015fkilerin yan\u0131s\u0131ra b\u00f6lgede ve d\u00fcnyada son ya\u015fanan geli\u015fmelerin ele al\u0131nd\u011f\u0131 belirtildi.\u00a0<\/p>\n<p><img decoding=\"async\" src=\"https:\/\/bihavadis.com\/wp-content\/uploads\/2026\/02\/cumhurbaskani-erdogan-veliaht-prensi-muhammed-bin-selman-ile-gorustu-1-yN7iwuvO.jpg\"\/><\/p>\n<p><strong>\u0130K\u0130NC\u0130 DURA\u011eI MISIR OLACAK<\/strong><\/p>\n<p>Cumhurba\u015fkan\u0131 Erdo\u011fan\u2019a Suudi Arabistan temaslar\u0131nda; Emine Erdo\u011fan\u2019\u0131n yan\u0131 s\u0131ra D\u0131\u015fi\u015fleri Bakan\u0131 Hakan Fidan, Hazine ve Maliye Bakan\u0131 Mehmet \u015eim\u015fek, Aile ve Sosyal Hizmetler Bakan\u0131 Mahinur \u00d6zdemir G\u00f6kta\u015f, Enerji ve Tabii Kaynaklar Bakan\u0131 Alparslan Bayraktar, Sanayi ve Teknoloji Bakan\u0131 Mehmet Fatih Kac\u0131r, Gen\u00e7lik ve Spor Bakan\u0131 Osman A\u015fk\u0131n Bak, Milli Savunma Bakan\u0131 Ya\u015far G\u00fcler, Sa\u011fl\u0131k Bakan\u0131 Kemal Memi\u015fo\u011flu da e\u015flik ediyor. Heyette ayr\u0131ca Cumhurba\u015fkanl\u0131\u011f\u0131 \u0130leti\u015fim Ba\u015fkan\u0131 Burhanettin Duran, Cumhurba\u015fkan\u0131 D\u0131\u015f Politika ve G\u00fcvenlik Ba\u015fdan\u0131\u015fman\u0131 Akif \u00c7a\u011fatay K\u0131l\u0131\u00e7 ile baz\u0131 \u00fcst d\u00fczey yetkililer yer ald\u0131.\u00a0<\/p>\n<p>Cumhurba\u015fkan\u0131 Erdo\u011fan\u2019\u0131n Riyad temaslar\u0131n\u0131n ard\u0131ndan 4 \u015eubat 2026 tarihinde, M\u0131s\u0131r Cumhurba\u015fkan\u0131 Abd\u00fclfettah es-Sisi\u2019nin daveti \u00fczerine M\u0131s\u0131r\u2019a ge\u00e7mesi planlan\u0131yor.<\/p>\n<p><img decoding=\"async\" src=\"https:\/\/bihavadis.com\/wp-content\/uploads\/2026\/02\/cumhurbaskani-erdogan-veliaht-prensi-muhammed-bin-selman-ile-gorustu-2-NUSGOX5T.jpg\"\/><\/p>\n<p><img decoding=\"async\" src=\"https:\/\/bihavadis.com\/wp-content\/uploads\/2026\/02\/cumhurbaskani-erdogan-veliaht-prensi-muhammed-bin-selman-ile-gorustu-3-Zkmi3QC8.jpg\"\/><\/p>\n<p><img decoding=\"async\" src=\"https:\/\/bihavadis.com\/wp-content\/uploads\/2026\/02\/cumhurbaskani-erdogan-veliaht-prensi-muhammed-bin-selman-ile-gorustu-4-4gfadQHW.jpg\"\/><\/p>\n<p><img decoding=\"async\" src=\"https:\/\/bihavadis.com\/wp-content\/uploads\/2026\/02\/cumhurbaskani-erdogan-veliaht-prensi-muhammed-bin-selman-ile-gorustu-5-t662u5z3.jpg\"\/><\/p>\n<p><img decoding=\"async\" src=\"https:\/\/bihavadis.com\/wp-content\/uploads\/2026\/02\/cumhurbaskani-erdogan-veliaht-prensi-muhammed-bin-selman-ile-gorustu-6-zSGNb7xw.jpg\"\/><\/p>\n<p><img decoding=\"async\" src=\"https:\/\/bihavadis.com\/wp-content\/uploads\/2026\/02\/cumhurbaskani-erdogan-veliaht-prensi-muhammed-bin-selman-ile-gorustu-7-MUB3nGmP.jpg\"\/><\/p>\n","protected":false},"excerpt":{"rendered":"<p>Cumhurba\u015fkan\u0131 Recep Tayyip Erdo\u011fan, resmi ziyaret kapsam\u0131nda bulundu\u011fu Riyad&#8217;da Suudi Arabistan Veliaht Prensi Muhammed bin Selman ile bir araya geldi.<\/p>\n","protected":false},"author":1,"featured_media":18679,"comment_status":"open","ping_status":"open","sticky":false,"template":"","format":"standard","meta":{"footnotes":""},"categories":[9,13],"tags":[1297,514],"class_list":["post-18678","post","type-post","status-publish","format-standard","has-post-thumbnail","hentry","category-genel","category-son-dakika","tag-cumhurbaskani","tag-suudi-arabistan"],"_links":{"self":[{"href":"https:\/\/bihavadis.com\/index.php\/wp-json\/wp\/v2\/posts\/18678","targetHints":{"allow":["GET"]}}],"collection":[{"href":"https:\/\/bihavadis.com\/index.php\/wp-json\/wp\/v2\/posts"}],"about":[{"href":"https:\/\/bihavadis.com\/index.php\/wp-json\/wp\/v2\/types\/post"}],"author":[{"embeddable":true,"href":"https:\/\/bihavadis.com\/index.php\/wp-json\/wp\/v2\/users\/1"}],"replies":[{"embeddable":true,"href":"https:\/\/bihavadis.com\/index.php\/wp-json\/wp\/v2\/comments?post=18678"}],"version-history":[{"count":1,"href":"https:\/\/bihavadis.com\/index.php\/wp-json\/wp\/v2\/posts\/18678\/revisions"}],"predecessor-version":[{"id":18688,"href":"https:\/\/bihavadis.com\/index.php\/wp-json\/wp\/v2\/posts\/18678\/revisions\/18688"}],"wp:featuredmedia":[{"embeddable":true,"href":"https:\/\/bihavadis.com\/index.php\/wp-json\/wp\/v2\/media\/18679"}],"wp:attachment":[{"href":"https:\/\/bihavadis.com\/index.php\/wp-json\/wp\/v2\/media?parent=18678"}],"wp:term":[{"taxonomy":"category","embeddable":true,"href":"https:\/\/bihavadis.com\/index.php\/wp-json\/wp\/v2\/categories?post=18678"},{"taxonomy":"post_tag","embeddable":true,"href":"https:\/\/bihavadis.com\/index.php\/wp-json\/wp\/v2\/tags?post=18678"}],"curies":[{"name":"wp","href":"https:\/\/api.w.org\/{rel}","templated":true}]}}