{"id":18696,"date":"2026-02-06T16:00:07","date_gmt":"2026-02-06T16:00:07","guid":{"rendered":"https:\/\/bihavadis.com\/?p=18696"},"modified":"2026-02-06T16:00:07","modified_gmt":"2026-02-06T16:00:07","slug":"fatih-urekin-vefat-ettigini-muhabirlerden-ogrenen-silanin-yasadigi-sok-kameraya-yansidi","status":"publish","type":"post","link":"https:\/\/bihavadis.com\/index.php\/2026\/02\/06\/fatih-urekin-vefat-ettigini-muhabirlerden-ogrenen-silanin-yasadigi-sok-kameraya-yansidi\/","title":{"rendered":"Fatih \u00dcrek&#8217;in vefat etti\u011fini muhabirlerden \u00f6\u011frenen S\u0131la&#8217;n\u0131n ya\u015fad\u0131\u011f\u0131 \u015fok kameraya yans\u0131d\u0131"},"content":{"rendered":"<p>\u015eark\u0131c\u0131 ve sunucu Fatih \u00dcrek, 15 Ekim 2025&#8217;te evinde aniden fenala\u015farak hastaneye kald\u0131r\u0131lm\u0131\u015ft\u0131. Kalp krizi te\u015fhisiyle acilen hastaneye kald\u0131r\u0131lan ve yo\u011fun bak\u0131ma al\u0131nan sanat\u00e7\u0131dan ac\u0131 haber geldi. 59 ya\u015f\u0131ndaki Fatih \u00dcrek, bu ak\u015fam Sar\u0131yer&#8217;de tedavi g\u00f6rd\u00fc\u011f\u00fc \u00f6zel hastanede hayat\u0131n\u0131 kaybetti. <\/p>\n<p><b>HABER\u0130 MUHAB\u0130RLERDEN \u00d6\u011eREND\u0130<\/b><\/p>\n<p>Fatih \u00dcrek&#8217;in vefat haberi magazin d\u00fcnyas\u0131n\u0131 sarsarken \u015fark\u0131c\u0131 S\u0131la, geli\u015fmeyi r\u00f6portaj verdi\u011fi s\u0131rada muhabirlerden \u00f6\u011frendi. O anlarda \u00fczg\u00fcnl\u00fc\u011f\u00fc y\u00fcz\u00fcne yans\u0131yan \u00fcnl\u00fc \u015fark\u0131c\u0131n\u0131n, &#8220;\u00c7ok \u00fcz\u00fcld\u00fcm. \u00c7ok eskiden tan\u0131d\u0131\u011f\u0131m bir arkada\u015f\u0131m. Allah gani gani rahmet eylesin&#8221; dedi\u011fi g\u00f6r\u00fcld\u00fc. <\/p>\n","protected":false},"excerpt":{"rendered":"<p>\u00dcnl\u00fc \u015fark\u0131c\u0131 Fatih \u00dcrek, ge\u00e7irdi\u011fi kalp krizi sonras\u0131 kald\u0131r\u0131ld\u0131\u011f\u0131 hastanede \u00fc\u00e7 bu\u00e7uk ay s\u00fcren ya\u015fam m\u00fccadelesini kaybederek 59 ya\u015f\u0131nda hayata g\u00f6zlerini yumdu. \u00dcrek&#8217;in vefat haberi magazin d\u00fcnyas\u0131n\u0131 sarsarken, geli\u015fmeyi r\u00f6portaj verdi\u011fi s\u0131rada muhabirlerden \u00f6\u011frenen \u015fark\u0131c\u0131 S\u0131la&#8217;n\u0131n ya\u015fad\u0131\u011f\u0131 \u015fok ise kameraya yans\u0131d\u0131.<\/p>\n","protected":false},"author":1,"featured_media":18697,"comment_status":"open","ping_status":"open","sticky":false,"template":"","format":"standard","meta":{"footnotes":""},"categories":[1],"tags":[],"class_list":["post-18696","post","type-post","status-publish","format-standard","has-post-thumbnail","hentry","category-uncategorized"],"_links":{"self":[{"href":"https:\/\/bihavadis.com\/index.php\/wp-json\/wp\/v2\/posts\/18696","targetHints":{"allow":["GET"]}}],"collection":[{"href":"https:\/\/bihavadis.com\/index.php\/wp-json\/wp\/v2\/posts"}],"about":[{"href":"https:\/\/bihavadis.com\/index.php\/wp-json\/wp\/v2\/types\/post"}],"author":[{"embeddable":true,"href":"https:\/\/bihavadis.com\/index.php\/wp-json\/wp\/v2\/users\/1"}],"replies":[{"embeddable":true,"href":"https:\/\/bihavadis.com\/index.php\/wp-json\/wp\/v2\/comments?post=18696"}],"version-history":[{"count":1,"href":"https:\/\/bihavadis.com\/index.php\/wp-json\/wp\/v2\/posts\/18696\/revisions"}],"predecessor-version":[{"id":18698,"href":"https:\/\/bihavadis.com\/index.php\/wp-json\/wp\/v2\/posts\/18696\/revisions\/18698"}],"wp:featuredmedia":[{"embeddable":true,"href":"https:\/\/bihavadis.com\/index.php\/wp-json\/wp\/v2\/media\/18697"}],"wp:attachment":[{"href":"https:\/\/bihavadis.com\/index.php\/wp-json\/wp\/v2\/media?parent=18696"}],"wp:term":[{"taxonomy":"category","embeddable":true,"href":"https:\/\/bihavadis.com\/index.php\/wp-json\/wp\/v2\/categories?post=18696"},{"taxonomy":"post_tag","embeddable":true,"href":"https:\/\/bihavadis.com\/index.php\/wp-json\/wp\/v2\/tags?post=18696"}],"curies":[{"name":"wp","href":"https:\/\/api.w.org\/{rel}","templated":true}]}}