{"id":18723,"date":"2026-02-06T16:24:08","date_gmt":"2026-02-06T16:24:08","guid":{"rendered":"https:\/\/bihavadis.com\/?p=18723"},"modified":"2026-02-06T16:24:08","modified_gmt":"2026-02-06T16:24:08","slug":"istanbulda-turk-bayragini-bulundugu-yerden-indiren-supheli-yakalandi","status":"publish","type":"post","link":"https:\/\/bihavadis.com\/index.php\/2026\/02\/06\/istanbulda-turk-bayragini-bulundugu-yerden-indiren-supheli-yakalandi\/","title":{"rendered":"\u0130stanbul&#8217;da T\u00fcrk bayra\u011f\u0131n\u0131 bulundu\u011fu yerden indiren \u015f\u00fcpheli yakaland\u0131"},"content":{"rendered":"<p>\u0130stanbul&#8217;un Beylikd\u00fcz\u00fc il\u00e7esine ba\u011fl\u0131 Yakuplu Mahallesi&#8217;de esnafl\u0131k yapan Furkan Aksoy i\u015f yerinin \u00f6n\u00fcne T\u00fcrk bayra\u011f\u0131 ast\u0131.<\/p>\n<p>Sabah d\u00fckkan\u0131n\u0131 a\u00e7mak isteyen Aksoy, T\u00fcrk bayra\u011f\u0131n\u0131 g\u00f6remeyince g\u00fcvenlik kameras\u0131 kay\u0131tlar\u0131na bakt\u0131. Aksoy bayra\u011f\u0131n bir ki\u015fi taraf\u0131ndan indirildi\u011fini g\u00f6r\u00fcnce polise ihbarda bulundu.<\/p>\n<p>G\u00fcvenlik kameras\u0131 kay\u0131tlar\u0131n\u0131 inceleyen polis ekipleri, \u015f\u00fcpheliyi yakalamak i\u00e7in \u00e7al\u0131\u015fma ba\u015flatt\u0131.\u00a0<\/p>\n<p><strong>&#8220;B\u0130LEREK A\u015eA\u011eI DO\u011eRU \u00c7EK\u0130YOR&#8221;<\/strong><\/p>\n<p>\u0130\u015f yeri sahibi Furkan Aksoy <b><em>&#8220;Sabah d\u00fckkan\u0131 a\u00e7mak i\u00e7in geldik. Bakt\u0131k ki T\u00fcrk Bayra\u011f\u0131m\u0131z indirilmi\u015f. Kamera kay\u0131tlar\u0131na bakt\u0131k. Eleman\u0131n biri geliyor, telefon kayd\u0131n\u0131 alarak, telefonu bayra\u011fa tutuyor. Bilerek a\u015fa\u011f\u0131 do\u011fru \u00e7ekiyor. \u0130ndiriyor kopart\u0131rcas\u0131na. Sonra y\u00fcr\u00fcyerek gidiyor. Polis ekiplerine att\u0131k videoyu. Normalde bayra\u011f\u0131m\u0131z her zaman as\u0131l\u0131. Mardin&#8217;deki olaylardan sonra daha b\u00fcy\u00fck bir bayrak ast\u0131k. Bayrakt\u0131r, ba\u015fka ne s\u00f6ylenir ki. Vatan\u0131m\u0131z\u0131n bayra\u011f\u0131&#8221;<\/em><\/b> dedi.<\/p>\n<p><img decoding=\"async\" src=\"https:\/\/bihavadis.com\/wp-content\/uploads\/2026\/02\/istanbulda-turk-bayragini-bulundugu-yerden-indiren-supheli-yakalandi-0-M7ysJ9Ce.jpg\"\/><\/p>\n<p><strong>\u015e\u00dcPHEL\u0130 YAKALANDI<\/strong><\/p>\n<p>\u00c7evredeki g\u00fcvenlik kameralar\u0131n\u0131 inceleyen polis ekipleri, bayra\u011f\u0131 indiren \u015f\u00fcphelinin kimli\u011fini tespit etti. Bayra\u011f\u0131 s\u00f6kerek yerde s\u00fcr\u00fckledi\u011fi belirlenen 15 ya\u015f\u0131ndaki F.K., polis ekipleri taraf\u0131ndan yakaland\u0131.<\/p>\n<p>G\u00f6zalt\u0131na al\u0131nan \u015f\u00fcphelinin emniyetteki i\u015flemleri s\u00fcr\u00fcyor.<\/p>\n<p><img decoding=\"async\" src=\"https:\/\/bihavadis.com\/wp-content\/uploads\/2026\/02\/istanbulda-turk-bayragini-bulundugu-yerden-indiren-supheli-yakalandi-1-vvLpm2En.jpg\"\/><\/p>\n","protected":false},"excerpt":{"rendered":"<p>Beylikd\u00fcz\u00fc il\u00e7esinde bir i\u015f yerinin \u00f6n\u00fcnde as\u0131l\u0131 olan T\u00fcrk bayra\u011f\u0131n\u0131 indirip cep telefonu kameras\u0131yla kayda alan \u015f\u00fcpheli, polis ekipleri taraf\u0131ndan yakaland\u0131. O anlar i\u015f yerinin g\u00fcvenlik kameras\u0131na yans\u0131d\u0131.<\/p>\n","protected":false},"author":1,"featured_media":18724,"comment_status":"open","ping_status":"open","sticky":false,"template":"","format":"standard","meta":{"footnotes":""},"categories":[9,13],"tags":[1902,261],"class_list":["post-18723","post","type-post","status-publish","format-standard","has-post-thumbnail","hentry","category-genel","category-son-dakika","tag-bayragi","tag-polis"],"_links":{"self":[{"href":"https:\/\/bihavadis.com\/index.php\/wp-json\/wp\/v2\/posts\/18723","targetHints":{"allow":["GET"]}}],"collection":[{"href":"https:\/\/bihavadis.com\/index.php\/wp-json\/wp\/v2\/posts"}],"about":[{"href":"https:\/\/bihavadis.com\/index.php\/wp-json\/wp\/v2\/types\/post"}],"author":[{"embeddable":true,"href":"https:\/\/bihavadis.com\/index.php\/wp-json\/wp\/v2\/users\/1"}],"replies":[{"embeddable":true,"href":"https:\/\/bihavadis.com\/index.php\/wp-json\/wp\/v2\/comments?post=18723"}],"version-history":[{"count":1,"href":"https:\/\/bihavadis.com\/index.php\/wp-json\/wp\/v2\/posts\/18723\/revisions"}],"predecessor-version":[{"id":18727,"href":"https:\/\/bihavadis.com\/index.php\/wp-json\/wp\/v2\/posts\/18723\/revisions\/18727"}],"wp:featuredmedia":[{"embeddable":true,"href":"https:\/\/bihavadis.com\/index.php\/wp-json\/wp\/v2\/media\/18724"}],"wp:attachment":[{"href":"https:\/\/bihavadis.com\/index.php\/wp-json\/wp\/v2\/media?parent=18723"}],"wp:term":[{"taxonomy":"category","embeddable":true,"href":"https:\/\/bihavadis.com\/index.php\/wp-json\/wp\/v2\/categories?post=18723"},{"taxonomy":"post_tag","embeddable":true,"href":"https:\/\/bihavadis.com\/index.php\/wp-json\/wp\/v2\/tags?post=18723"}],"curies":[{"name":"wp","href":"https:\/\/api.w.org\/{rel}","templated":true}]}}