{"id":18737,"date":"2026-02-06T16:39:04","date_gmt":"2026-02-06T16:39:04","guid":{"rendered":"https:\/\/bihavadis.com\/?p=18737"},"modified":"2026-02-06T16:39:04","modified_gmt":"2026-02-06T16:39:04","slug":"deprem-bolgesindeki-4-ilde-6-subatta-egitime-ara-verilecek","status":"publish","type":"post","link":"https:\/\/bihavadis.com\/index.php\/2026\/02\/06\/deprem-bolgesindeki-4-ilde-6-subatta-egitime-ara-verilecek\/","title":{"rendered":"Deprem b\u00f6lgesindeki 4 ilde 6 \u015eubat&#8217;ta e\u011fitime ara verilecek"},"content":{"rendered":"<p>Asr\u0131n felaketinin 3&#8217;\u00fcnc\u00fc y\u0131l d\u00f6n\u00fcm\u00fcne say\u0131l\u0131 g\u00fcnler kalan Valilikler pe\u015f pe\u015fe a\u00e7\u0131klamalar yap\u0131yor.<\/p>\n<p>\u0130lk olarak Kahramanmara\u015f Valili\u011fi&#8217;nin duyurdu\u011fu 6 \u015eubat&#8217;ta okul tatiline di\u011fer iller de eklendi.<\/p>\n<p><strong>4 \u0130LDE 6 \u015eUBAT&#8217;TA OKULLAR TAT\u0130L<\/strong><\/p>\n<p>Kahramanmara\u015f, Osmaniye, Ad\u0131yaman ve Gaziantep&#8217;te 6 \u015eubat 2023&#8217;te meydana gelen deprem felaketinin 3. y\u0131l\u0131nda anma program\u0131 ve mezarl\u0131k ziyaretleri dolay\u0131s\u0131yla il genelindeki resmi ve \u00f6zel her kademedeki okullarda e\u011fitim \u00f6\u011fretime bir g\u00fcn ara verilecek.<\/p>\n<p><strong>ADIYAMAN<\/strong><\/p>\n<p>Ad\u0131yaman Valili\u011finden yap\u0131lan a\u00e7\u0131klamada, 6 \u015eubat Kahramanmara\u015f merkezli depremlerin 3. y\u0131ld\u00f6n\u00fcm\u00fc dolay\u0131s\u0131yla kentte d\u00fczenlenecek anma programlar\u0131yla vatanda\u015flar\u0131m\u0131z taraf\u0131ndan ger\u00e7ekle\u015ftirilecek kabristan ve taziye ziyaretleri nedeniyle yo\u011funluk olu\u015fabilece\u011finin de\u011ferlendirildi\u011fi belirtildi.<\/p>\n<p>Bu nedenle kente genelindeki resmi ve \u00f6zel her kademedeki okullarda 6 \u015eubat 2026 Cuma g\u00fcn\u00fc e\u011fitime 1 g\u00fcn s\u00fcreyle ara verildi\u011fi aktar\u0131lan a\u00e7\u0131klamada, <em><b>&#8220;Ayr\u0131ca, anma programlar\u0131 ve kabristan ziyaretlerine kat\u0131lacak kamu kurum ve kurulu\u015flar\u0131nda g\u00f6rev yapan personelimiz, kamu hizmetlerinin aksamamas\u0131 i\u00e7in gerekli t\u00fcm tedbirler al\u0131nacak \u015fekilde ayn\u0131 g\u00fcn idari izinli say\u0131lacakt\u0131r.&#8221; <\/b><\/em>ifadeleri kullan\u0131ld\u0131.<\/p>\n<p><strong>GAZ\u0130ANTEP<\/strong><\/p>\n<p>Gaziantep&#8217;te, 6 \u015eubat 2023&#8217;te meydana gelen deprem felaketinin 3. y\u0131l\u0131nda anma program\u0131 ve mezarl\u0131k ziyaretleri dolay\u0131s\u0131yla il genelindeki resmi ve \u00f6zel her kademedeki okullarda e\u011fitim \u00f6\u011fretime bir g\u00fcn ara verilece\u011fi bildirildi.<\/p>\n<p>Valilikten yap\u0131lan a\u00e7\u0131klamada, 6 \u015eubat 2023 tarihinde kentte meydana gelen deprem felaketinin y\u0131ld\u00f6n\u00fcm\u00fc sebebiyle kabir ziyaretleri ve di\u011fer etkinliklere kat\u0131l\u0131m\u0131 kolayla\u015ft\u0131rmak amac\u0131yla 6 \u015eubat Cuma g\u00fcn\u00fc e\u011fitim ve \u00f6\u011fretime kent genelinde 1 g\u00fcn s\u00fcreyle ara verilece\u011fi belirtildi.<\/p>\n<p>Ayr\u0131ca, kurum y\u00f6neticileri taraf\u0131ndan gerekli tedbirler alnarak hizmetlerin aksamamas\u0131 ve zorunlu hizmetlerin y\u00fcr\u00fct\u00fclmesi i\u00e7in asgari d\u00fczeyde personel bulundurulmas\u0131 kayd\u0131yla, anma program\u0131na kat\u0131lacak, kabristan ziyareti yapacak kamu kurum ve kurulu\u015flar\u0131ndaki \u00e7al\u0131\u015fanlar da 6 \u015eubat Cuma g\u00fcn\u00fc 1 g\u00fcn idari izinli say\u0131lacak.<\/p>\n<p><img decoding=\"async\" src=\"https:\/\/bihavadis.com\/wp-content\/uploads\/2026\/02\/deprem-bolgesindeki-4-ilde-6-subatta-egitime-ara-verilecek-0-Z8tmazWB.jpg\"\/><\/p>\n<p><strong>OSMAN\u0130YE<\/strong><\/p>\n<p>Osmaniye&#8217;de, 6 \u015eubat 2023&#8217;te meydana gelen deprem felaketinin 3. y\u0131l\u0131nda anma program\u0131 ve mezarl\u0131k ziyaretleri dolay\u0131s\u0131yla il genelindeki resmi ve \u00f6zel okullarda e\u011fitim \u00f6\u011fretime bir g\u00fcn ara verilece\u011fi bildirildi.<\/p>\n<p>Valilikten yap\u0131lan a\u00e7\u0131klamada, Kahramanmara\u015f merkezli 6 \u015eubat 2023&#8217;teki depremlerin y\u0131l d\u00f6n\u00fcm\u00fcnde, ilde d\u00fczenlenecek anma programlar\u0131, taziye ve mezarl\u0131k ziyaretleri dolay\u0131s\u0131yla trafik yo\u011funlu\u011funun olu\u015fabilece\u011fi belirtildi.<\/p>\n<p>Bu nedenle kent genelindeki resmi ve \u00f6zel e\u011fitim kurumlar\u0131nda 6 \u015eubat 2026 Cuma g\u00fcn\u00fc e\u011fitime 1 g\u00fcn s\u00fcreyle ara verildi\u011finin aktar\u0131ld\u0131\u011f\u0131 a\u00e7\u0131klamada, <em><b>&#8220;Hizmetlerin aksamamas\u0131 i\u00e7in kurum y\u00f6neticileri taraf\u0131ndan gerekli tedbirlerin al\u0131nmas\u0131 kayd\u0131yla t\u00fcm kamu kurum ve kurulu\u015flar\u0131ndaki \u00e7al\u0131\u015fanlar 6 \u015eubat 2026 tarihinde idari izinli say\u0131lacakt\u0131r.&#8221;<\/b><\/em> ifadeleri kullan\u0131ld\u0131.<\/p>\n<p><strong>KAHRAMANMARA\u015e<\/strong><\/p>\n<p>Kahramanmara\u015f&#8217;ta, 6 \u015eubat 2023&#8217;te meydana gelen deprem felaketinin 3. y\u0131l\u0131nda anma program\u0131 ve mezarl\u0131k ziyaretleri dolay\u0131s\u0131yla il genelindeki resmi ve \u00f6zel her kademedeki okullarda e\u011fitim \u00f6\u011fretime bir g\u00fcn ara verilece\u011fi bildirildi.<\/p>\n<p>Valilikten yap\u0131lan a\u00e7\u0131klamada, Kahramanmara\u015f merkezli 6 \u015eubat 2023&#8217;teki depremlerin y\u0131l d\u00f6n\u00fcm\u00fcnde, ilde d\u00fczenlenecek anma programlar\u0131, vatanda\u015flar taraf\u0131ndan ger\u00e7ekle\u015ftirilecek mezarl\u0131k ve taziye ziyaretleri dolay\u0131s\u0131yla trafik yo\u011funlu\u011funun olu\u015fabilece\u011fi belirtildi.<\/p>\n<p>A\u00e7\u0131klamada, \u015fu ifadelere yer verildi:<\/p>\n<p>\u0130limiz genelindeki resmi ve \u00f6zel her kademedeki okullarda e\u011fitim \u00f6\u011fretime 6 \u015eubat 2026 Cuma tarihinde 1 g\u00fcn s\u00fcreyle ara verilmi\u015ftir. Kurum y\u00f6neticileri taraf\u0131ndan gerekli tedbirlerin al\u0131narak hizmetlerin aksat\u0131lmamas\u0131 ve zorunlu hizmetlerin y\u00fcr\u00fct\u00fclmesi (sa\u011fl\u0131k, ula\u015f\u0131m, asayi\u015f\/g\u00fcvenlik vs) i\u00e7in asgari d\u00fczeyde personel bulundurulmas\u0131 kayd\u0131yla kamu kurum ve kurulu\u015flar\u0131ndaki b\u00fct\u00fcn \u00e7al\u0131\u015fanlar 6 \u015eubat 2026 tarihinde idari izinli say\u0131lacakt\u0131r.<\/p>\n","protected":false},"excerpt":{"rendered":"<p>Kahramanmara\u015f, Osmaniye, Ad\u0131yaman ve Gaziantep&#8217;te 6 \u015eubat 2023&#8217;te meydana gelen deprem felaketinin 3. y\u0131l\u0131nda anma program\u0131 ve mezarl\u0131k ziyaretleri dolay\u0131s\u0131yla il genelindeki okullarda e\u011fitim \u00f6\u011fretime bir g\u00fcn ara verilecek.<\/p>\n","protected":false},"author":1,"featured_media":18738,"comment_status":"open","ping_status":"open","sticky":false,"template":"","format":"standard","meta":{"footnotes":""},"categories":[7],"tags":[3419,1318,236,3347,1570],"class_list":["post-18737","post","type-post","status-publish","format-standard","has-post-thumbnail","hentry","category-egitim","tag-6-subat","tag-aciklamada","tag-gun","tag-kahramanmaras","tag-kurum"],"_links":{"self":[{"href":"https:\/\/bihavadis.com\/index.php\/wp-json\/wp\/v2\/posts\/18737","targetHints":{"allow":["GET"]}}],"collection":[{"href":"https:\/\/bihavadis.com\/index.php\/wp-json\/wp\/v2\/posts"}],"about":[{"href":"https:\/\/bihavadis.com\/index.php\/wp-json\/wp\/v2\/types\/post"}],"author":[{"embeddable":true,"href":"https:\/\/bihavadis.com\/index.php\/wp-json\/wp\/v2\/users\/1"}],"replies":[{"embeddable":true,"href":"https:\/\/bihavadis.com\/index.php\/wp-json\/wp\/v2\/comments?post=18737"}],"version-history":[{"count":1,"href":"https:\/\/bihavadis.com\/index.php\/wp-json\/wp\/v2\/posts\/18737\/revisions"}],"predecessor-version":[{"id":18740,"href":"https:\/\/bihavadis.com\/index.php\/wp-json\/wp\/v2\/posts\/18737\/revisions\/18740"}],"wp:featuredmedia":[{"embeddable":true,"href":"https:\/\/bihavadis.com\/index.php\/wp-json\/wp\/v2\/media\/18738"}],"wp:attachment":[{"href":"https:\/\/bihavadis.com\/index.php\/wp-json\/wp\/v2\/media?parent=18737"}],"wp:term":[{"taxonomy":"category","embeddable":true,"href":"https:\/\/bihavadis.com\/index.php\/wp-json\/wp\/v2\/categories?post=18737"},{"taxonomy":"post_tag","embeddable":true,"href":"https:\/\/bihavadis.com\/index.php\/wp-json\/wp\/v2\/tags?post=18737"}],"curies":[{"name":"wp","href":"https:\/\/api.w.org\/{rel}","templated":true}]}}