{"id":18776,"date":"2026-02-06T17:12:07","date_gmt":"2026-02-06T17:12:07","guid":{"rendered":"https:\/\/bihavadis.com\/?p=18776"},"modified":"2026-02-06T17:12:07","modified_gmt":"2026-02-06T17:12:07","slug":"kolombiya-devlet-baskani-petro-gustavo-donald-trump-ile-bir-araya-geldi","status":"publish","type":"post","link":"https:\/\/bihavadis.com\/index.php\/2026\/02\/06\/kolombiya-devlet-baskani-petro-gustavo-donald-trump-ile-bir-araya-geldi\/","title":{"rendered":"Kolombiya Devlet Ba\u015fkan\u0131 Petro Gustavo, Donald Trump ile bir araya geldi"},"content":{"rendered":"<p>Beyaz Saray&#8217;da kritik g\u00f6r\u00fc\u015fme&#8230;<\/p>\n<p>Kolombiya Devlet Ba\u015fkan\u0131 Petro Gustavo, ABD Ba\u015fkan\u0131 Donald Trump ile bir araya geldi.\u00a0<\/p>\n<p>Pedro, Ba\u015fkan Trump taraf\u0131ndan kar\u015f\u0131lan\u0131rken ikili k\u0131sa s\u00fcreli bir sohbetin ard\u0131ndan i\u00e7eri ge\u00e7ti.\u00a0<\/p>\n<p><strong>BASIN \u0130\u00c7ER\u0130 ALINMADI<\/strong><\/p>\n<p>Heyetlerin yer ald\u0131\u011f\u0131 g\u00f6r\u00fc\u015fmeye gazeteciler al\u0131nmad\u0131.\u00a0<\/p>\n<p>\u00d6te yandan Beyaz Saray, bas\u0131na kapal\u0131 ger\u00e7ekle\u015ftirilen g\u00f6r\u00fc\u015fmeye ili\u015fkin bir foto\u011fraf payla\u015ft\u0131.\u00a0<\/p>\n<p><img decoding=\"async\" src=\"https:\/\/bihavadis.com\/wp-content\/uploads\/2026\/02\/kolombiya-devlet-baskani-petro-gustavo-donald-trump-ile-bir-araya-geldi-0-3WyC6sdc.jpg\"\/><\/p>\n<p><strong>TRUMP TEHD\u0130T ETM\u0130\u015eT\u0130<\/strong><\/p>\n<p>Trump daha \u00f6nce Petro i\u00e7in,\u00a0<em><b>&#8220;Kolombiya Devlet Ba\u015fkan\u0131&#8217;n\u0131n kokain fabrikalar\u0131 var ve dikkatli olmal\u0131. <\/b><\/em><\/p>\n<p><em><b>K\u0131\u00e7\u0131n\u0131 kollasa iyi olur.&#8221;<\/b><\/em> ifadelerini kullanm\u0131\u015ft\u0131.<\/p>\n<p><strong>&#8220;YEN\u0130DEN S\u0130LAH KULLANACA\u011eIM&#8221;<\/strong><\/p>\n<p>Petro ise bu a\u00e7\u0131klamaya kar\u015f\u0131l\u0131k olarak\u00a0ABD&#8217;nin olas\u0131 m\u00fcdahalesine kar\u015f\u0131 direneceklerini belirterek <em><b>&#8220;Asker olmam\u0131\u015f olsam da, sava\u015f ve gizli operasyonlar hakk\u0131nda bilgi sahibiyim.<\/b><\/em><\/p>\n<p><em><b>1989 Bar\u0131\u015f Anla\u015fmas\u0131&#8217;ndan sonra bir daha asla silah kullanmayaca\u011f\u0131ma yemin etmi\u015ftim, ancak \u00fclkem u\u011fruna, istemedi\u011fim silahlar\u0131 tekrar kullanaca\u011f\u0131m.&#8221;<\/b><\/em>\u00a0dedi.<\/p>\n<p><img decoding=\"async\" src=\"https:\/\/bihavadis.com\/wp-content\/uploads\/2026\/02\/kolombiya-devlet-baskani-petro-gustavo-donald-trump-ile-bir-araya-geldi-1-pI6JyeyK.jpg\"\/><\/p>\n<p><strong>TELEFONDA G\u00d6R\u00dc\u015eM\u00dc\u015eLERD\u0130<\/strong><\/p>\n<p>\u0130kili bu a\u00e7\u0131klamalardan k\u0131sa bir s\u00fcre sonra bir telefon g\u00f6r\u00fc\u015fmesi ger\u00e7ekle\u015ftirmi\u015fti.\u00a0<\/p>\n<p>Kolombiya Cumhurba\u015fkan\u0131 Gustavo Petro&#8217;nun kendisini telefonla arad\u0131\u011f\u0131n\u0131 a\u00e7\u0131klayan ABD Ba\u015fkan\u0131 Donald Trump, yak\u0131n zamanda kendisiyle g\u00f6r\u00fc\u015fmeyi d\u00f6rt g\u00f6zle bekledi\u011fini ifade etmi\u015fti.\u00a0<\/p>\n<p><strong>&#8220;G\u00d6R\u00dc\u015e AYRILIKLARI KONU\u015eULDU&#8221;<\/strong><\/p>\n<p>Kolombiya Cumhurba\u015fkan\u0131 Gustavo Petro ise, ABD Ba\u015fkan\u0131 Donald Trump ile yapt\u0131\u011f\u0131 telefon g\u00f6r\u00fc\u015fmesinde Venezuela&#8217;daki geli\u015fmeler, uyu\u015fturucu ka\u00e7ak\u00e7\u0131l\u0131\u011f\u0131yla m\u00fccadele ve iki \u00fclke aras\u0131ndaki ileti\u015fimin s\u00fcrd\u00fcr\u00fclmesinin \u00f6nemini ele ald\u0131klar\u0131n\u0131 s\u00f6ylemi\u015fti.\u00a0<\/p>\n<p>Petro, <b><em>&#8220;Ba\u015fkan Trump ile konu\u015ftu\u011fumuz \u015feyler aras\u0131nda, ABD&#8217;nin Latin Amerika ile ili\u015fkisine dair sahip oldu\u011fu vizyon konusunda ya\u015fad\u0131\u011f\u0131m\u0131z g\u00f6r\u00fc\u015f ayr\u0131l\u0131\u011f\u0131 da vard\u0131.&#8221;<\/em> <\/b>ifadelerine yer vermi\u015fti.\u00a0<\/p>\n<p><img decoding=\"async\" src=\"https:\/\/bihavadis.com\/wp-content\/uploads\/2026\/02\/kolombiya-devlet-baskani-petro-gustavo-donald-trump-ile-bir-araya-geldi-2-K6OYFH1z.jpg\"\/><\/p>\n","protected":false},"excerpt":{"rendered":"<p>ABD Ba\u015fkan\u0131 Donald Trump ile Kolombiya Cumhurba\u015fkan\u0131 Gustavo Petro Beyaz Saray&#8217;da bir araya gelerek g\u00f6r\u00fc\u015fme ger\u00e7ekle\u015ftirdi.<\/p>\n","protected":false},"author":1,"featured_media":18777,"comment_status":"open","ping_status":"open","sticky":false,"template":"","format":"standard","meta":{"footnotes":""},"categories":[6],"tags":[272,986,2222,526,1369],"class_list":["post-18776","post","type-post","status-publish","format-standard","has-post-thumbnail","hentry","category-dunya","tag-abd","tag-baskani","tag-gorus","tag-petro","tag-trump"],"_links":{"self":[{"href":"https:\/\/bihavadis.com\/index.php\/wp-json\/wp\/v2\/posts\/18776","targetHints":{"allow":["GET"]}}],"collection":[{"href":"https:\/\/bihavadis.com\/index.php\/wp-json\/wp\/v2\/posts"}],"about":[{"href":"https:\/\/bihavadis.com\/index.php\/wp-json\/wp\/v2\/types\/post"}],"author":[{"embeddable":true,"href":"https:\/\/bihavadis.com\/index.php\/wp-json\/wp\/v2\/users\/1"}],"replies":[{"embeddable":true,"href":"https:\/\/bihavadis.com\/index.php\/wp-json\/wp\/v2\/comments?post=18776"}],"version-history":[{"count":1,"href":"https:\/\/bihavadis.com\/index.php\/wp-json\/wp\/v2\/posts\/18776\/revisions"}],"predecessor-version":[{"id":18781,"href":"https:\/\/bihavadis.com\/index.php\/wp-json\/wp\/v2\/posts\/18776\/revisions\/18781"}],"wp:featuredmedia":[{"embeddable":true,"href":"https:\/\/bihavadis.com\/index.php\/wp-json\/wp\/v2\/media\/18777"}],"wp:attachment":[{"href":"https:\/\/bihavadis.com\/index.php\/wp-json\/wp\/v2\/media?parent=18776"}],"wp:term":[{"taxonomy":"category","embeddable":true,"href":"https:\/\/bihavadis.com\/index.php\/wp-json\/wp\/v2\/categories?post=18776"},{"taxonomy":"post_tag","embeddable":true,"href":"https:\/\/bihavadis.com\/index.php\/wp-json\/wp\/v2\/tags?post=18776"}],"curies":[{"name":"wp","href":"https:\/\/api.w.org\/{rel}","templated":true}]}}