{"id":18800,"date":"2026-02-06T17:30:07","date_gmt":"2026-02-06T17:30:07","guid":{"rendered":"https:\/\/bihavadis.com\/?p=18800"},"modified":"2026-02-06T17:30:07","modified_gmt":"2026-02-06T17:30:07","slug":"turkiye-ile-suudi-arabistan-2-milyar-dolarlik-enerji-anlasmasi-imzaladi","status":"publish","type":"post","link":"https:\/\/bihavadis.com\/index.php\/2026\/02\/06\/turkiye-ile-suudi-arabistan-2-milyar-dolarlik-enerji-anlasmasi-imzaladi\/","title":{"rendered":"T\u00fcrkiye ile Suudi Arabistan 2 milyar dolarl\u0131k enerji anla\u015fmas\u0131 imzalad\u0131"},"content":{"rendered":"<p>Cumhurba\u015fkan\u0131 Recep Tayyip Erdo\u011fan, Suudi Arabistan&#8217;da&#8230;<\/p>\n<p>T\u00fcrkiye\u2019nin Orta Do\u011fu ile diplomatik temaslar\u0131 ivme kazan\u0131rken\u00a0 Cumhurba\u015fkan\u0131 Recep Tayyip Erdo\u011fan, ikili ili\u015fkileri daha ileri bir seviyeye ta\u015f\u0131mak amac\u0131yla Veliaht Prens Muhammed bin Selman\u2019\u0131n daveti \u00fczerine Suudi Arabistan\u2019a resmi bir ziyaret ger\u00e7ekle\u015ftirdi.<\/p>\n<p>Cumhurba\u015fkan\u0131 Erdo\u011fan, burada\u00a0Suudi Arabistan Veliaht Prensi Muhammed bin Selman ile bir araya geldi.\u00a0<\/p>\n<p>\u0130ki lider, beraberindeki heyetlerin de kat\u0131l\u0131m\u0131 ile bir g\u00f6r\u00fc\u015fme ger\u00e7ekle\u015ftirdi.\u00a0<\/p>\n<p><strong>4 ANLA\u015eMA \u0130MZALANDI<\/strong><\/p>\n<p>G\u00f6r\u00fc\u015fme kapsam\u0131nda\u00a0T\u00fcrkiye ile Suudi Arabistan aras\u0131nda d\u00f6rt anla\u015fma imzaland\u0131.<\/p>\n<p>Anla\u015fmalara ili\u015fkin s\u00f6z konusu a\u00e7\u0131klama\u00a0Enerji ve Tabii Kaynaklar Bakan\u0131 Alparslan Bayraktar&#8217;dan geldi.<\/p>\n<p><img decoding=\"async\" src=\"https:\/\/bihavadis.com\/wp-content\/uploads\/2026\/02\/turkiye-ile-suudi-arabistan-2-milyar-dolarlik-enerji-anlasmasi-imzaladi-0-tw5Yjubq.jpg\"\/><\/p>\n<p><strong>2 M\u0130LYAR DOLARLIK ENERJ\u0130 ANLA\u015eMASI<\/strong><\/p>\n<p>Bayraktar, Suudi Arabistan ile 2 milyar dolarl\u0131k bir enerji yat\u0131r\u0131m\u0131 anla\u015fmas\u0131n\u0131n imzaland\u0131\u011f\u0131n\u0131 a\u00e7\u0131klad\u0131.<\/p>\n<p>Anla\u015fma, ilk k\u0131sm\u0131nda 2 bin megavatl\u0131k g\u00fcne\u015f enerjisi projelerini i\u00e7eriyor.<\/p>\n<p>Bayraktar ayr\u0131ca,\u00a0Suudi Arabistan merkezli ACWA Enerji \u015eirketi\u2019nin T\u00fcrkiye\u2019de iki b\u00fcy\u00fck \u00f6l\u00e7ekli g\u00fcne\u015f santrali kuraca\u011f\u0131n\u0131 duyurdu.\u00a0<\/p>\n<p><img decoding=\"async\" src=\"https:\/\/bihavadis.com\/wp-content\/uploads\/2026\/02\/turkiye-ile-suudi-arabistan-2-milyar-dolarlik-enerji-anlasmasi-imzaladi-1-Yvr2CEzY.jpg\"\/><\/p>\n<p><strong>&#8220;T\u00dcRK\u0130YE&#8217;YE, SUUD\u0130A ARAB\u0130STAN TARAFINDAN G\u00dcNE\u015e VE R\u00dcZGAR SANTRALLER\u0130 \u0130N\u015eA ED\u0130LECEK&#8221;<\/strong><\/p>\n<p>Bayraktar sosyal medya hesab\u0131ndan \u015fu a\u00e7\u0131klamay\u0131 yapt\u0131:<\/p>\n<p>Suudi Arabistan\u2019\u0131n ba\u015fkenti Riyad\u2019da Suudi mevkida\u015f\u0131m Say\u0131n Abdulaziz bin Selman Al-Suud ile T\u00fcrkiye Cumhuriyeti H\u00fck\u00fcmeti ile Suudi Arabistan Krall\u0131\u011f\u0131 H\u00fck\u00fcmeti Aras\u0131nda Yenilenebilir Enerji Santrali Projelerine \u0130li\u015fkin H\u00fck\u00fcmetleraras\u0131 Anla\u015fma\u2019ya imza att\u0131k. <\/p>\n<p>Anla\u015fma kapsam\u0131nda T\u00fcrkiye\u2019de toplamda 5.000 MW g\u00fcc\u00fcnde g\u00fcne\u015f ve r\u00fczg\u00e2r santrallerinin Suudi Arabistan \u015firketleri taraf\u0131ndan in\u015fa edilmesini hedefliyoruz. Bunun ilk a\u015famas\u0131 olarak Sivas ve Karaman illerimizde toplam 2.000 MW g\u00fcc\u00fcndeki g\u00fcne\u015f santrali projelerinin hayata ge\u00e7irilmesini kararla\u015ft\u0131rd\u0131k. <\/p>\n<p>Enerji sekt\u00f6r\u00fcm\u00fcze y\u00f6nelik do\u011frudan yabanc\u0131 yat\u0131r\u0131mlar\u0131n en \u00f6nemli \u00f6rneklerinden biri olarak g\u00f6rd\u00fc\u011f\u00fcm\u00fcz bu yat\u0131r\u0131mlar\u0131n tamam\u0131 d\u0131\u015f finansman yoluyla ger\u00e7ekle\u015ftirilecek.<\/p>\n<p><img decoding=\"async\" src=\"https:\/\/bihavadis.com\/wp-content\/uploads\/2026\/02\/turkiye-ile-suudi-arabistan-2-milyar-dolarlik-enerji-anlasmasi-imzaladi-2-ydJEcFFx.jpg\"\/><\/p>\n<p><strong>&#8220;2,1 M\u0130LYON HANEN\u0130N ELEKTR\u0130K \u0130HT\u0130YACI KAR\u015eILANACAK&#8221;<\/strong><\/p>\n<p>Uluslararas\u0131 finans kurulu\u015flar\u0131 taraf\u0131ndan da kredi sa\u011flanacak. Kilovatsaat ba\u015f\u0131na Karaman\u2019da yap\u0131lacak santralden 1,995 euro cent, Sivas\u2019ta yap\u0131lacak santralden ise 2,3415 euro cent \u00fczerinden 25 y\u0131l boyunca elektrik al\u0131m\u0131 yap\u0131lacak. Bu fiyatlar yap\u0131lacak santralleri, T\u00fcrkiye\u2019de in\u015fa edilen yenilenebilir enerji santralleri aras\u0131nda en d\u00fc\u015f\u00fck elektrik sat\u0131\u015f fiyat\u0131 ile \u00f6n plana \u00e7\u0131karacak. <\/p>\n<p>Ayr\u0131ca santraller %50 yerlilik oran\u0131 ile \u00fclkemizin elektrik ekipman ve hizmet sekt\u00f6rlerine de \u00f6nemli katk\u0131 sa\u011flayacak. Yakla\u015f\u0131k 2 milyar dolarl\u0131k yat\u0131r\u0131mla kurulacak g\u00fcne\u015f enerjisi santralleri 2,1 milyon hanenin elektrik ihtiyac\u0131n\u0131 kar\u015f\u0131layacak.<\/p>\n<p> T\u00fcrkiye\u2019nin yat\u0131r\u0131m ortam\u0131na ve T\u00fcrkiye\u2019nin enerji sekt\u00f6r\u00fcne duyulan g\u00fcveni g\u00f6steren bu projeler Say\u0131n Cumhurba\u015fkan\u0131m\u0131z\u0131n ortaya koydu\u011fu 2035 y\u0131l\u0131na kadar 120.000 MW g\u00fcne\u015f ve r\u00fczg\u00e2r kurulu g\u00fcc\u00fcne ula\u015fma hedefi yolunda at\u0131lm\u0131\u015f en \u00f6nemli ad\u0131mlardan biri niteli\u011findedir. Milletimize hay\u0131rl\u0131 olsun.<\/p>\n","protected":false},"excerpt":{"rendered":"<p>Enerji ve Tabii Kaynaklar Bakan\u0131 Alparslan Bayraktar, Suudi Arabistan&#8217;la ilk k\u0131sm\u0131 2 bin megavatl\u0131k g\u00fcne\u015f enerjisi projelerini i\u00e7eren 2 milyar dolarl\u0131k bir enerji yat\u0131r\u0131m\u0131 anla\u015fmas\u0131n\u0131n imzaland\u0131\u011f\u0131n\u0131 a\u00e7\u0131klad\u0131.<\/p>\n","protected":false},"author":1,"featured_media":18801,"comment_status":"open","ping_status":"open","sticky":false,"template":"","format":"standard","meta":{"footnotes":""},"categories":[9,13],"tags":[1426,590,656,514,197],"class_list":["post-18800","post","type-post","status-publish","format-standard","has-post-thumbnail","hentry","category-genel","category-son-dakika","tag-anlasma","tag-enerji","tag-gunes","tag-suudi-arabistan","tag-turkiye"],"_links":{"self":[{"href":"https:\/\/bihavadis.com\/index.php\/wp-json\/wp\/v2\/posts\/18800","targetHints":{"allow":["GET"]}}],"collection":[{"href":"https:\/\/bihavadis.com\/index.php\/wp-json\/wp\/v2\/posts"}],"about":[{"href":"https:\/\/bihavadis.com\/index.php\/wp-json\/wp\/v2\/types\/post"}],"author":[{"embeddable":true,"href":"https:\/\/bihavadis.com\/index.php\/wp-json\/wp\/v2\/users\/1"}],"replies":[{"embeddable":true,"href":"https:\/\/bihavadis.com\/index.php\/wp-json\/wp\/v2\/comments?post=18800"}],"version-history":[{"count":1,"href":"https:\/\/bihavadis.com\/index.php\/wp-json\/wp\/v2\/posts\/18800\/revisions"}],"predecessor-version":[{"id":18805,"href":"https:\/\/bihavadis.com\/index.php\/wp-json\/wp\/v2\/posts\/18800\/revisions\/18805"}],"wp:featuredmedia":[{"embeddable":true,"href":"https:\/\/bihavadis.com\/index.php\/wp-json\/wp\/v2\/media\/18801"}],"wp:attachment":[{"href":"https:\/\/bihavadis.com\/index.php\/wp-json\/wp\/v2\/media?parent=18800"}],"wp:term":[{"taxonomy":"category","embeddable":true,"href":"https:\/\/bihavadis.com\/index.php\/wp-json\/wp\/v2\/categories?post=18800"},{"taxonomy":"post_tag","embeddable":true,"href":"https:\/\/bihavadis.com\/index.php\/wp-json\/wp\/v2\/tags?post=18800"}],"curies":[{"name":"wp","href":"https:\/\/api.w.org\/{rel}","templated":true}]}}