{"id":18833,"date":"2026-02-06T17:48:39","date_gmt":"2026-02-06T17:48:39","guid":{"rendered":"https:\/\/bihavadis.com\/?p=18833"},"modified":"2026-02-06T17:48:39","modified_gmt":"2026-02-06T17:48:39","slug":"osmaniyede-kaza-2-yarali","status":"publish","type":"post","link":"https:\/\/bihavadis.com\/index.php\/2026\/02\/06\/osmaniyede-kaza-2-yarali\/","title":{"rendered":"Osmaniye&#8217;de Kaza: 2 Yaral\u0131"},"content":{"rendered":"<p>\n<p>OSMAN\u0130YE&#8217;nin D\u00fczi\u00e7i il\u00e7esinde s\u00fcr\u00fcc\u00fcs\u00fcn\u00fcn kontrol\u00fcn\u00fc kaybetti\u011fi otomobilin, \u00f6nce ref\u00fcje, ard\u0131ndan da ba\u015fka bir otomobile \u00e7arpmas\u0131 sonucu 2 ki\u015fi yaraland\u0131. Kaza an\u0131, bir i\u015f yerinin g\u00fcvenlik kameras\u0131na yans\u0131d\u0131. <\/p>\n<p>Kaza, saat 21.30 s\u0131ralar\u0131nda Muhsin Yaz\u0131c\u0131o\u011flu Bulvar\u0131&#8217;nda meydana geldi. S\u00fcr\u00fcc\u00fcs\u00fcn\u00fcn ismi ve plakas\u0131 \u00f6\u011frenilemeyen otomobil, ya\u011f\u0131\u015fl\u0131 hava nedeniyle kontrolden \u00e7\u0131k\u0131p, \u00f6nce ref\u00fcje, ard\u0131ndan da ayn\u0131 y\u00f6nde ilerleyen ba\u015fka bir otomobile \u00e7arpt\u0131. Kaza an\u0131, bir i\u015f yerinin g\u00fcvenlik kameras\u0131na anbean yans\u0131d\u0131. \u00c7evredekilerin ihbar\u0131 \u00fczerine kaza yerine polis ve sa\u011fl\u0131k ekipleri sevk edildi. Kazada yaralanan iki ki\u015fi, ambulanslarla hastaneye kald\u0131r\u0131ld\u0131.<\/p>\n<p> Polis, kazayla ilgili soru\u015fturma ba\u015flatt\u0131. <\/p>\n","protected":false},"excerpt":{"rendered":"<p>D\u00fczi\u00e7i&#8217;nde kontrolden \u00e7\u0131kan otomobilin kazas\u0131nda 2 ki\u015fi yaraland\u0131. Polis soru\u015fturma ba\u015flatt\u0131.<\/p>\n","protected":false},"author":1,"featured_media":18834,"comment_status":"open","ping_status":"open","sticky":false,"template":"","format":"standard","meta":{"footnotes":""},"categories":[9,4,13],"tags":[283],"class_list":["post-18833","post","type-post","status-publish","format-standard","has-post-thumbnail","hentry","category-genel","category-gundem","category-son-dakika","tag-kaza"],"_links":{"self":[{"href":"https:\/\/bihavadis.com\/index.php\/wp-json\/wp\/v2\/posts\/18833","targetHints":{"allow":["GET"]}}],"collection":[{"href":"https:\/\/bihavadis.com\/index.php\/wp-json\/wp\/v2\/posts"}],"about":[{"href":"https:\/\/bihavadis.com\/index.php\/wp-json\/wp\/v2\/types\/post"}],"author":[{"embeddable":true,"href":"https:\/\/bihavadis.com\/index.php\/wp-json\/wp\/v2\/users\/1"}],"replies":[{"embeddable":true,"href":"https:\/\/bihavadis.com\/index.php\/wp-json\/wp\/v2\/comments?post=18833"}],"version-history":[{"count":1,"href":"https:\/\/bihavadis.com\/index.php\/wp-json\/wp\/v2\/posts\/18833\/revisions"}],"predecessor-version":[{"id":18835,"href":"https:\/\/bihavadis.com\/index.php\/wp-json\/wp\/v2\/posts\/18833\/revisions\/18835"}],"wp:featuredmedia":[{"embeddable":true,"href":"https:\/\/bihavadis.com\/index.php\/wp-json\/wp\/v2\/media\/18834"}],"wp:attachment":[{"href":"https:\/\/bihavadis.com\/index.php\/wp-json\/wp\/v2\/media?parent=18833"}],"wp:term":[{"taxonomy":"category","embeddable":true,"href":"https:\/\/bihavadis.com\/index.php\/wp-json\/wp\/v2\/categories?post=18833"},{"taxonomy":"post_tag","embeddable":true,"href":"https:\/\/bihavadis.com\/index.php\/wp-json\/wp\/v2\/tags?post=18833"}],"curies":[{"name":"wp","href":"https:\/\/api.w.org\/{rel}","templated":true}]}}