{"id":18859,"date":"2026-02-06T18:15:07","date_gmt":"2026-02-06T18:15:07","guid":{"rendered":"https:\/\/bihavadis.com\/?p=18859"},"modified":"2026-02-06T18:15:07","modified_gmt":"2026-02-06T18:15:07","slug":"gazeteci-nagehan-alci-maalesef-depremzede-rehaveti-olusmus","status":"publish","type":"post","link":"https:\/\/bihavadis.com\/index.php\/2026\/02\/06\/gazeteci-nagehan-alci-maalesef-depremzede-rehaveti-olusmus\/","title":{"rendered":"Gazeteci Nagehan Al\u00e7\u0131: Maalesef depremzede rehaveti olu\u015fmu\u015f"},"content":{"rendered":"<p>CHP Genel Ba\u015fkan\u0131 \u00d6zg\u00fcr \u00d6zel, <em><b>\u201cAsr\u0131n Felaketi\u201d <\/b><\/em>olarak nitelendirilen 6 \u015eubat depremlerinin y\u0131l d\u00f6n\u00fcm\u00fc \u00f6ncesinde deprem b\u00f6lgesine ziyaretler ger\u00e7ekle\u015ftiriyor.<\/p>\n<p>\u00d6zel, ziyaretlerine Osmaniye\u2019den ba\u015flarken konteyner kentlerde kalan depremzedelerle de bir araya geldi.<\/p>\n<p>Ziyaret s\u0131ras\u0131nda bir depremzede ile yap\u0131lan g\u00f6r\u00fc\u015fmeye ili\u015fkin g\u00f6r\u00fcnt\u00fclerin ard\u0131ndan, baz\u0131 bilgilerin \u00e7arp\u0131t\u0131ld\u0131\u011f\u0131 ve kamuoyuna yans\u0131yan g\u00f6r\u00fcnt\u00fclerde yer alan iddialar\u0131n ger\u00e7e\u011fi yans\u0131tmad\u0131\u011f\u0131 y\u00f6n\u00fcnde resmi kurumlardan a\u00e7\u0131klamalar yap\u0131ld\u0131.<\/p>\n<p><strong>\u00d6ZG\u00dcR \u00d6ZEL, ORTALAMA K\u0130RANIN 20 B\u0130N L\u0130RA OLDU\u011eUNU \u0130DD\u0130A ETT\u0130<\/strong><\/p>\n<p>\u00d6zel ayr\u0131ca deprem b\u00f6lgesindeki konut kiralar\u0131n\u0131n ortalama 20 bin lira band\u0131nda oldu\u011funu iddia ederek, <b><em>&#8220;&#8216;Deprem b\u00f6lgesinde 5 bin liraya kiral\u0131k ev var&#8217; diyor. Osmaniye\u2019de 5 bin liraya kiral\u0131k ev var m\u0131? 20 bin diyor, biz bakt\u0131k Osmaniye\u2019de ev kiralar\u0131n\u0131n ortalamas\u0131 tam da 20 bin lira. Asu Ba\u015fkan\u0131ma sordum, en uzak ucuz yerde 15 bin lira dedi. Ortalama 20 bin lira kira var.&#8221;<\/em><\/b> dedi.<\/p>\n<p><img decoding=\"async\" src=\"https:\/\/bihavadis.com\/wp-content\/uploads\/2026\/02\/gazeteci-nagehan-alci-maalesef-depremzede-rehaveti-olusmus-0-PSDSP3T6.jpg\"\/><\/p>\n<p><strong>NAGEHAN AL\u00c7I, DEPREM B\u00d6LGES\u0130 G\u00d6ZLEMLER\u0130N\u0130 YAZDI<\/strong><\/p>\n<p>\u00d6te yandan bir s\u00fcredir deprem b\u00f6lgesinde bulunan ve kendi Youtube kanal\u0131 i\u00e7in \u00e7ekimler yapan gazeteci Nagehan Al\u00e7\u0131, b\u00f6lgeye ili\u015fkin izlenimlerini sosyal medya platformu X \u00fczerinden payla\u015ft\u0131.<\/p>\n<p>Al\u00e7\u0131, deprem b\u00f6lgesinde<em><b> \u201crehavet\u201d<\/b><\/em> olu\u015ftu\u011funu savunarak dikkat \u00e7eken de\u011ferlendirmelerde bulundu.<\/p>\n<p><strong>&#8220;HER \u015eEY\u0130 SONSUZA KADAR DEVLET VEREMEZ&#8221;<\/strong><\/p>\n<p>Deprem b\u00f6lgesinde g\u00fcnlerdir \u00e7ekim yapt\u0131\u011f\u0131n\u0131 belirten Al\u00e7\u0131, CHP Genel Ba\u015fkan\u0131 \u00d6zg\u00fcr \u00d6zel\u2019in konu\u015ftu\u011fu depremzede profiline benzer bir\u00e7ok vatanda\u015fla kar\u015f\u0131la\u015ft\u0131\u011f\u0131n\u0131 ifade etti.<\/p>\n<p>B\u00f6lgede b\u00fcy\u00fck ac\u0131 ve ma\u011fduriyet ya\u015fand\u0131\u011f\u0131n\u0131 vurgulayan Al\u00e7\u0131, buna ra\u011fmen her \u015feyin s\u00fcrekli olarak devlet taraf\u0131ndan kar\u015f\u0131lanamayaca\u011f\u0131n\u0131 dile getirdi.<\/p>\n<p>Al\u00e7\u0131 payla\u015f\u0131m\u0131nda, konteyner kentlerde elektrik, su, \u0131s\u0131nma, g\u0131da ve temel ihtiya\u00e7lar\u0131n devlet taraf\u0131ndan sa\u011flanmas\u0131n\u0131n baz\u0131 depremzedelerde<em><b> \u201cpara harcama refleksini\u201d <\/b><\/em>zay\u0131flatt\u0131\u011f\u0131n\u0131 savundu.<\/p>\n<p>Bu durumun, t\u00fcm zorluklara ra\u011fmen konteynerlerden \u00e7\u0131kmak istememe e\u011filimini art\u0131rd\u0131\u011f\u0131n\u0131 s\u00f6yledi.<\/p>\n<p><strong>&#8220;EVLER TESL\u0130M ED\u0130LD\u0130\u011e\u0130 HALDE KONTEYNERDE KALMAK \u0130STEYEN VAR&#8221;<\/strong><\/p>\n<p>Gazeteci Nagehan Al\u00e7\u0131, hak sahibi olup konutlar\u0131 teslim edilen baz\u0131 vatanda\u015flar\u0131n, elektrik ve \u0131s\u0131nma gibi giderleri kar\u015f\u0131lamak istemedikleri i\u00e7in yeni ve sa\u011flam evlerine ge\u00e7mek yerine konteyner ko\u015fullar\u0131nda ya\u015famay\u0131 tercih etti\u011fini yazd\u0131.<\/p>\n<p>Kirac\u0131 olan depremzedelerin ise b\u00fcy\u00fck \u00e7o\u011funlu\u011funun konteyner kentlerden \u00e7\u0131kmak istemedi\u011fini ve devletten ev talep etti\u011fini belirten Al\u00e7\u0131, kirac\u0131lara hak sahipleriyle ayn\u0131 ko\u015fullarda konut sa\u011flanmas\u0131n\u0131n hem ekonomi \u00fczerinde b\u00fcy\u00fck bir y\u00fck olu\u015fturaca\u011f\u0131n\u0131 hem de adil olmayaca\u011f\u0131n\u0131 savundu.<\/p>\n<p>Al\u00e7\u0131, <b><em>\u201cAdalet ve e\u015fitlik ayn\u0131 \u015fey de\u011fildir, hatta \u00e7o\u011fu zaman birbiriyle \u00e7eli\u015fir\u201d<\/em><\/b> ifadelerini kulland\u0131.<\/p>\n<p><strong>&#8220;K\u0130RA BEDELLER\u0130 8-9 B\u0130N L\u0130RA BANDINDA&#8221;<\/strong><\/p>\n<p>Al\u00e7\u0131, devletin deprem b\u00f6lgesinde on binlerce modern ve nitelikli konut in\u015fa etti\u011fini belirterek, bu konutlar\u0131n tamam\u0131n\u0131 gezdi\u011fini aktard\u0131.<\/p>\n<p>Deprem b\u00f6lgesinde yap\u0131lan 3+1, yeni dairelerin kira bedellerinin 8-9 bin lira band\u0131nda oldu\u011funu s\u00f6yleyen Al\u00e7\u0131, bu rakamlar\u0131n \u0130stanbul ve Ankara\u2019daki kira fiyatlar\u0131yla k\u0131yasland\u0131\u011f\u0131nda olduk\u00e7a d\u00fc\u015f\u00fck kald\u0131\u011f\u0131n\u0131 ifade etti.<\/p>\n<p>Hatay, Malatya ve Ad\u0131yaman\u2019\u0131 kar\u0131\u015f kar\u0131\u015f dola\u015ft\u0131\u011f\u0131n\u0131 vurgulayan Al\u00e7\u0131, depremden bu yana ge\u00e7en yakla\u015f\u0131k \u00fc\u00e7 y\u0131la dair y\u00fczlerce vatanda\u015fla g\u00f6r\u00fc\u015ft\u00fc\u011f\u00fcn\u00fc, yapt\u0131\u011f\u0131 r\u00f6portajlar\u0131n yak\u0131n zamanda Youtube kanal\u0131nda yay\u0131mlanaca\u011f\u0131n\u0131 s\u00f6yleyerek s\u00f6zlerini bitirdi.<\/p>\n<p><img decoding=\"async\" src=\"https:\/\/bihavadis.com\/wp-content\/uploads\/2026\/02\/gazeteci-nagehan-alci-maalesef-depremzede-rehaveti-olusmus-1-BwtgYFmy.jpg\"\/><\/p>\n","protected":false},"excerpt":{"rendered":"<p>CHP Genel Ba\u015fkan\u0131 \u00d6zg\u00fcr \u00d6zel&#8217;in deprem b\u00f6lgesine ger\u00e7ekle\u015ftirdi\u011fi ziyaretler esnas\u0131nda bas\u0131na yans\u0131yan g\u00f6r\u00fcnt\u00fcler ve \u00d6zel&#8217;in s\u00f6ylemlerinin ard\u0131ndan gazeteci Nagehan Al\u00e7\u0131, deprem b\u00f6lgesindeki izlenimlerini okurlar\u0131yla payla\u015ft\u0131.<\/p>\n","protected":false},"author":1,"featured_media":18860,"comment_status":"open","ping_status":"open","sticky":false,"template":"","format":"standard","meta":{"footnotes":""},"categories":[9,13],"tags":[3485,907,60,3486,842],"class_list":["post-18859","post","type-post","status-publish","format-standard","has-post-thumbnail","hentry","category-genel","category-son-dakika","tag-alci","tag-bin-lira","tag-deprem","tag-deprem-bolgesi","tag-kira"],"_links":{"self":[{"href":"https:\/\/bihavadis.com\/index.php\/wp-json\/wp\/v2\/posts\/18859","targetHints":{"allow":["GET"]}}],"collection":[{"href":"https:\/\/bihavadis.com\/index.php\/wp-json\/wp\/v2\/posts"}],"about":[{"href":"https:\/\/bihavadis.com\/index.php\/wp-json\/wp\/v2\/types\/post"}],"author":[{"embeddable":true,"href":"https:\/\/bihavadis.com\/index.php\/wp-json\/wp\/v2\/users\/1"}],"replies":[{"embeddable":true,"href":"https:\/\/bihavadis.com\/index.php\/wp-json\/wp\/v2\/comments?post=18859"}],"version-history":[{"count":1,"href":"https:\/\/bihavadis.com\/index.php\/wp-json\/wp\/v2\/posts\/18859\/revisions"}],"predecessor-version":[{"id":18863,"href":"https:\/\/bihavadis.com\/index.php\/wp-json\/wp\/v2\/posts\/18859\/revisions\/18863"}],"wp:featuredmedia":[{"embeddable":true,"href":"https:\/\/bihavadis.com\/index.php\/wp-json\/wp\/v2\/media\/18860"}],"wp:attachment":[{"href":"https:\/\/bihavadis.com\/index.php\/wp-json\/wp\/v2\/media?parent=18859"}],"wp:term":[{"taxonomy":"category","embeddable":true,"href":"https:\/\/bihavadis.com\/index.php\/wp-json\/wp\/v2\/categories?post=18859"},{"taxonomy":"post_tag","embeddable":true,"href":"https:\/\/bihavadis.com\/index.php\/wp-json\/wp\/v2\/tags?post=18859"}],"curies":[{"name":"wp","href":"https:\/\/api.w.org\/{rel}","templated":true}]}}