{"id":18877,"date":"2026-02-06T18:30:11","date_gmt":"2026-02-06T18:30:11","guid":{"rendered":"https:\/\/bihavadis.com\/?p=18877"},"modified":"2026-02-06T18:30:11","modified_gmt":"2026-02-06T18:30:11","slug":"epstein-dosyasindan-trumpi-suclayan-elon-muskin-kendisi-cikti-adaya-ne-zaman-gidelim-diye-sormus","status":"publish","type":"post","link":"https:\/\/bihavadis.com\/index.php\/2026\/02\/06\/epstein-dosyasindan-trumpi-suclayan-elon-muskin-kendisi-cikti-adaya-ne-zaman-gidelim-diye-sormus\/","title":{"rendered":"Epstein dosyas\u0131ndan Trump&#8217;\u0131 su\u00e7layan Elon Musk&#8217;\u0131n kendisi \u00e7\u0131kt\u0131! &#8220;Adaya ne zaman gidelim&#8221; diye sormu\u015f"},"content":{"rendered":"<p>ABD Adalet Bakan\u0131 Yard\u0131mc\u0131s\u0131 Todd Blanche, bug\u00fcn Adalet Bakanl\u0131\u011f\u0131&#8217;nda bir bas\u0131n toplant\u0131s\u0131 d\u00fczenleyerek cinsel istismar ve re\u015fit olmayan k\u0131z \u00e7ocuklar\u0131n\u0131n fuhu\u015fa zorlanmas\u0131 gibi su\u00e7lamalarla yarg\u0131lan\u0131rken hapishanede \u00f6l\u00fc bulunan Amerikal\u0131 milyarder Jeffrey Epstein ile ilgili yeni yay\u0131nlanan belgelere ili\u015fkin a\u00e7\u0131klamalarda bulundu. <\/p>\n<p><b>3,5 M\u0130LYON SAYFA BELGE, 180 B\u0130N FOTO\u011eRAF VE 2 B\u0130N V\u0130DEO YAYINLANDI<\/b><\/p>\n<p>Bas\u0131n toplant\u0131s\u0131nda Blanche, Adalet Bakanl\u0131\u011f\u0131&#8217;n\u0131n \u015feffafl\u0131k yasas\u0131 \u00e7er\u00e7evesinde Epstein&#8217;e ili\u015fkin olarak 3,5 milyon sayfa belge, 180 bin foto\u011fraf ve iki bin video yay\u0131nlad\u0131\u011f\u0131n\u0131 a\u00e7\u0131klad\u0131. <\/p>\n<div>\n<figure><img decoding=\"async\" src=\"https:\/\/bihavadis.com\/wp-content\/uploads\/2026\/02\/epstein-dosyasindan-trumpi-suclayan-elon-muskin-kendisi-cikti-adaya-ne-zaman-gidelim-diye-sormus-5xgNGA8U.jpg\"\/><\/figure>\n<\/div>\n<p>Blanche, dosyalar\u0131n yay\u0131nlanmas\u0131 s\u00fcrecinde hukuk\u00e7ular ve uzmanlardan olu\u015fan 500&#8217;den fazla profesyonelin gece g\u00fcnd\u00fcz \u00e7al\u0131\u015ft\u0131\u011f\u0131n\u0131 s\u00f6yledi. Adalet Bakan\u0131 Yard\u0131mc\u0131s\u0131, 2 bin video ve 180 bin foto\u011fraf\u0131n Epstein&#8217;in yan\u0131 s\u0131ra \u00e7evresindekiler taraf\u0131ndan \u00e7ekilen ve kaydedilen materyalleri de kapsad\u0131\u011f\u0131n\u0131 ifade ederken, payla\u015f\u0131lan dosyalarda kurbanlar\u0131n te\u015fhis edilmesini sa\u011flayacak veriler, t\u0131bbi veriler, \u00e7ocuk istismar\u0131 i\u00e7eren materyaller ve soru\u015fturmaya zarar verecek materyallerde gidildi\u011fini bildirdi.<\/p>\n<p>Blanche, redaksiyon s\u00fcrecinde dosyalarda Epstein&#8217;in eski sevgilisi Ghislaine Maxwell haricindeki t\u00fcm kad\u0131nlar\u0131n y\u00fczlerinin gizlendi\u011fini fakat hi\u00e7bir erke\u011fin y\u00fcz\u00fcn\u00fcn gizlenmedi\u011fini s\u00f6yledi. <\/p>\n<div>\n<figure><img decoding=\"async\" src=\"https:\/\/bihavadis.com\/wp-content\/uploads\/2026\/02\/epstein-dosyasindan-trumpi-suclayan-elon-muskin-kendisi-cikti-adaya-ne-zaman-gidelim-diye-sormus-y8yS7efA.jpg\"\/>Jeffrey Epstein &#8211; Ghislaine Maxwell <\/figure>\n<\/div>\n<p><b>&#8220;BA\u015eKAN TRUMP&#8217;I KORUMAYA \u00c7ALI\u015eMADIK&#8221; <\/b><\/p>\n<p>Blanche, Adalet Bakanl\u0131\u011f\u0131&#8217;n\u0131n Epstein dosyalar\u0131n\u0131n payla\u015f\u0131lmadan \u00f6nceki redaksiyonunda bir d\u00f6nem Epstein ile dostluk ili\u015fkisi olan ABD Ba\u015fkan\u0131 Donald Trump&#8217;\u0131n korunmas\u0131 i\u00e7in bir \u00e7aba g\u00f6stermediklerini s\u00f6yledi. Epstein dosyalar\u0131nda Trump&#8217;a ili\u015fkin t\u00fcm belge, foto\u011fraf ve bilgilerin payla\u015f\u0131l\u0131p payla\u015f\u0131lmad\u0131\u011f\u0131na ili\u015fkin bir soruya cevap veren Blanche, &#8220;Sizleri, \u015feffafl\u0131k yasas\u0131na riayet etti\u011fimiz konusunda sizleri temin etmek isterim. Ba\u015fkan Trump&#8217;\u0131 korumad\u0131k. Kimseyi korumad\u0131k ve korumuyoruz&#8221; dedi. <\/p>\n<p>Blanche, Ba\u015fkan Trump&#8217;\u0131n Epstein dosyalar\u0131 konusunda \u015feffaf olunmas\u0131 ve talimat\u0131 verdi\u011fini ve bakanl\u0131\u011f\u0131n da bu talimat\u0131 yerine getirdi\u011fini s\u00f6ylerken, ABD Kongresi \u00fcyelerinin t\u00fcm\u00fcn\u00fcn dosyalar\u0131n redakte edilmemi\u015f halini g\u00f6r\u00fcnt\u00fcleyebildiklerini de ifade etti. Blanche, bakanl\u0131\u011f\u0131n Epstein dosyalar\u0131n\u0131n yay\u0131nlanmas\u0131ndaki gecikmeyi ise Epstein&#8217;in istismar etti\u011fi kurbanlar\u0131n korunmas\u0131 i\u00e7in itinal\u0131 davran\u0131lmas\u0131 olarak a\u00e7\u0131klad\u0131. <\/p>\n<div>\n<figure><img decoding=\"async\" src=\"https:\/\/bihavadis.com\/wp-content\/uploads\/2026\/02\/epstein-dosyasindan-trumpi-suclayan-elon-muskin-kendisi-cikti-adaya-ne-zaman-gidelim-diye-sormus-ZHgbSCq9.jpg\"\/>Todd Blanche<\/figure>\n<\/div>\n<p><b>&#8220;KURBANLARIN MAHREM\u0130YET\u0130 \u0130HLAL ED\u0130LD\u0130&#8221; <\/b><\/p>\n<p>Jeffrey Epstein&#8217;in istismar kurbanlar\u0131ndan onlarcas\u0131n\u0131n avukatl\u0131\u011f\u0131n\u0131 \u00fcstlenmi\u015f olan hukuk\u00e7u Bradley Edwards, yeni yay\u0131nlanan dosyalardaki redaksiyonun yetersizli\u011fi nedeniyle \u00e7ok say\u0131da cinsel istismar kurban\u0131n\u0131n mahremiyetlerini ihlal etti\u011fini savundu. Edwards, bakanl\u0131\u011f\u0131n Epstein&#8217;in kurbanlar\u0131n\u0131n tam listesine sahip oldu\u011funu ve redaksiyonlar\u0131n yetersizli\u011finin hata eseri olamayaca\u011f\u0131n\u0131 ileri s\u00fcrd\u00fc. ABD Adalet Bakanl\u0131\u011f\u0131&#8217;n\u0131n resmi internet sitesinde Epstein&#8217;e ili\u015fkin son payla\u015f\u0131mlara eri\u015fim i\u00e7in kullan\u0131c\u0131lardan 18 ya\u015f \u00fcst\u00fcnde olduklar\u0131n\u0131 do\u011frulamalar\u0131n\u0131 talep ediliyor.<\/p>\n<p><b>T\u0130CARET BAKANI LUTN\u0130CK&#8217;\u0130N 2015&#8217;TE EPSTE\u0130N&#8217;\u0130 BA\u011eI\u015e ETK\u0130NL\u0130\u011e\u0130NE DAVET ETT\u0130\u011e\u0130 ORTAYA \u00c7IKTI <\/b><\/p>\n<p>Yeni yay\u0131nlanan milyonlarca belge incelenmeye devam ederken, ABD bas\u0131n\u0131nda ilk payla\u015f\u0131lan verilerden biri, ABD Ticaret Bakan\u0131 Howard Lutnick&#8217;in 2015 y\u0131l\u0131nda Jeffrey Epstein&#8217;i Hillary Clinton i\u00e7in ger\u00e7ekle\u015ftirilen bir ba\u011f\u0131\u015f etkinli\u011fine davet etmi\u015f olmas\u0131 oldu. Yeni yay\u0131nlanan belgeler aras\u0131nda yer alan bir e-postada Lutnick&#8217;in Epstein&#8217;in asistan\u0131 ile ileti\u015fim kurarak Epstein&#8217;i d\u00f6nemin ABD Ba\u015fkan\u0131 aday\u0131 olan Hillary Clinton i\u00e7in ger\u00e7ekle\u015ftirilen bir ba\u011f\u0131\u015f etkinli\u011fine davet etti\u011fi g\u00f6r\u00fcld\u00fc. <\/p>\n<div>\n<figure><img decoding=\"async\" src=\"https:\/\/bihavadis.com\/wp-content\/uploads\/2026\/02\/epstein-dosyasindan-trumpi-suclayan-elon-muskin-kendisi-cikti-adaya-ne-zaman-gidelim-diye-sormus-xdqgHvqk.jpg\"\/>Howard Lutnick<\/figure>\n<\/div>\n<p><b>MUSK&#8217;IN EPSTE\u0130N&#8217;E &#8220;ADAYA NE ZAMAN G\u0130DEL\u0130M&#8221; D\u0130YE SORDU\u011eU ORTAYA \u00c7IKTI <\/b><\/p>\n<p>Yeni payla\u015f\u0131lan ba\u015fka bir e-postada ise 2013 y\u0131l\u0131nda milyarder i\u015f insan\u0131 Elon Musk&#8217;\u0131n Epstein&#8217;e Karayipler&#8217;deki adaya ne zaman gideceklerini sordu\u011fu ortaya \u00e7\u0131kt\u0131. Daha \u00f6nceki a\u00e7\u0131klamalar\u0131nda Epstein&#8217;in sahibi oldu\u011fu iki adadan birine gelmesi i\u00e7in yapt\u0131\u011f\u0131 davetleri reddetti\u011fini ileri s\u00fcren Musk&#8217;\u0131n 13 Aral\u0131k 2013 tarihli bir e-postada Epstein&#8217;e, &#8220;Tatilde \u0130ngiltere Virjin Adalar\u0131 yak\u0131nlar\u0131nda Saint Barthelemy Adas\u0131&#8217;nda olaca\u011f\u0131m. Ne zaman m\u00fcsait olursun?&#8221; diye yazd\u0131\u011f\u0131 g\u00f6r\u00fcld\u00fc. <\/p>\n<p>Epstein&#8217;in ise 2 g\u00fcn sonra yazd\u0131\u011f\u0131 cevapta y\u0131lba\u015f\u0131nda ziyarete uygun oldu\u011funu ifade ederek, &#8220;Senin i\u00e7in her zaman yerimiz var&#8221; dedi\u011fi g\u00f6r\u00fcld\u00fc. Yaz\u0131\u015fmalar\u0131n devam\u0131nda Musk&#8217;\u0131n Epstein&#8217;e &#8220;Ay\u0131n 2&#8217;sinde adaya ne zaman gidelim?&#8221; diye sordu\u011fu ortaya \u00e7\u0131kt\u0131. <\/p>\n<div>\n<figure><img decoding=\"async\" src=\"https:\/\/bihavadis.com\/wp-content\/uploads\/2026\/02\/epstein-dosyasindan-trumpi-suclayan-elon-muskin-kendisi-cikti-adaya-ne-zaman-gidelim-diye-sormus-IreUCFt9.jpg\"\/><\/figure>\n<\/div>\n<p><b>MUSK, TRUMP&#8217;I SU\u00c7LAMI\u015eTI <\/b><\/p>\n<p>Musk, ABD Ba\u015fkan\u0131 Donald Trump&#8217;\u0131n en yak\u0131n dan\u0131\u015fmanlar\u0131ndan biriyken ge\u00e7ti\u011fimiz y\u0131l Trump ile aralar\u0131n\u0131n a\u00e7\u0131lmas\u0131n\u0131n ard\u0131ndan Trump&#8217;\u0131n Epstein dosyalar\u0131n\u0131 yay\u0131nlamama sebebinin isminin bu dosyalarda ge\u00e7mesi oldu\u011fu su\u00e7lamas\u0131nda bulunmu\u015ftu. Musk, ge\u00e7ti\u011fimiz Eyl\u00fcl ay\u0131nda isminin daha \u00f6nce payla\u015f\u0131lan dosyalarda ge\u00e7mesinin ard\u0131ndan sosyal medyada yay\u0131nlad\u0131\u011f\u0131 a\u00e7\u0131klamada Epstein&#8217;in kendisini adas\u0131na davet etti\u011fini fakat bunu reddetti\u011fini s\u00f6ylemi\u015fti. <\/p>\n<p>Cinsel istismar skandal\u0131 \u00f6ncesinde siyaset\u00e7iler, finans\u00e7\u0131lar, bilim insanlar\u0131 ve y\u00fcksek profilli sosyal \u00e7evreler aras\u0131nda bir t\u00fcr arac\u0131l\u0131k rol\u00fc oynayan i\u015f insan\u0131 Epstein, cinsel ili\u015fki ama\u00e7l\u0131 insan ka\u00e7ak\u00e7\u0131l\u0131\u011f\u0131 ve re\u015fit olmayan k\u0131z \u00e7ocuklar\u0131n\u0131n cinsel istismar\u0131 su\u00e7lamalar\u0131yla yarg\u0131lan\u0131rken 2019 y\u0131l\u0131nda cezaevinde \u00f6l\u00fc halde bulunmu\u015f ve intihar etti\u011fi \u00f6ne s\u00fcr\u00fclm\u00fc\u015ft\u00fc. <\/p>\n","protected":false},"excerpt":{"rendered":"<p>ABD Adalet Bakanl\u0131\u011f\u0131, cinsel istismar su\u00e7lusu Jeffrey Epstein ile ba\u011flant\u0131l\u0131 3,5 milyon sayfa belge, 180 bin foto\u011fraf ve 2 bin video yay\u0131nlad\u0131. Belgelerde, milyarder i\u015f insan\u0131 Elon Musk&#8217;\u0131n Epstein&#8217;e Karayipler&#8217;deki adas\u0131na ne zaman gideceklerini sordu\u011fu e-posta ortaya \u00e7\u0131kt\u0131. Adalet Bakan\u0131 Yard\u0131mc\u0131s\u0131 Todd Blanche, belgelerin \u015feffafl\u0131k yasas\u0131 \u00e7er\u00e7evesinde yay\u0131nland\u0131\u011f\u0131n\u0131 a\u00e7\u0131klad\u0131. Belgelerin ayr\u0131nt\u0131lar\u0131 incelenmeye devam ediyor.<\/p>\n","protected":false},"author":1,"featured_media":18878,"comment_status":"open","ping_status":"open","sticky":false,"template":"","format":"standard","meta":{"footnotes":""},"categories":[12],"tags":[272,2184,2183,1469,2185],"class_list":["post-18877","post","type-post","status-publish","format-standard","has-post-thumbnail","hentry","category-siyaset","tag-abd","tag-blanche","tag-epstein","tag-ettigi","tag-trumpi"],"_links":{"self":[{"href":"https:\/\/bihavadis.com\/index.php\/wp-json\/wp\/v2\/posts\/18877","targetHints":{"allow":["GET"]}}],"collection":[{"href":"https:\/\/bihavadis.com\/index.php\/wp-json\/wp\/v2\/posts"}],"about":[{"href":"https:\/\/bihavadis.com\/index.php\/wp-json\/wp\/v2\/types\/post"}],"author":[{"embeddable":true,"href":"https:\/\/bihavadis.com\/index.php\/wp-json\/wp\/v2\/users\/1"}],"replies":[{"embeddable":true,"href":"https:\/\/bihavadis.com\/index.php\/wp-json\/wp\/v2\/comments?post=18877"}],"version-history":[{"count":1,"href":"https:\/\/bihavadis.com\/index.php\/wp-json\/wp\/v2\/posts\/18877\/revisions"}],"predecessor-version":[{"id":18884,"href":"https:\/\/bihavadis.com\/index.php\/wp-json\/wp\/v2\/posts\/18877\/revisions\/18884"}],"wp:featuredmedia":[{"embeddable":true,"href":"https:\/\/bihavadis.com\/index.php\/wp-json\/wp\/v2\/media\/18878"}],"wp:attachment":[{"href":"https:\/\/bihavadis.com\/index.php\/wp-json\/wp\/v2\/media?parent=18877"}],"wp:term":[{"taxonomy":"category","embeddable":true,"href":"https:\/\/bihavadis.com\/index.php\/wp-json\/wp\/v2\/categories?post=18877"},{"taxonomy":"post_tag","embeddable":true,"href":"https:\/\/bihavadis.com\/index.php\/wp-json\/wp\/v2\/tags?post=18877"}],"curies":[{"name":"wp","href":"https:\/\/api.w.org\/{rel}","templated":true}]}}