{"id":18896,"date":"2026-02-06T18:42:15","date_gmt":"2026-02-06T18:42:15","guid":{"rendered":"https:\/\/bihavadis.com\/?p=18896"},"modified":"2026-02-06T18:42:15","modified_gmt":"2026-02-06T18:42:15","slug":"cumhurbaskanligi-basdanismanligina-yeni-isim","status":"publish","type":"post","link":"https:\/\/bihavadis.com\/index.php\/2026\/02\/06\/cumhurbaskanligi-basdanismanligina-yeni-isim\/","title":{"rendered":"Cumhurba\u015fkanl\u0131\u011f\u0131 Ba\u015fdan\u0131\u015fmanl\u0131\u011f\u0131&#8217;na yeni isim"},"content":{"rendered":"<p>Cumhurba\u015fkan\u0131 Recep Tayyip Erdo\u011fan&#8217;\u0131n imzas\u0131yla Resmi Gazete&#8217;de yay\u0131mlanan atama kararlar\u0131na g\u00f6re bakanl\u0131klarda ve \u00fcst d\u00fczey kamu kurumlar\u0131nda atama ve g\u00f6revden al\u0131nlar oldu. Atanan ve g\u00f6revden al\u0131nanlar \u015fu \u015fekilde;<\/p>\n<p><b>CUMHURBA\u015eKANLI\u011eI BA\u015eDANI\u015eMANLI\u011eI&#8217;NA HASAN SUVER ATANDI<\/b><\/p>\n<p>Cumhurba\u015fkanl\u0131\u011f\u0131 Ba\u015fdan\u0131\u015fmanl\u0131\u011f\u0131&#8217;na Hasan Suver atand\u0131 ve \u00c7evre, \u015eehircilik ve \u0130klim De\u011fi\u015fikli\u011fi Bakanl\u0131\u011f\u0131na Bakan Yard\u0131mc\u0131s\u0131 olarak g\u00f6revlendirildi. K\u00fclt\u00fcr ve Turizm Bakanl\u0131\u011f\u0131&#8217;nda ise Elaz\u0131\u011f \u0130l K\u00fclt\u00fcr ve Turizm M\u00fcd\u00fcr\u00fc Ahmet Demirda\u011f ile Ni\u011fde \u0130l K\u00fclt\u00fcr ve Turizm M\u00fcd\u00fcr\u00fc Elif Belk\u0131s Ba\u015ft\u00fcrk, g\u00f6revden al\u0131nd\u0131.<\/p>\n<p><b>D\u0130YANET \u0130\u015eLER\u0130 BA\u015eKANLI\u011eI&#8217;NDA ATAMALAR<\/b><\/p>\n<p>Diyanet \u0130\u015fleri Ba\u015fkanl\u0131\u011f\u0131, Amasya \u0130l M\u00fcft\u00fcl\u00fc\u011f\u00fc&#8217;ne Mu\u015f \u0130l M\u00fcft\u00fcs\u00fc \u0130brahim Yavuz, Mu\u015f \u0130l M\u00fcft\u00fcl\u00fc\u011f\u00fc&#8217;ne Nurullah Ko\u00e7han, Mersin \u0130l M\u00fcft\u00fcl\u00fc\u011f\u00fcn&#8217;e K\u0131r\u0131kkale \u0130l M\u00fcft\u00fcs\u00fc Mustafa Topal, K\u0131r\u0131kkale \u0130l M\u00fcft\u00fcl\u00fc\u011f\u00fc&#8217;ne Kahramanmara\u015f \u0130l M\u00fcft\u00fcs\u00fc Abdurrahman Kotan, Kahramanmara\u015f \u0130l M\u00fcft\u00fcl\u00fc\u011f\u00fc&#8217;ne Hasan H\u00fcseyin G\u00fcller, Gaziantep \u0130I M\u00fcft\u00fcl\u00fc\u011f\u00fc&#8217;ne Tekirda\u011f \u0130l M\u00fcft\u00fcs\u00fc Mustafa Soyk\u00f6k, Tekirda\u011f \u0130l M\u00fcft\u00fcl\u00fc\u011f\u00fc&#8217;ne \u00c7anakkale \u0130I M\u00fcft\u00fcs\u00fc Mustafa Bilgi\u00e7, \u00c7anakkale \u0130l M\u00fcft\u00fcl\u00fc\u011f\u00fcne Hatay \u0130l M\u00fcft\u00fcs\u00fc Mevl\u00fct Top\u00e7u, Hatay \u0130l M\u00fcft\u00fcl\u00fc\u011f\u00fc&#8217;ne, Bilecik \u0130l M\u00fcft\u00fcs\u00fc Ahmet Dilek, Bilecik \u0130l M\u00fcft\u00fcl\u00fc\u011f\u00fc&#8217;ne Ahmet Akt\u00fcrko\u011flu, \u0130zmir \u0130l M\u00fcft\u00fcl\u00fc\u011f\u00fc&#8217;ne Ad\u0131yaman \u0130l M\u00fcft\u00fcs\u00fc Mevl\u00fct Halilo\u011flu, Ad\u0131yaman \u0130l M\u00fcft\u00fcl\u00fc\u011f\u00fc&#8217;ne Mustafa D\u00fczg\u00fcney, \u015e\u0131rnak \u0130l M\u00fcft\u00fcl\u00fc\u011f\u00fc&#8217;ne Arif Ye\u015filo\u011flu atand\u0131.<\/p>\n<p><b>A\u0130LE VE SOSYAL H\u0130ZMETLER BAKANLI\u011eI&#8217;NDA ATAMALAR<\/b><\/p>\n<p>Aile ve Sosyal Hizmetler Bakanl\u0131\u011f\u0131 Konya \u0130l M\u00fcd\u00fcr\u00fc Abdullah Ne\u015feli, g\u00f6revden al\u0131nd\u0131. Konya \u0130l M\u00fcd\u00fcrl\u00fc\u011f\u00fc&#8217;ne Yozgat \u0130l M\u00fcd\u00fcr\u00fc Arif Topal, Kilis \u0130l M\u00fcd\u00fcrl\u00fc\u011f\u00fc&#8217;ne Kahramanmara\u015f \u0130l M\u00fcd\u00fcr\u00fc M\u00fcsl\u00fcm Ferdi Bozkurt, Kahramanmara\u015f \u0130I M\u00fcd\u00fcrl\u00fc\u011f\u00fc&#8217;ne Kilis \u0130l M\u00fcd\u00fcr\u00fc Emre \u00c7al\u011fan atand\u0131.<\/p>\n<p><b>B\u00dcY\u00dcKEL\u00c7\u0130L\u0130KLERDE ATAMALAR<\/b><\/p>\n<p>Malta Cumhuriyeti Nezdinde T\u00fcrkiye Cumhuriyeti B\u00fcy\u00fckel\u00e7ili\u011fi&#8217;ne Protokol Genel M\u00fcd\u00fcr Yard\u0131mc\u0131s\u0131 Bark\u0131n Kayao\u011flu, Papua Yeni Gine Ba\u011f\u0131ms\u0131z Devleti Nezdinde T\u00fcrkiye Cumhuriyeti B\u00fcy\u00fckel\u00e7ili\u011fi&#8217;ne ise G\u00fcneydo\u011fu Asya ve Pasifik Genel M\u00fcd\u00fcr Yard\u0131mc\u0131s\u0131 Bilgin \u00d6zkan atand\u0131.<\/p>\n","protected":false},"excerpt":{"rendered":"<p>Cumhurba\u015fkanl\u0131\u011f\u0131 taraf\u0131ndan yap\u0131lan atama kararlar\u0131na g\u00f6re, Cumhurba\u015fkanl\u0131\u011f\u0131 Ba\u015fdan\u0131\u015fmanl\u0131\u011f\u0131&#8217;na Hasan Suver atand\u0131 ve \u00c7evre, \u015eehircilik ve \u0130klim De\u011fi\u015fikli\u011fi Bakanl\u0131\u011f\u0131na Bakan Yard\u0131mc\u0131s\u0131 olarak g\u00f6revlendirildi. Atama kapsam\u0131nda, b\u00fcy\u00fckel\u00e7iliklerde ve \u00fcst d\u00fczey kamu kurumlar\u0131nda g\u00f6rev de\u011fi\u015fikli\u011fi yap\u0131ld\u0131.<\/p>\n","protected":false},"author":1,"featured_media":18897,"comment_status":"open","ping_status":"open","sticky":false,"template":"","format":"standard","meta":{"footnotes":""},"categories":[12],"tags":[3492,436,3490,449,3491],"class_list":["post-18896","post","type-post","status-publish","format-standard","has-post-thumbnail","hentry","category-siyaset","tag-atandi","tag-bakan","tag-il-muftusu","tag-mudur","tag-muduru"],"_links":{"self":[{"href":"https:\/\/bihavadis.com\/index.php\/wp-json\/wp\/v2\/posts\/18896","targetHints":{"allow":["GET"]}}],"collection":[{"href":"https:\/\/bihavadis.com\/index.php\/wp-json\/wp\/v2\/posts"}],"about":[{"href":"https:\/\/bihavadis.com\/index.php\/wp-json\/wp\/v2\/types\/post"}],"author":[{"embeddable":true,"href":"https:\/\/bihavadis.com\/index.php\/wp-json\/wp\/v2\/users\/1"}],"replies":[{"embeddable":true,"href":"https:\/\/bihavadis.com\/index.php\/wp-json\/wp\/v2\/comments?post=18896"}],"version-history":[{"count":1,"href":"https:\/\/bihavadis.com\/index.php\/wp-json\/wp\/v2\/posts\/18896\/revisions"}],"predecessor-version":[{"id":18898,"href":"https:\/\/bihavadis.com\/index.php\/wp-json\/wp\/v2\/posts\/18896\/revisions\/18898"}],"wp:featuredmedia":[{"embeddable":true,"href":"https:\/\/bihavadis.com\/index.php\/wp-json\/wp\/v2\/media\/18897"}],"wp:attachment":[{"href":"https:\/\/bihavadis.com\/index.php\/wp-json\/wp\/v2\/media?parent=18896"}],"wp:term":[{"taxonomy":"category","embeddable":true,"href":"https:\/\/bihavadis.com\/index.php\/wp-json\/wp\/v2\/categories?post=18896"},{"taxonomy":"post_tag","embeddable":true,"href":"https:\/\/bihavadis.com\/index.php\/wp-json\/wp\/v2\/tags?post=18896"}],"curies":[{"name":"wp","href":"https:\/\/api.w.org\/{rel}","templated":true}]}}