{"id":18913,"date":"2026-02-06T19:00:07","date_gmt":"2026-02-06T19:00:07","guid":{"rendered":"https:\/\/bihavadis.com\/?p=18913"},"modified":"2026-02-06T19:00:07","modified_gmt":"2026-02-06T19:00:07","slug":"libyanin-devrik-lideri-kaddafinin-oglu-seyfulislam-kaddafi-olduruldu","status":"publish","type":"post","link":"https:\/\/bihavadis.com\/index.php\/2026\/02\/06\/libyanin-devrik-lideri-kaddafinin-oglu-seyfulislam-kaddafi-olduruldu\/","title":{"rendered":"Libya&#8217;n\u0131n devrik lideri Kaddafi&#8217;nin o\u011flu Seyf\u00fclislam Kaddafi \u00f6ld\u00fcr\u00fcld\u00fc"},"content":{"rendered":"<p>Libya bas\u0131n\u0131, Libya&#8217;n\u0131n devrik lideri Muammer Kaddafi&#8217;nin o\u011flu Seyf\u00fclislam Kaddafi&#8217;nin u\u011frad\u0131\u011f\u0131 silahl\u0131 sald\u0131r\u0131 sonucu \u00f6ld\u00fcr\u00fcld\u00fc\u011f\u00fcn\u00fc bildirdi.<\/p>\n<p><strong>SALDIRI DO\u011eRULANDI, AYRINTILAR BEL\u0130RS\u0130ZL\u0130\u011e\u0130N\u0130 KORUYOR<\/strong><\/p>\n<p>Libya bas\u0131n\u0131nda yer alan haberlerde, 53 ya\u015f\u0131ndaki Kaddafi\u2019nin y\u0131llard\u0131r ya\u015fad\u0131\u011f\u0131 Libya\u2019n\u0131n Zintan kentinde \u00f6ld\u00fcr\u00fcld\u00fc\u011f\u00fc aktar\u0131ld\u0131.<\/p>\n<p>Sald\u0131r\u0131 Kaddafi\u2019nin siyasi dan\u0131\u015fman\u0131 Abdullah Osman taraf\u0131ndan do\u011fruland\u0131, ancak sald\u0131rganlar ve cinayetin ko\u015fullar\u0131 hen\u00fcz bilinmiyor.<\/p>\n<p>Libyal\u0131 yetkililer, hen\u00fcz konuyla ilgili a\u00e7\u0131klama yapmad\u0131.<\/p>\n<p><strong>\u0130DAM CEZASINA \u00c7ARPTIRILMI\u015eTI<\/strong><\/p>\n<p>Seyf\u00fclislam Kaddafi, Libya&#8217;da hi\u00e7bir zaman resmi bir g\u00f6revde bulunmazken, 2000&#8217;den 2011&#8217;e kadar babas\u0131n\u0131n ikinci adam\u0131 olarak kabul edildi.<\/p>\n<p>Seyf\u00fclislam Kaddafi, babas\u0131n\u0131n devrilmesinin ard\u0131ndan Bedevi a\u015firet mensubu k\u0131l\u0131\u011f\u0131na girerek kom\u015fu \u00fclke Nijer&#8217;e ka\u00e7maya \u00e7al\u0131\u015ft\u0131\u011f\u0131 s\u0131rada Libyal\u0131 bir g\u00f6\u00e7ebe taraf\u0131ndan ihbar edilmi\u015f ve yakalanm\u0131\u015ft\u0131.<\/p>\n<p>Seyf\u00fclislam Kaddafi, 2011&#8217;de Zintan&#8217;da hapse at\u0131lm\u0131\u015f ve mahkeme taraf\u0131ndan sava\u015f su\u00e7lar\u0131ndan dolay\u0131 kur\u015funa dizilerek idam cezas\u0131na \u00e7arpt\u0131r\u0131lm\u0131\u015ft\u0131 ancak 2017&#8217;de bir af yasas\u0131 kapsam\u0131nda serbest b\u0131rak\u0131lm\u0131\u015ft\u0131.<\/p>\n<p>Seyf\u00fclislam Kaddafi, hakk\u0131nda ayr\u0131ca Uluslararas\u0131 Ceza Mahkemesi (UCM) taraf\u0131ndan da sava\u015f su\u00e7lar\u0131ndan dolay\u0131 hakk\u0131nda tutuklama emri \u00e7\u0131kar\u0131lm\u0131\u015ft\u0131.<\/p>\n<p><img decoding=\"async\" src=\"https:\/\/bihavadis.com\/wp-content\/uploads\/2026\/02\/libyanin-devrik-lideri-kaddafinin-oglu-seyfulislam-kaddafi-olduruldu-0-4C6glSbI.jpg\"\/><\/p>\n<p><strong>BA\u015eKANLI\u011eA ADAYLIK BA\u015eVURUSU YAPMI\u015eTI<\/strong><\/p>\n<p>Seyf\u00fclislam Kaddafi, 14 Kas\u0131m 2021\u2019deki ba\u015fkanl\u0131k se\u00e7imi i\u00e7in adayl\u0131k ba\u015fvurusunda bulunmu\u015f ard\u0131ndan cinayet ve sava\u015f su\u00e7lar\u0131 nedeniyle hakk\u0131nda nihai yarg\u0131 karar\u0131 oldu\u011fu i\u00e7in adayl\u0131\u011f\u0131 iptal edilmi\u015fti.<\/p>\n<p>Seyf\u00fclislam Kaddafi\u2019nin karara itiraz\u0131 tansiyonu y\u00fckseltmi\u015f, se\u00e7im s\u00fcrecinin \u00e7\u00f6kmesine ve Libya&#8217;n\u0131n siyasi krizini derinle\u015ftirmi\u015fti.<\/p>\n","protected":false},"excerpt":{"rendered":"<p>Libya&#8217;n\u0131n devrik lideri Muammer Kaddafi&#8217;nin o\u011flu Seyf\u00fclislam Kaddafi, u\u011frad\u0131\u011f\u0131 silahl\u0131 sald\u0131r\u0131 sonucu \u00f6ld\u00fcr\u00fcld\u00fc.<\/p>\n","protected":false},"author":1,"featured_media":18914,"comment_status":"open","ping_status":"open","sticky":false,"template":"","format":"standard","meta":{"footnotes":""},"categories":[6],"tags":[3493,3494],"class_list":["post-18913","post","type-post","status-publish","format-standard","has-post-thumbnail","hentry","category-dunya","tag-libya","tag-seyfulislam-kaddafi"],"_links":{"self":[{"href":"https:\/\/bihavadis.com\/index.php\/wp-json\/wp\/v2\/posts\/18913","targetHints":{"allow":["GET"]}}],"collection":[{"href":"https:\/\/bihavadis.com\/index.php\/wp-json\/wp\/v2\/posts"}],"about":[{"href":"https:\/\/bihavadis.com\/index.php\/wp-json\/wp\/v2\/types\/post"}],"author":[{"embeddable":true,"href":"https:\/\/bihavadis.com\/index.php\/wp-json\/wp\/v2\/users\/1"}],"replies":[{"embeddable":true,"href":"https:\/\/bihavadis.com\/index.php\/wp-json\/wp\/v2\/comments?post=18913"}],"version-history":[{"count":1,"href":"https:\/\/bihavadis.com\/index.php\/wp-json\/wp\/v2\/posts\/18913\/revisions"}],"predecessor-version":[{"id":18916,"href":"https:\/\/bihavadis.com\/index.php\/wp-json\/wp\/v2\/posts\/18913\/revisions\/18916"}],"wp:featuredmedia":[{"embeddable":true,"href":"https:\/\/bihavadis.com\/index.php\/wp-json\/wp\/v2\/media\/18914"}],"wp:attachment":[{"href":"https:\/\/bihavadis.com\/index.php\/wp-json\/wp\/v2\/media?parent=18913"}],"wp:term":[{"taxonomy":"category","embeddable":true,"href":"https:\/\/bihavadis.com\/index.php\/wp-json\/wp\/v2\/categories?post=18913"},{"taxonomy":"post_tag","embeddable":true,"href":"https:\/\/bihavadis.com\/index.php\/wp-json\/wp\/v2\/tags?post=18913"}],"curies":[{"name":"wp","href":"https:\/\/api.w.org\/{rel}","templated":true}]}}