{"id":18923,"date":"2026-02-06T19:09:06","date_gmt":"2026-02-06T19:09:06","guid":{"rendered":"https:\/\/bihavadis.com\/?p=18923"},"modified":"2026-02-06T19:09:06","modified_gmt":"2026-02-06T19:09:06","slug":"abd-iran-ile-gorusmeler-bu-hafta-sonuna-dogru-yapilacak","status":"publish","type":"post","link":"https:\/\/bihavadis.com\/index.php\/2026\/02\/06\/abd-iran-ile-gorusmeler-bu-hafta-sonuna-dogru-yapilacak\/","title":{"rendered":"ABD: \u0130ran ile g\u00f6r\u00fc\u015fmeler bu hafta sonuna do\u011fru yap\u0131lacak"},"content":{"rendered":"<p>Beyaz Saray&#8217;\u0131n bah\u00e7esinde bas\u0131n mensuplar\u0131n\u0131n g\u00fcndeme ili\u015fkin sorular\u0131n\u0131 yan\u0131tlarken \u0130ran g\u00fcndemini de\u011ferlendiren\u00a0Beyaz Saray S\u00f6zc\u00fcs\u00fc Karoline Leavitt, Ba\u015fkan Donald Trump&#8217;\u0131n \u00d6zel Temsilcisi Steve Witkoff ile g\u00f6r\u00fc\u015ft\u00fc\u011f\u00fcn\u00fc ve \u0130ran&#8217;la g\u00f6r\u00fc\u015fmelerin &#8216;planland\u0131\u011f\u0131 \u015fekilde&#8217; ger\u00e7ekle\u015ftirilece\u011fini vurgulad\u0131.<\/p>\n<p>Leavitt, <b><em>&#8220;Ba\u015fkan Trump, her zaman &#8216;\u00f6nce diplomasi&#8217; yolunu izlemek istiyor ancak tabii ki bu iki taraf\u0131n da i\u015f birli\u011fini gerektirir&#8221;<\/em><\/b> dedi.<\/p>\n<p>Trump&#8217;\u0131n \u0130ran konusunda t\u00fcm se\u00e7enekleri her zaman masada tuttu\u011funun alt\u0131n\u0131 \u00e7izen Leavitt, ABD&#8217;nin ge\u00e7en y\u0131l \u0130ran&#8217;\u0131n n\u00fckleer tesislerine y\u00f6nelik sald\u0131r\u0131s\u0131n\u0131 hat\u0131rlatarak, <b><em>&#8220;Ancak \u0130ran&#8217;la bu g\u00f6r\u00fc\u015fmeler bu hafta sonuna do\u011fru yap\u0131lacak&#8221;<\/em><\/b> diye konu\u015ftu.<\/p>\n<p>Amerikan medyas\u0131nda ABD&#8217;li ve \u0130ranl\u0131 yetkililerin cuma g\u00fcn\u00fc \u0130stanbul&#8217;da bir araya gelmeyi planlad\u0131\u011f\u0131 y\u00f6n\u00fcnde haberler yer alm\u0131\u015ft\u0131.<\/p>\n<p><strong>\u0130RAN: \u0130ST\u0130\u015eARELER DEVAM ED\u0130YOR<\/strong><\/p>\n<p>\u0130ran resmi ajans\u0131 IRNA&#8217;ya konu\u015fan \u0130ran D\u0131\u015fi\u015fleri Bakanl\u0131\u011f\u0131 S\u00f6zc\u00fcs\u00fc \u0130smail Bekayi, <b><em>&#8220;G\u00f6r\u00fc\u015fmelerin \u00f6n\u00fcm\u00fczdeki birka\u00e7 g\u00fcn i\u00e7inde yap\u0131lmas\u0131 planlan\u0131yor ve g\u00f6r\u00fc\u015fmelerin yeri konusunda isti\u015fareler devam ediyor. G\u00f6r\u00fc\u015fmelerin yeri kesinle\u015fti\u011finde duyurulacakt\u0131r&#8221;<\/em><\/b> dedi.<\/p>\n<p>Bekayi, <b><em>&#8220;Temelde g\u00f6r\u00fc\u015fmelerin yeri ve zaman\u0131 karma\u015f\u0131k bir konu de\u011fildir ve medya oyununa konu olmamal\u0131d\u0131r. Hem T\u00fcrkiye, hem Umman, hem de b\u00f6lgedeki di\u011fer baz\u0131 \u00fclkeler g\u00f6r\u00fc\u015fmelere ev sahipli\u011fi yapmaya haz\u0131r olduklar\u0131n\u0131 ifade ettiler ve bu bizim i\u00e7in \u00e7ok de\u011ferlidir&#8221;<\/em><\/b> ifadelerini kulland\u0131.<\/p>\n<p><strong>HAZ\u0130RAN 2025&#8217;TEN SONRA \u0130LK G\u00d6R\u00dc\u015eME<\/strong><\/p>\n<p>ABD&#8217;li ve \u0130ranl\u0131 yetkililerin \u0130ran ile \u0130srail aras\u0131nda Haziran 2025&#8217;te meydana gelen ve 12 g\u00fcn s\u00fcren \u00e7at\u0131\u015fmalar\u0131n ard\u0131ndan ilk kez bir araya gelmesi bekleniyor.<\/p>\n<p>\u0130ran D\u0131\u015fi\u015fleri Bakan\u0131 Abbas Erak\u00e7i, 2 \u015eubat&#8217;ta yapt\u0131\u011f\u0131 a\u00e7\u0131klamada \u0130ran&#8217;\u0131n diplomasiye haz\u0131r oldu\u011funu belirterek, <b><em>&#8220;Ancak diplomasi; bask\u0131, y\u0131ld\u0131rma ve g\u00fc\u00e7 kullan\u0131m\u0131yla ba\u011fda\u015fmaz. Sonu\u00e7lar\u0131n\u0131n yak\u0131nda ortaya \u00e7\u0131kmas\u0131n\u0131 umuyoruz&#8221;<\/em><\/b> demi\u015fti.<\/p>\n<p>\u0130ran Cumhurba\u015fkan\u0131 Mesud Peze\u015fkiyan, Trump&#8217;\u0131n m\u00fczakere teklifine yan\u0131t verilmesi y\u00f6n\u00fcndeki talepleri dikkate ald\u0131klar\u0131n\u0131 belirterek m\u00fczakerelerin ba\u015flamas\u0131 i\u00e7in Erak\u00e7i&#8217;ye talimat verdi\u011fini bildirmi\u015fti.<\/p>\n","protected":false},"excerpt":{"rendered":"<p>Beyaz Saray S\u00f6zc\u00fcs\u00fc Karoline Leavitt, Ba\u015fkan Donald Trump&#8217;\u0131n &#8216;\u00f6nce diplomasi&#8217; yolunu izlemek istedi\u011fini ve Steve Witkoff&#8217;un \u0130ranl\u0131 yetkililerle bu haftan\u0131n sonuna do\u011fru bir araya gelece\u011fini s\u00f6yledi.<\/p>\n","protected":false},"author":1,"featured_media":18924,"comment_status":"open","ping_status":"open","sticky":false,"template":"","format":"standard","meta":{"footnotes":""},"categories":[6],"tags":[3495,236,271],"class_list":["post-18923","post","type-post","status-publish","format-standard","has-post-thumbnail","hentry","category-dunya","tag-gorusmelerin","tag-gun","tag-iran"],"_links":{"self":[{"href":"https:\/\/bihavadis.com\/index.php\/wp-json\/wp\/v2\/posts\/18923","targetHints":{"allow":["GET"]}}],"collection":[{"href":"https:\/\/bihavadis.com\/index.php\/wp-json\/wp\/v2\/posts"}],"about":[{"href":"https:\/\/bihavadis.com\/index.php\/wp-json\/wp\/v2\/types\/post"}],"author":[{"embeddable":true,"href":"https:\/\/bihavadis.com\/index.php\/wp-json\/wp\/v2\/users\/1"}],"replies":[{"embeddable":true,"href":"https:\/\/bihavadis.com\/index.php\/wp-json\/wp\/v2\/comments?post=18923"}],"version-history":[{"count":1,"href":"https:\/\/bihavadis.com\/index.php\/wp-json\/wp\/v2\/posts\/18923\/revisions"}],"predecessor-version":[{"id":18925,"href":"https:\/\/bihavadis.com\/index.php\/wp-json\/wp\/v2\/posts\/18923\/revisions\/18925"}],"wp:featuredmedia":[{"embeddable":true,"href":"https:\/\/bihavadis.com\/index.php\/wp-json\/wp\/v2\/media\/18924"}],"wp:attachment":[{"href":"https:\/\/bihavadis.com\/index.php\/wp-json\/wp\/v2\/media?parent=18923"}],"wp:term":[{"taxonomy":"category","embeddable":true,"href":"https:\/\/bihavadis.com\/index.php\/wp-json\/wp\/v2\/categories?post=18923"},{"taxonomy":"post_tag","embeddable":true,"href":"https:\/\/bihavadis.com\/index.php\/wp-json\/wp\/v2\/tags?post=18923"}],"curies":[{"name":"wp","href":"https:\/\/api.w.org\/{rel}","templated":true}]}}