{"id":18929,"date":"2026-02-06T19:15:06","date_gmt":"2026-02-06T19:15:06","guid":{"rendered":"https:\/\/bihavadis.com\/?p=18929"},"modified":"2026-02-06T19:15:06","modified_gmt":"2026-02-06T19:15:06","slug":"bakirkoyde-saat-04-17de-sessiz-anma","status":"publish","type":"post","link":"https:\/\/bihavadis.com\/index.php\/2026\/02\/06\/bakirkoyde-saat-04-17de-sessiz-anma\/","title":{"rendered":"Bak\u0131rk\u00f6y&#8217;de Saat 04.17&#8217;de &#8220;Sessiz Anma"},"content":{"rendered":"<p>Bak\u0131rk\u00f6y Belediyesi, 6 \u015eubat 2023\u2019te meydana gelen ve 11 ili etkileyen Kahramanmara\u015f merkezli depremlerde hayat\u0131n\u0131 kaybeden vatanda\u015flar i\u00e7in Cumhuriyet Meydan\u0131\u2019nda \u201cSessiz Anma\u201d program\u0131 d\u00fczenledi.<\/p>\n<p>Bak\u0131rk\u00f6y Belediyesi, 6 \u015eubat 2023 tarihinde Kahramanmara\u015f merkezli olarak meydana gelen ve 11 ili etkileyen depremlerde ya\u015fam\u0131n\u0131 yitiren vatanda\u015flar\u0131 anmak amac\u0131yla \u201cSessiz Anma\u201d program\u0131 ger\u00e7ekle\u015ftirdi. Cumhuriyet Meydan\u0131\u2019nda d\u00fczenlenen anmada, depremin ger\u00e7ekle\u015fti\u011fi saat olan 04.17\u2019de sayg\u0131 duru\u015funda bulunuldu ve \u0130stiklal Mar\u015f\u0131 okundu. Anma program\u0131na Bak\u0131rk\u00f6y Belediye Ba\u015fkan\u0131 Do\u00e7. Dr. Ay\u015feg\u00fcl Oval\u0131o\u011flu, CHP Bak\u0131rk\u00f6y \u0130l\u00e7e Ba\u015fkan\u0131 Gizem Ba\u015faran Arslan, belediye ba\u015fkan yard\u0131mc\u0131lar\u0131, meclis \u00fcyeleri, Mag Ame Acil M\u00fcdahale Ekibi ile BAKUT kat\u0131ld\u0131. Program kapsam\u0131nda, depremlerde hayat\u0131n\u0131 kaybeden vatanda\u015flar\u0131n an\u0131s\u0131na Cumhuriyet Meydan\u0131\u2019na karanfiller b\u0131rak\u0131ld\u0131. Duygu dolu anlar\u0131n ya\u015fand\u0131\u011f\u0131 Sessiz Anma program\u0131, 6 \u015eubat depremlerinde ya\u015fam\u0131n\u0131 yitiren vatanda\u015flar\u0131n hat\u0131ras\u0131n\u0131 ya\u015fatmak ve toplumsal haf\u0131zay\u0131 diri tutmak amac\u0131yla ger\u00e7ekle\u015ftirildi.<\/p>\n<p><b>\u201cBu ac\u0131y\u0131 unutmayaca\u011f\u0131z\u201d<\/b><\/p>\n<p>Anma program\u0131nda konu\u015fan Bak\u0131rk\u00f6y Belediye Ba\u015fkan\u0131 Do\u00e7. Dr. Ay\u015feg\u00fcl Oval\u0131o\u011flu, \u201cKahramanmara\u015f merkezli depremlerde 11 ilimiz a\u011f\u0131r \u015fekilde etkilendi. 13 milyon insan\u0131m\u0131z\u0131n hayat\u0131 bu depremler y\u00fcz\u00fcnden tamamen de\u011fi\u015fti ve ne yaz\u0131k ki resmi rakamlara g\u00f6re 50 binden fazla can\u0131m\u0131z\u0131 kaybettik. Bug\u00fcn burada b\u0131rakt\u0131\u011f\u0131m\u0131z her karanfil, sadece bir \u00e7i\u00e7ek de\u011fil; yar\u0131m kalan hayallerin, susturulamayan ac\u0131n\u0131n ve unutulmayacak bir sorumlulu\u011fun sembol\u00fcd\u00fcr. Biz bu ac\u0131y\u0131 unutmayaca\u011f\u0131z. Unutursak, yeniden ya\u015far\u0131z\u201d dedi.<\/p>\n<p><b>\u201cKay\u0131plar ihmalle b\u00fcy\u00fcr\u201d<\/b><\/p>\n<p>Daha diren\u00e7li kentler i\u00e7in \u00e7al\u0131\u015fman\u0131n bir g\u00f6rev oldu\u011funu belirten Ba\u015fkan Oval\u0131o\u011flu s\u00f6zlerine \u015f\u00f6yle devam etti: \u201cDeprem bize \u015funu \u00e7ok ac\u0131 bir \u015fekilde \u00f6\u011fretti;<\/p>\n<p>Afetler kader de\u011fildir. Kay\u0131plar ihmalle b\u00fcy\u00fcr, ihmaller sessizlikle \u00e7o\u011fal\u0131r. Yerel y\u00f6netimler olarak bizlere d\u00fc\u015fen g\u00f6rev; yaln\u0131zca anmak de\u011fil, yaln\u0131zca yas tutmak de\u011fil, bu \u015fehirleri daha g\u00fcvenli, daha diren\u00e7li, daha ya\u015fanabilir hale getirmektir. Sorumlulu\u011fumuzun fark\u0131nday\u0131z ve bu bilin\u00e7le \u00e7al\u0131\u015f\u0131yoruz. O g\u00fcn ya\u015fad\u0131\u011f\u0131m ac\u0131y\u0131 hala daha ilk andaki kadar g\u00fc\u00e7l\u00fc hissediyorum. Bir hekim olarak belirtmek isterim ki; g\u00fcnlerce \u00e7aresizce enkaz alt\u0131ndan kurtulmay\u0131 bekleyen insanlar\u0131m\u0131z\u0131n umuduyla ya\u015fad\u0131m. Allah bir daha hi\u00e7 kimseye, hi\u00e7bir co\u011frafyaya b\u00f6yle b\u00fcy\u00fck ac\u0131lar ya\u015fatmas\u0131n. Hayat\u0131n\u0131 kaybeden t\u00fcm vatanda\u015flar\u0131m\u0131z\u0131 derin bir sayg\u0131 ve rahmetle an\u0131yorum.\u201d<\/p>\n<p>\u00a0<\/p>\n<p>Kaynak: (BYZHA) Beyaz Haber Ajans\u0131<\/p>\n","protected":false},"excerpt":{"rendered":"<p>Bak\u0131rk\u00f6y Belediyesi, 6 \u015eubat 2023\u2019te meydana gelen ve 11 ili etkileyen Kahramanmara\u015f merkezli depremlerde hayat\u0131n\u0131 kaybeden vatanda\u015flar i\u00e7in Cumhuriyet Meydan\u0131\u2019nda \u201cSessiz Anma\u201d program\u0131 d\u00fczenledi.<\/p>\n","protected":false},"author":1,"featured_media":18930,"comment_status":"open","ping_status":"open","sticky":false,"template":"","format":"standard","meta":{"footnotes":""},"categories":[4],"tags":[3497,3496,516,372,2682],"class_list":["post-18929","post","type-post","status-publish","format-standard","has-post-thumbnail","hentry","category-gundem","tag-aci","tag-anma","tag-baskan","tag-belediye","tag-depremler"],"_links":{"self":[{"href":"https:\/\/bihavadis.com\/index.php\/wp-json\/wp\/v2\/posts\/18929","targetHints":{"allow":["GET"]}}],"collection":[{"href":"https:\/\/bihavadis.com\/index.php\/wp-json\/wp\/v2\/posts"}],"about":[{"href":"https:\/\/bihavadis.com\/index.php\/wp-json\/wp\/v2\/types\/post"}],"author":[{"embeddable":true,"href":"https:\/\/bihavadis.com\/index.php\/wp-json\/wp\/v2\/users\/1"}],"replies":[{"embeddable":true,"href":"https:\/\/bihavadis.com\/index.php\/wp-json\/wp\/v2\/comments?post=18929"}],"version-history":[{"count":1,"href":"https:\/\/bihavadis.com\/index.php\/wp-json\/wp\/v2\/posts\/18929\/revisions"}],"predecessor-version":[{"id":18931,"href":"https:\/\/bihavadis.com\/index.php\/wp-json\/wp\/v2\/posts\/18929\/revisions\/18931"}],"wp:featuredmedia":[{"embeddable":true,"href":"https:\/\/bihavadis.com\/index.php\/wp-json\/wp\/v2\/media\/18930"}],"wp:attachment":[{"href":"https:\/\/bihavadis.com\/index.php\/wp-json\/wp\/v2\/media?parent=18929"}],"wp:term":[{"taxonomy":"category","embeddable":true,"href":"https:\/\/bihavadis.com\/index.php\/wp-json\/wp\/v2\/categories?post=18929"},{"taxonomy":"post_tag","embeddable":true,"href":"https:\/\/bihavadis.com\/index.php\/wp-json\/wp\/v2\/tags?post=18929"}],"curies":[{"name":"wp","href":"https:\/\/api.w.org\/{rel}","templated":true}]}}