{"id":18949,"date":"2026-02-06T19:33:05","date_gmt":"2026-02-06T19:33:05","guid":{"rendered":"https:\/\/bihavadis.com\/?p=18949"},"modified":"2026-02-06T19:33:05","modified_gmt":"2026-02-06T19:33:05","slug":"baskan-altay-avrupa-pist-bisikleti-sampiyonasina-katilan-sporculara-ve-emegi-gecenlere-tesekkur-etti","status":"publish","type":"post","link":"https:\/\/bihavadis.com\/index.php\/2026\/02\/06\/baskan-altay-avrupa-pist-bisikleti-sampiyonasina-katilan-sporculara-ve-emegi-gecenlere-tesekkur-etti\/","title":{"rendered":"Ba\u015fkan Altay Avrupa Pist Bisikleti \u015eampiyonas\u0131&#8217;na Kat\u0131lan Sporculara ve Eme\u011fi Ge\u00e7enlere Te\u015fekk\u00fcr Etti"},"content":{"rendered":"<p><strong>Konya B\u00fcy\u00fck\u015fehir Belediye Ba\u015fkan\u0131 U\u011fur \u0130brahim Altay, Avrupa pist bisikletinin en prestijli organizasyonlar\u0131ndan biri olarak kabul edilen \u201c2026 UEC Elit Avrupa Pist Bisikleti \u015eampiyonas\u0131\u201dn\u0131 Avrupa Bisiklet Ba\u015fkenti Konya&#8217;da ba\u015far\u0131yla tamamlad\u0131klar\u0131n\u0131 belirtti. Sporcular taraf\u0131ndan d\u00fcnyan\u0131n en h\u0131zl\u0131 pisti kabul edilen Konya Veledromu\u2019nda bir\u00e7ok d\u00fcnya rekoru k\u0131r\u0131ld\u0131\u011f\u0131n\u0131 kaydeden Ba\u015fkan Altay, \u201cBa\u015fta T\u00fcrkiye Bisiklet Federasyonumuz olmak \u00fczere, organizasyonda eme\u011fi ge\u00e7en t\u00fcm payda\u015flara ve kat\u0131lan t\u00fcm sporculara te\u015fekk\u00fcr ediyorum\u201d dedi.<\/strong><\/p>\n<hr\/>\n<p>Avrupa pist bisikletinin en prestijli organizasyonlar\u0131ndan olan \u201c2026 UEC Elit Avrupa Pist Bisikleti \u015eampiyonas\u0131\u201d, 1-5 \u015eubat tarihleri aras\u0131nda \u201c2026 Avrupa Bisiklet Ba\u015fkenti\u201d Konya&#8217;n\u0131n ev sahipli\u011finde tamamland\u0131.<\/p>\n<p>T\u00fcrkiye\u2019nin tek, d\u00fcnyan\u0131n say\u0131l\u0131 olimpik veledromlar\u0131ndan biri olan Konya Olimpik Veledromu Avrupa\u2019n\u0131n bu alandaki elit sporcular\u0131n\u0131 a\u011f\u0131rlarken Avrupa bisikletinin kalbi 5 g\u00fcn boyunca Konya\u2019da att\u0131.<\/p>\n<p>Konya B\u00fcy\u00fck\u015fehir Belediye Ba\u015fkan\u0131 U\u011fur \u0130brahim Altay, Konya\u2019n\u0131n \u00f6nemli bir organizasyona daha ev sahipli\u011fi yapt\u0131\u011f\u0131n\u0131 ifade etti.<\/p>\n<p>Sporcular taraf\u0131ndan d\u00fcnyan\u0131n en h\u0131zl\u0131 pisti kabul edilen Konya Veledromu\u2019nda Avrupa Pist Bisikleti \u015eampiyonas\u0131\u2019n\u0131 ba\u015far\u0131yla tamamlad\u0131klar\u0131n\u0131 kaydeden Ba\u015fkan Altay, \u201c34 \u00fclkeden 315 sporcu veledromda yar\u0131\u015fmalara kat\u0131ld\u0131, bir\u00e7ok d\u00fcnya rekoru k\u0131r\u0131ld\u0131. Kat\u0131lan herkesin ortak g\u00f6r\u00fc\u015f\u00fc organizasyon kabiliyeti, organizasyon niteli\u011fi, organizasyon memnuniyeti oldu. Bu alanda d\u00fcnyan\u0131n en g\u00fczel yar\u0131\u015flar\u0131ndan birisine ev sahipli\u011fi yapt\u0131k. 2026 Avrupa Bisiklet Ba\u015fkenti unvan\u0131na sahip Konya\u2019m\u0131z, bu \u015fampiyonayla bisiklet altyap\u0131s\u0131 ve organizasyon tecr\u00fcbesini bir kez daha ortaya koydu. Ba\u015fta T\u00fcrkiye Bisiklet Federasyonumuz ile Avrupa Bisiklet Birli\u011fi ba\u015fta olmak \u00fczere organizasyonda eme\u011fi ge\u00e7en t\u00fcm payda\u015flara ve kat\u0131lan t\u00fcm sporculara te\u015fekk\u00fcr ediyorum\u201d ifadelerini kulland\u0131.<\/p>\n<p>\u00a0<\/p>\n<p>\u00a0<\/p>\n<p>Kaynak: (BYZHA) Beyaz Haber Ajans\u0131<\/p>\n","protected":false},"excerpt":{"rendered":"<p>Konya B\u00fcy\u00fck\u015fehir Belediye Ba\u015fkan\u0131 U\u011fur \u0130brahim Altay, Avrupa pist bisikletinin en prestijli organizasyonlar\u0131ndan biri olarak kabul edilen \u201c2026 UEC Elit Avrupa Pist Bisikleti \u015eampiyonas\u0131\u201dn\u0131 Avrupa Bisiklet Ba\u015fkenti Konya&#8217;da ba\u015far\u0131yla tamamlad\u0131klar\u0131n\u0131 belirtti.<\/p>\n","protected":false},"author":1,"featured_media":18950,"comment_status":"open","ping_status":"open","sticky":false,"template":"","format":"standard","meta":{"footnotes":""},"categories":[14],"tags":[1090,437,426,1985,1288],"class_list":["post-18949","post","type-post","status-publish","format-standard","has-post-thumbnail","hentry","category-spor","tag-avrupa","tag-dunya","tag-konya","tag-organizasyon","tag-sporcu"],"_links":{"self":[{"href":"https:\/\/bihavadis.com\/index.php\/wp-json\/wp\/v2\/posts\/18949","targetHints":{"allow":["GET"]}}],"collection":[{"href":"https:\/\/bihavadis.com\/index.php\/wp-json\/wp\/v2\/posts"}],"about":[{"href":"https:\/\/bihavadis.com\/index.php\/wp-json\/wp\/v2\/types\/post"}],"author":[{"embeddable":true,"href":"https:\/\/bihavadis.com\/index.php\/wp-json\/wp\/v2\/users\/1"}],"replies":[{"embeddable":true,"href":"https:\/\/bihavadis.com\/index.php\/wp-json\/wp\/v2\/comments?post=18949"}],"version-history":[{"count":1,"href":"https:\/\/bihavadis.com\/index.php\/wp-json\/wp\/v2\/posts\/18949\/revisions"}],"predecessor-version":[{"id":18951,"href":"https:\/\/bihavadis.com\/index.php\/wp-json\/wp\/v2\/posts\/18949\/revisions\/18951"}],"wp:featuredmedia":[{"embeddable":true,"href":"https:\/\/bihavadis.com\/index.php\/wp-json\/wp\/v2\/media\/18950"}],"wp:attachment":[{"href":"https:\/\/bihavadis.com\/index.php\/wp-json\/wp\/v2\/media?parent=18949"}],"wp:term":[{"taxonomy":"category","embeddable":true,"href":"https:\/\/bihavadis.com\/index.php\/wp-json\/wp\/v2\/categories?post=18949"},{"taxonomy":"post_tag","embeddable":true,"href":"https:\/\/bihavadis.com\/index.php\/wp-json\/wp\/v2\/tags?post=18949"}],"curies":[{"name":"wp","href":"https:\/\/api.w.org\/{rel}","templated":true}]}}