{"id":18952,"date":"2026-02-06T19:36:07","date_gmt":"2026-02-06T19:36:07","guid":{"rendered":"https:\/\/bihavadis.com\/?p=18952"},"modified":"2026-02-06T19:36:07","modified_gmt":"2026-02-06T19:36:07","slug":"milli-guresci-riza-kayaalp-yeniden-mindere-donuyor","status":"publish","type":"post","link":"https:\/\/bihavadis.com\/index.php\/2026\/02\/06\/milli-guresci-riza-kayaalp-yeniden-mindere-donuyor\/","title":{"rendered":"Milli g\u00fcre\u015f\u00e7i R\u0131za Kayaalp, yeniden mindere d\u00f6n\u00fcyor"},"content":{"rendered":"<p>T\u00fcrkiye G\u00fcre\u015f Federasyonunun a\u00e7\u0131klamas\u0131na g\u00f6re milliler, H\u0131rvatistan&#8217;\u0131n ba\u015fkenti Zagreb&#8217;de yar\u0131n ba\u015flayacak turnuvada grekoromen stil ve kad\u0131nlar kategorisinde m\u00fccadele edecek.<\/p>\n<p><strong>YEN\u0130DEN RESM\u0130 M\u00dcSABAKAYA \u00c7IKACAK<\/strong><\/p>\n<p>Milli g\u00fcre\u015f\u00e7iler, 8 \u015eubat&#8217;ta sona erecek organizasyonun ard\u0131ndan Zagreb ve Macaristan&#8217;\u0131n ba\u015fkenti Budape\u015fte&#8217;de yap\u0131lacak uluslararas\u0131 haz\u0131rl\u0131k kamplar\u0131na kat\u0131lacak.<\/p>\n<p>Zagreb A\u00e7\u0131k&#8217;ta T\u00fcrkiye&#8217;yi, grekoromen stil 130 kiloda R\u0131za Kayaalp temsil edecek. Kariyerinde 3 olimpiyat madalyas\u0131, 5 d\u00fcnya ve 12 Avrupa \u015fampiyonlu\u011fu bulunan milli g\u00fcre\u015f\u00e7i R\u0131za Kayaalp, uzun bir aradan sonra yeniden resmi m\u00fcsabakaya \u00e7\u0131kacak.<\/p>\n<p><img decoding=\"async\" src=\"https:\/\/bihavadis.com\/wp-content\/uploads\/2026\/02\/milli-guresci-riza-kayaalp-yeniden-mindere-donuyor-0-cPqE51q3.jpg\"\/><\/p>\n<p><strong>4 YIL MEN CEZASI ALMI\u015eTI<\/strong><\/p>\n<p>Yasakl\u0131 madde kulland\u0131\u011f\u0131 gerek\u00e7esiyle 1 Temmuz 2024&#8217;ten ba\u015flamak \u00fczere 4 y\u0131l men cezas\u0131 alan R\u0131za, kulak \u00e7\u0131nlamas\u0131 rahats\u0131zl\u0131\u011f\u0131 nedeniyle <em><b>&#8220;Vastarel&#8221;<\/b><\/em> isminde ila\u00e7 kulland\u0131\u011f\u0131n\u0131 belirterek, konuyu Spor Tahkim Mahkemesine (CAS) ta\u015f\u0131m\u0131\u015ft\u0131. CAS&#8217;\u0131n milli g\u00fcre\u015f\u00e7inin itiraz\u0131n\u0131 kabul etmesi \u00fczerine R\u0131za&#8217;n\u0131n, 1 Ocak 2026&#8217;dan itibaren mindere d\u00f6nmesinin \u00f6n\u00fc a\u00e7\u0131lm\u0131\u015ft\u0131.<\/p>\n<p>R\u0131za, en son 2024 y\u0131l\u0131n\u0131n haziran ay\u0131nda Macaristan&#8217;da d\u00fczenlenen turnuvada g\u00fcre\u015fmi\u015fti.<\/p>\n<p><img decoding=\"async\" src=\"https:\/\/bihavadis.com\/wp-content\/uploads\/2026\/02\/milli-guresci-riza-kayaalp-yeniden-mindere-donuyor-1-uVceu9Q4.jpg\"\/><\/p>\n<p><strong>M\u0130LL\u0130 TAKIM KADROSU<\/strong><\/p>\n<p>Zagreb A\u00e7\u0131k&#8217;ta madalya m\u00fccadelesi vererecek milli g\u00fcre\u015f\u00e7iler \u015f\u00f6yle:<\/p>\n<p>Kad\u0131nlar: Tuba Demir (55 kilo), Elvira S\u00fcleyman Kamalo\u011flu (57 kilo), Bediha G\u00fcn (59 kilo), Nesrin Ba\u015f (68 kilo), Buse Tosun \u00c7avu\u015fo\u011flu (72 kilo)<\/p>\n<p>Grekoromen: \u00d6mer Halis Recep (55 kilo), Mert \u0130lbars (60 kilo), Murat F\u0131rat (67 kilo), Cengiz Arslan (72 kilo), Y\u00fcksel Sar\u0131\u00e7i\u00e7ek (82 kilo), Do\u011fan Kaya (87 kilo), Abdulkadir \u00c7ebi (97 kilo), R\u0131za Kayaalp (130 kilo)<\/p>\n<p>\u00d6te yandan grekoromen stilde Zagreb&#8217;de ger\u00e7ekle\u015ftirilecek haz\u0131rl\u0131k kamp\u0131nda Kerem Kamal, Ali Cengiz, M. Sefa Y\u0131ld\u0131r\u0131m, Ahmet Y\u0131lmaz, Yunus Emre Ba\u015far ve Burhan Akbudak yer alacak.<\/p>\n<p>Kad\u0131nlar kategorisinde Macaristan&#8217;\u0131n ba\u015fkenti Budape\u015fte&#8217;de d\u00fczenlenecek haz\u0131rl\u0131k kamp\u0131na ise Zerda Demir, Zehra Demirhan, \u015eevval \u00c7ay\u0131r, Zeynep Yetgil, Sevim Akba\u015f, Emine \u00c7akmak, G\u00fcls\u00fcm Bing\u00f6l, Ay\u015fe Erkan, Dilan Tan, Bukrenaz Sert, Elmira Yasin ve Kadriye Ko\u00e7ak&#8217;\u0131n da aralar\u0131nda oldu\u011fu toplam 18 sporcu kat\u0131lacak.<\/p>\n","protected":false},"excerpt":{"rendered":"<p>H\u0131rvatistan&#8217;da d\u00fczenlenecek Zagreb A\u00e7\u0131k G\u00fcre\u015f Turnuvas\u0131&#8217;na, d\u00fcnya ve Avrupa \u015fampiyonu milli sporcu R\u0131za Kayaalp de kat\u0131lacak.<\/p>\n","protected":false},"author":1,"featured_media":18953,"comment_status":"open","ping_status":"open","sticky":false,"template":"","format":"standard","meta":{"footnotes":""},"categories":[14],"tags":[469,500,454,1907,3123],"class_list":["post-18952","post","type-post","status-publish","format-standard","has-post-thumbnail","hentry","category-spor","tag-bas","tag-gures","tag-kilo","tag-milli","tag-riza"],"_links":{"self":[{"href":"https:\/\/bihavadis.com\/index.php\/wp-json\/wp\/v2\/posts\/18952","targetHints":{"allow":["GET"]}}],"collection":[{"href":"https:\/\/bihavadis.com\/index.php\/wp-json\/wp\/v2\/posts"}],"about":[{"href":"https:\/\/bihavadis.com\/index.php\/wp-json\/wp\/v2\/types\/post"}],"author":[{"embeddable":true,"href":"https:\/\/bihavadis.com\/index.php\/wp-json\/wp\/v2\/users\/1"}],"replies":[{"embeddable":true,"href":"https:\/\/bihavadis.com\/index.php\/wp-json\/wp\/v2\/comments?post=18952"}],"version-history":[{"count":1,"href":"https:\/\/bihavadis.com\/index.php\/wp-json\/wp\/v2\/posts\/18952\/revisions"}],"predecessor-version":[{"id":18956,"href":"https:\/\/bihavadis.com\/index.php\/wp-json\/wp\/v2\/posts\/18952\/revisions\/18956"}],"wp:featuredmedia":[{"embeddable":true,"href":"https:\/\/bihavadis.com\/index.php\/wp-json\/wp\/v2\/media\/18953"}],"wp:attachment":[{"href":"https:\/\/bihavadis.com\/index.php\/wp-json\/wp\/v2\/media?parent=18952"}],"wp:term":[{"taxonomy":"category","embeddable":true,"href":"https:\/\/bihavadis.com\/index.php\/wp-json\/wp\/v2\/categories?post=18952"},{"taxonomy":"post_tag","embeddable":true,"href":"https:\/\/bihavadis.com\/index.php\/wp-json\/wp\/v2\/tags?post=18952"}],"curies":[{"name":"wp","href":"https:\/\/api.w.org\/{rel}","templated":true}]}}