{"id":18960,"date":"2026-02-06T19:42:05","date_gmt":"2026-02-06T19:42:05","guid":{"rendered":"https:\/\/bihavadis.com\/?p=18960"},"modified":"2026-02-06T19:42:05","modified_gmt":"2026-02-06T19:42:05","slug":"mulakata-halk-girdi","status":"publish","type":"post","link":"https:\/\/bihavadis.com\/index.php\/2026\/02\/06\/mulakata-halk-girdi\/","title":{"rendered":"M\u00fclakata halk girdi"},"content":{"rendered":"<p>\u0130zmir B\u00fcy\u00fck\u015fehir Belediyesi, \u201ce\u015f-dost\u201d tart\u0131\u015fmalar\u0131na son verecek modeli hayata ge\u00e7irdi. \u0130\u015fe al\u0131mlar, yurtta\u015flardan olu\u015fan \u0130zleme Kurulu\u2019nun g\u00f6z\u00fc \u00f6n\u00fcnde yap\u0131l\u0131yor. Liyakat yoksa s\u00fcre\u00e7 iptal.\u00a0\u00a0<\/p>\n<p>\u0130zmir B\u00fcy\u00fck\u015fehir Belediyesi, i\u015fe al\u0131mlarda halk kat\u0131l\u0131m\u0131 ile \u015feffafl\u0131\u011f\u0131 sa\u011flayacak yeni bir kamu y\u00f6netim modelini uygulamaya ald\u0131. \u0130\u015fe al\u0131m s\u00fcre\u00e7lerinde g\u00f6revli olmak kayd\u0131 ile istihdam talep eden birimin ba\u011fl\u0131 oldu\u011fu Genel Sekreter Yard\u0131mc\u0131s\u0131, 1. Hukuk M\u00fc\u015favirli\u011fi taraf\u0131ndan g\u00f6revlendirilen bir hukuk\u00e7u ve \u0130nsan Kaynaklar\u0131 Dairesi Ba\u015fkan\u0131\u2019n\u0131n yer ald\u0131\u011f\u0131 bir \u0130stihdam Komisyonu olu\u015fturuldu. Komisyon, yaz\u0131l\u0131, s\u00f6zl\u00fc ve beceri gerektiren s\u0131navlar\u0131 objektif bir \u015fekilde y\u00fcr\u00fctecek \u015fekilde yap\u0131land\u0131r\u0131ld\u0131. \u00c7al\u0131\u015fmalar kapsam\u0131nda \u0130stihdam Komisyonu\u2019nun i\u015fe al\u0131m a\u015famalar\u0131n\u0131 de\u011ferlendirecek ve do\u011frudan \u0130zmir B\u00fcy\u00fck\u015fehir Belediye Ba\u015fkan\u0131 Dr. Cemil Tugay\u2019a raporlayacak d\u00f6rt hem\u015fehri temsilcisi ve kolayla\u015ft\u0131r\u0131c\u0131 olarak g\u00f6revlendirilecek bir kurum temsilcisinden olu\u015fan \u0130zleme Kurulu da olu\u015fturuldu. Kurul, i\u015fe al\u0131m s\u00fcre\u00e7lerinde yap\u0131lan m\u00fclakatlara girerek s\u00fcrecin \u015feffaf ve adil i\u015flemesine katk\u0131 sunuyor ve raporlar\u0131n\u0131 Ba\u015fkan Tugay\u2019a iletiyor.\u00a0<\/p>\n<p><strong>Tugay: \u0130stihdam\u0131n liyakatli yap\u0131lmas\u0131 laz\u0131m<\/strong><\/p>\n<p>30 il\u00e7ede yurtta\u015f konseyleri kurduklar\u0131n\u0131 ve belediyenin karar verme mekanizmas\u0131na d\u00e2hil edeceklerini kaydeden \u0130zmir B\u00fcy\u00fck\u015fehir Belediye Ba\u015fkan\u0131 Dr. Cemil Tugay, \u201cMemurlarda biraz daha farkl\u0131 bir yakla\u015f\u0131m var. Memur atamayla gelebiliyor. Ben \u00fcst y\u00f6netimi ba\u015fkan iradesiyle atamak zorunday\u0131m. Ama onun d\u0131\u015f\u0131nda di\u011fer kademelerde istihdam\u0131n bir ihtiyaca binaen yap\u0131lmas\u0131 laz\u0131m. Tamamen birilerinin yak\u0131n\u0131 diye ya da siyasi olarak belli tarafta diye insanlar\u0131 liyakat g\u00f6zetmeksizin istihdam etmek do\u011fru de\u011fil. \u0130nsanlar\u0131 i\u015fe al\u0131p ondan sonra ne i\u015f verece\u011fiz diye bak\u0131yorlar. Bunlar \u00e7ok yanl\u0131\u015f. Ba\u015fka t\u00fcrl\u00fc kurumlar\u0131 ba\u015far\u0131l\u0131 hale getiremeyiz. Ba\u015far\u0131s\u0131z bir belediyenin ba\u015far\u0131l\u0131 bir belediye ba\u015fkan\u0131 olman\u0131z\u0131n ihtimali yok\u201d dedi.\u00a0<\/p>\n<p><strong>\u201cTan\u0131\u015f\u0131kl\u0131klar \u00fczerinden istihdam bitti\u201d<\/strong><\/p>\n<p>\u0130zleme Kurulu hakk\u0131nda bilgi veren Ba\u015fkan Tugay, \u201cBiz bir karar verdik, ihtiya\u00e7 olmayan pozisyona kimseyi almayaca\u011f\u0131z. \u0130htiya\u00e7 belirlendikten sonra herkese duyurulacak. Ba\u015fvurular\u0131n de\u011ferlendirmesini kurum i\u00e7inde olu\u015fturdu\u011fumuz bir \u0130stihdam Komisyonu yapacak. Ki\u015fi hangi birimde \u00e7al\u0131\u015facaksa o birimin y\u00f6neticisi ba\u015fta olmak \u00fczere uzman ki\u015filerden olu\u015fan bir komisyon bu. Bu komisyon de\u011ferlendirmeyi yapacak ama bu s\u00fcrecin de denetimi laz\u0131m diye d\u00fc\u015f\u00fcnd\u00fck. Bunu da yurtta\u015flar\u0131m\u0131z yaps\u0131n istedik. O nedenle bir duyuruya \u00e7\u0131kt\u0131k, kamu ya da \u00f6zel sekt\u00f6rde y\u00f6netim deneyimi olan yurtta\u015flar\u0131m\u0131z\u0131 davet ettik. B\u00f6yle bir \u0130zleme Kurulu olu\u015fturaca\u011f\u0131z dedik. 2 binden fazla yurtta\u015f\u0131m\u0131z ba\u015fvurdu. Bunlar\u0131n aras\u0131ndan hangi sekt\u00f6rde ya da hangi vas\u0131fta insan alacaksak ona uygun olarak tamamen kura ile 5 ki\u015filik vatanda\u015f g\u00f6zlem grubu se\u00e7iyoruz. Onlar bu s\u00fcreci ba\u015f\u0131ndan sonuna kadar takip ediyorlar. Raporlar\u0131n\u0131 do\u011frudan bana iletiyorlar. De\u011ferlendirmede hata var diye yazarsa, o s\u00fcrecin ba\u015f\u0131ndan sonuna kadar incelemesini sa\u011fl\u0131yoruz\u201d dedi.<\/p>\n<p><strong>Balc\u0131lar: \u0130zmir halk\u0131 ad\u0131na g\u00f6zlem ve raporlama yap\u0131yoruz<\/strong><\/p>\n<p>\u0130zleme Kurulu \u00fcyelerinden M\u00fcr\u00fcvet Suato\u011flu Balc\u0131lar, 27 y\u0131ll\u0131k avukat oldu\u011funu belirterek \u201cBu uygulama T\u00fcrkiye\u2019de ilk defa \u0130zmir B\u00fcy\u00fck\u015fehir Belediyesi taraf\u0131ndan hayata ge\u00e7irildi. \u0130\u015fe al\u0131mlarda objektif kriterlerin uygulan\u0131p uygulanmad\u0131\u011f\u0131, liyakatin ge\u00e7erli olup olmad\u0131\u011f\u0131na bak\u0131l\u0131yor. Burada i\u015fe al\u0131m s\u00fcrecinin tamam\u0131nda, hem\u015fehrilerimiz ad\u0131na tamamen g\u00f6n\u00fcll\u00fc olarak yer al\u0131yoruz. Kura ile se\u00e7ildik, \u0130zmir halk\u0131 ad\u0131na g\u00f6zlem ve raporlama yap\u0131yoruz\u201d dedi.\u00a0\u00a0<\/p>\n<p><strong>Erbil: Her gelen adaya e\u015fit \u015fartlar sunuldu<\/strong><\/p>\n<p>Kurul \u00fcyelerinden emekli sa\u011fl\u0131k personeli H\u00fclya Erbil, \u0130zleme Kurulu\u2019nda olmaktan b\u00fcy\u00fck mutluluk duydu\u011funu belirterek \u201cHer gelen adaya e\u015fit \u015fartlar sunuldu. Bu m\u00fclakatlar\u0131 yapan ekip uzman ki\u015filerden olu\u015fuyordu. Liyakatli \u015fekilde, sorun ya\u015famadan m\u00fclakat s\u00fcrelerini tamamlad\u0131k. Kasap al\u0131m\u0131nda iki defa, diyetisyen al\u0131m\u0131nda \u00fc\u00e7 g\u00fcn, s\u0131n\u0131f \u00f6\u011fretmenli\u011fi al\u0131m\u0131nda g\u00fcnlerce s\u00fcre\u00e7te yer ald\u0131k\u201d diye konu\u015ftu.\u00a0<\/p>\n<p><strong>Ko\u00e7ak: Bize ihtiya\u00e7 olmayan bir toplum d\u00fczenine ula\u015fmak<\/strong><\/p>\n<p>Kurul \u00fcyelerinden Eser Ko\u00e7ak, \u201cB\u00f6yle bir g\u00f6rev oldu\u011funu duyunca, bu \u015fehrin bir vatanda\u015f\u0131 olarak bu sorumlulu\u011fu \u00fcstlenmek istedim. \u015eeffafl\u0131k konusunda insanlar\u0131n ak\u0131llar\u0131nda art\u0131k bir \u015f\u00fcphe olmamal\u0131. Ancak benim as\u0131l iste\u011fim, bizlere ihtiya\u00e7 olmayan bir toplum d\u00fczenine ula\u015fmak. Bu olgunlu\u011fa eri\u015febildi\u011fimiz g\u00fcn her \u015fey daha g\u00fczel olacak\u201d dedi.\u00a0<\/p>\n<p><strong>Adil de\u011filse istihdam s\u00fcreci iptal edilecek<\/strong><\/p>\n<p>\u0130zleme Kurulu \u00fcyeleri, \u0130stihdam Komisyonu taraf\u0131ndan yap\u0131lan s\u0131nav, m\u00fclakat, beceri ve ilgili di\u011fer t\u00fcm s\u00fcre\u00e7leri ilan s\u00fcrecinden karar s\u00fcrecine kadar izliyor ve do\u011frudan \u0130zmir B\u00fcy\u00fck\u015fehir Belediye Ba\u015fkanl\u0131\u011f\u0131\u2019na rapor sunuyor. Rapor i\u00e7eri\u011finde herhangi bir adaletsizlik veya e\u015fitsizli\u011fin tespiti durumunda istihdam s\u00fcrecinin iptali s\u00f6z konusu oluyor. G\u00f6n\u00fcll\u00fcl\u00fc\u011f\u00fcn esas oldu\u011fu \u0130zleme Kurulu \u00fcyeli\u011finde herhangi bir \u00fccret \u00f6denmiyor.<\/p>\n<p><strong>M\u00fclakatla i\u015fe al\u0131m devam ediyor<\/strong><\/p>\n<p>\u0130zmir B\u00fcy\u00fck\u015fehir Belediyesi\u2019ne ba\u011fl\u0131 Mezbaha \u015eube M\u00fcd\u00fcrl\u00fc\u011f\u00fc\u2019nde kasap olarak g\u00f6revlendirilmek \u00fczere 10 ki\u015fi ile m\u00fclakat yap\u0131ld\u0131. 6 aday\u0131n ba\u015fvurusu olumlu sonu\u00e7land\u0131. 4\u2019\u00fc i\u015fba\u015f\u0131 yapt\u0131. 2 ki\u015finin ise evraklar\u0131n\u0131n tamamlamas\u0131 bekleniyor. 4 kasap i\u00e7in 29 Ocak\u2019ta m\u00fclakat yap\u0131ld\u0131. Ayr\u0131ca Sa\u011fl\u0131k \u0130\u015fleri Dairesi Ba\u015fkanl\u0131\u011f\u0131\u2019nda g\u00f6revlendirilmek \u00fczere 50 diyetisyen ile g\u00f6r\u00fc\u015f\u00fcld\u00fc, 4\u2019\u00fc i\u015fba\u015f\u0131 yapt\u0131. 1 diyetisyenin de evraklar\u0131n\u0131 tamamlamas\u0131 bekleniyor. \u0130ZDEN\u0130Z\u2019de g\u00f6revlendirilmek \u00fczere 2 uzak yol kaptan\u0131, 6 kaptan, 2 uzak yol ba\u015fm\u00fchendisi, 6 ba\u015fmakinist ve 11 makine personeli i\u00e7in m\u00fclakatlar yap\u0131ld\u0131. Olumlu sonu\u00e7lananlar\u0131n evraklar\u0131n\u0131 tamamlama s\u00fcreci devam ediyor.\u00a0<\/p>\n<p>\u00a0<\/p>\n<p>Kaynak: (BYZHA) Beyaz Haber Ajans\u0131<\/p>\n","protected":false},"excerpt":{"rendered":"<p>\u0130zmir B\u00fcy\u00fck\u015fehir Belediyesi, \u201ce\u015f-dost\u201d tart\u0131\u015fmalar\u0131na son verecek modeli hayata ge\u00e7irdi. \u0130\u015fe al\u0131mlar, yurtta\u015flardan olu\u015fan \u0130zleme Kurulu\u2019nun g\u00f6z\u00fc \u00f6n\u00fcnde yap\u0131l\u0131yor. Liyakat yoksa s\u00fcre\u00e7 iptal.\u00a0\u00a0<\/p>\n","protected":false},"author":1,"featured_media":18961,"comment_status":"open","ping_status":"open","sticky":false,"template":"","format":"standard","meta":{"footnotes":""},"categories":[4],"tags":[516,3503,416,1564,3504],"class_list":["post-18960","post","type-post","status-publish","format-standard","has-post-thumbnail","hentry","category-gundem","tag-baskan","tag-ise-alim","tag-istihdam","tag-rapor","tag-surecin"],"_links":{"self":[{"href":"https:\/\/bihavadis.com\/index.php\/wp-json\/wp\/v2\/posts\/18960","targetHints":{"allow":["GET"]}}],"collection":[{"href":"https:\/\/bihavadis.com\/index.php\/wp-json\/wp\/v2\/posts"}],"about":[{"href":"https:\/\/bihavadis.com\/index.php\/wp-json\/wp\/v2\/types\/post"}],"author":[{"embeddable":true,"href":"https:\/\/bihavadis.com\/index.php\/wp-json\/wp\/v2\/users\/1"}],"replies":[{"embeddable":true,"href":"https:\/\/bihavadis.com\/index.php\/wp-json\/wp\/v2\/comments?post=18960"}],"version-history":[{"count":1,"href":"https:\/\/bihavadis.com\/index.php\/wp-json\/wp\/v2\/posts\/18960\/revisions"}],"predecessor-version":[{"id":18962,"href":"https:\/\/bihavadis.com\/index.php\/wp-json\/wp\/v2\/posts\/18960\/revisions\/18962"}],"wp:featuredmedia":[{"embeddable":true,"href":"https:\/\/bihavadis.com\/index.php\/wp-json\/wp\/v2\/media\/18961"}],"wp:attachment":[{"href":"https:\/\/bihavadis.com\/index.php\/wp-json\/wp\/v2\/media?parent=18960"}],"wp:term":[{"taxonomy":"category","embeddable":true,"href":"https:\/\/bihavadis.com\/index.php\/wp-json\/wp\/v2\/categories?post=18960"},{"taxonomy":"post_tag","embeddable":true,"href":"https:\/\/bihavadis.com\/index.php\/wp-json\/wp\/v2\/tags?post=18960"}],"curies":[{"name":"wp","href":"https:\/\/api.w.org\/{rel}","templated":true}]}}