{"id":19013,"date":"2026-02-06T20:36:08","date_gmt":"2026-02-06T20:36:08","guid":{"rendered":"https:\/\/bihavadis.com\/?p=19013"},"modified":"2026-02-06T20:36:08","modified_gmt":"2026-02-06T20:36:08","slug":"micotakis-deniz-sinirlari-cozulmeden-turkiye-ab-fonlarina-erisemez","status":"publish","type":"post","link":"https:\/\/bihavadis.com\/index.php\/2026\/02\/06\/micotakis-deniz-sinirlari-cozulmeden-turkiye-ab-fonlarina-erisemez\/","title":{"rendered":"Mi\u00e7otakis: Deniz s\u0131n\u0131rlar\u0131 \u00e7\u00f6z\u00fclmeden T\u00fcrkiye AB fonlar\u0131na eri\u015femez"},"content":{"rendered":"<p>Yunanistan Ba\u015fbakan\u0131 Kyriakos Mi\u00e7otakis, SKAI televizyonunda Kathimerini Gazetesi Genel Yay\u0131n Y\u00f6netmeni Alexis Papachelas\u2019\u0131n sorular\u0131n\u0131 yan\u0131tlad\u0131.<\/p>\n<p>T\u00fcrkiye\u2019ye ili\u015fkin de\u011ferlendirmelerde bulunan Mi\u00e7otakis, iki \u00fclke aras\u0131ndaki sorunlar\u0131n d\u0131\u015f m\u00fcdahaleye kapal\u0131 oldu\u011funu s\u00f6yledi.<\/p>\n<p>Mi\u00e7otakis, sorunlar\u0131n \u00e7\u00f6z\u00fcm\u00fc i\u00e7in ABD\u2019nin arabuluculuk teklifini kabul etmediklerini belirtirken, T\u00fcrkiye ile ileti\u015fim kanallar\u0131n\u0131n a\u00e7\u0131k oldu\u011funu vurgulad\u0131. \u0130ki \u00fclke aras\u0131ndaki g\u00f6r\u00fc\u015f ayr\u0131l\u0131klar\u0131n\u0131n diyalog yoluyla \u00e7\u00f6z\u00fclebilece\u011fi mesaj\u0131n\u0131 verdi.<\/p>\n<p><strong>M\u0130\u00c7OTAK\u0130S: DEN\u0130Z SINIRLARI \u00c7\u00d6Z\u00dcLMEDEN T\u00dcRK\u0130YE AB\u2019YE YAKLA\u015eAMAZ<\/strong><\/p>\n<p>T\u00fcrkiye ile Yunanistan aras\u0131ndaki en b\u00fcy\u00fck sorun ve en b\u00fcy\u00fck fark\u0131n Ege ve Do\u011fu Akdeniz&#8217;deki deniz s\u0131n\u0131rlar\u0131 oldu\u011funu s\u00f6yleyen Mi\u00e7otakis,\u00a0<em><b>&#8220;Ege ve Do\u011fu Akdeniz&#8217;deki deniz s\u0131n\u0131rlar\u0131, MEB ve k\u0131ta sahanl\u0131\u011f\u0131n\u0131n belirlenmesi. T\u00fcrkiye bu men\u00fcye ba\u015fka konular da ekledik\u00e7e, bu y\u00f6nde daha fazla ilerlemenin \u015fu anda zor oldu\u011funu anl\u0131yorsunuzdur.&#8221;<\/b><\/em>\u00a0dedi.<\/p>\n<p>Yunan Ba\u015fbakan T\u00fcrkiye ile en b\u00fcy\u00fck sorununun \u00e7\u00f6z\u00fclmeden Avrupa Birli\u011fi&#8217;ne daha fazla yakla\u015fmas\u0131n\u0131n m\u00fcmk\u00fcn olmayaca\u011f\u0131n\u0131 ifade etti. Mi\u00e7otakis,\u00a0<em><b>&#8220;Biz \u00e7ok net bir \u015fekilde ifade ettik: Casus belli var oldu\u011fu s\u00fcrece T\u00fcrkiye Avrupa fonlar\u0131ndan yararlanamaz.&#8221;<\/b><\/em>\u00a0dedi.<\/p>\n<p><strong>&#8220;F\u0130DAN&#8217;IN MESAJLARI DO\u011eRU Y\u00d6NDE CESUR B\u0130R ADIM\u201d<\/strong><\/p>\n<p>D\u0131\u015fi\u015fleri Hakan Fidan&#8217;\u0131n a\u00e7\u0131klamalar\u0131n\u0131 dile getiren M\u00e7otakis, Fidan&#8217;\u0131n a\u00e7\u0131klamalar\u0131n\u0131 olumlu kar\u015f\u0131lad\u0131\u011f\u0131n\u0131 s\u00f6yledi ve\u00a0<em><b>&#8220;do\u011fru y\u00f6nde at\u0131lm\u0131\u015f cesur bir ad\u0131m&#8221;<\/b><\/em>\u00a0olarak de\u011ferlendirdi.<\/p>\n<p>Mi\u00e7otakis,\u00a0<em><b>&#8220;Cumhurba\u015fkan\u0131 Erdo\u011fan ile do\u011frudan g\u00f6r\u00fc\u015febiliyor olmam\u0131n sadece iyi bir \u015fey oldu\u011funu d\u00fc\u015f\u00fcn\u00fcyorum. \u00c7\u00fcnk\u00fc tabii ki sadece Yunanistan-T\u00fcrkiye ili\u015fkilerini konu\u015fmuyoruz. Yunanistan, daha geni\u015f bir b\u00f6lgede daha fazla giri\u015fimde bulunmaya her zaman haz\u0131rd\u0131r.&#8221;<\/b><\/em>\u00a0diye devam etti.<\/p>\n<p>Erdo\u011fan ile g\u00f6r\u00fc\u015ft\u00fckten sonra konuya ili\u015fkin daha fazla bilgi verebilece\u011fini kaydetti.<\/p>\n<p><img decoding=\"async\" src=\"https:\/\/bihavadis.com\/wp-content\/uploads\/2026\/02\/micotakis-deniz-sinirlari-cozulmeden-turkiye-ab-fonlarina-erisemez-0-ZP5sTmIz.jpg\"\/><\/p>\n<p><strong>&#8220;\u00c7\u00d6Z\u00dcM ULUSLARARASI YARGI YOLUYLA M\u00dcMK\u00dcN&#8221;<\/strong><\/p>\n<p>T\u00fcrkiye ile \u00e7\u00f6z\u00fcm\u00fcn ancak uluslararas\u0131 yarg\u0131 yoluyla m\u00fcmk\u00fcn olabilece\u011fini belirten Yunan Ba\u015fbakan,\u00a0<em><b>&#8220;\u00d6ncelikle, \u00e7\u00f6z\u00fcm\u00fcn kendisi, anla\u015fmazl\u0131\u011f\u0131m\u0131z\u0131 uluslararas\u0131 bir yarg\u0131 organ\u0131na havale etmek olabilir. Ancak, tabii ki, &#8216;gri b\u00f6lgeler teorisi&#8217; masada oldu\u011fu s\u00fcrece, yani, dolayl\u0131 da olsa egemenlik, Ege&#8217;deki Yunan adalar\u0131n\u0131n egemenlik haklar\u0131 sorgulan\u0131rken ve \u00fczerimizde bir sava\u015f tehdidi as\u0131l\u0131 dururken, bu noktaya gelmemiz \u00e7ok zor. &#8220;<\/b><\/em>\u00a0\u015feklinde konu\u015ftu.<\/p>\n<p><strong>T\u00dcRK\u0130YE \u0130LE ANLA\u015eMA FIRSATI KA\u00c7TI MI?<\/strong><\/p>\n<p>Yunan Ba\u015fbakan, T\u00fcrkiye ile anla\u015fma f\u0131rsat\u0131n\u0131n ka\u00e7\u0131p ka\u00e7mad\u0131\u011f\u0131 sorusuna \u015fu yan\u0131t\u0131 verdi:<\/p>\n<p>&#8220;Yunanistan&#8217;\u0131n silahland\u0131\u011f\u0131 ve harekete ge\u00e7ti\u011fini belirten Mi\u00e7otakis, bunun d\u0131\u015f politika a\u00e7\u0131s\u0131ndan bir cayd\u0131r\u0131c\u0131l\u0131k amac\u0131 ta\u015f\u0131d\u0131\u011f\u0131n\u0131 s\u00f6yledi ve \u015f\u00f6yle devam etti: &#8220;T\u00fcrkiye ile bir f\u0131rsat penceresi g\u00f6rmeyi beklemeden kendi g\u00fcc\u00fcm\u00fcze yat\u0131r\u0131m yap\u0131yoruz. Biliyorsunuz, Yunanistan uluslararas\u0131 hukuka ba\u011fl\u0131 bir \u00fclkedir. Bu nedenle, de\u011ferlerimizin g\u00fcc\u00fcn\u00fc savunaca\u011f\u0131z, ancak art\u0131k g\u00fcc\u00fcm\u00fcz\u00fcn de\u011ferine de yat\u0131r\u0131m yapma zaman\u0131 geldi.&#8221;<\/p>\n<p><strong>YUNAN\u0130STAN-\u0130SRA\u0130L \u0130L\u0130\u015eK\u0130S\u0130<\/strong><\/p>\n<p>Mi\u00e7otakis,\u00a0<em><b>&#8220;\u0130srail, Avrupa pazar\u0131na girmek i\u00e7in bir dayana\u011fa ihtiya\u00e7 duyuyor. Yani, bu derin ve geni\u015f bir ili\u015fki ve evet, ben de ki\u015fisel olarak bu ili\u015fkiye \u00e7ok yat\u0131r\u0131m yapt\u0131m. Ancak bu ili\u015fki tek y\u00f6nl\u00fc de\u011fildir. K\u00f6rfez&#8217;deki di\u011fer \u00fclkelerle olan ili\u015fkilerimize bak\u0131n. Birka\u00e7 hafta sonra Hindistan&#8217;a gidece\u011fim. Avrupa Birli\u011fi&#8217;nin Hindistan ile yak\u0131nla\u015fmas\u0131 gerekti\u011fini ilk dile getiren \u00fclke Yunanistan&#8217;d\u0131.&#8221;<\/b><\/em>\u00a0dedi.<\/p>\n<p><img decoding=\"async\" src=\"https:\/\/bihavadis.com\/wp-content\/uploads\/2026\/02\/micotakis-deniz-sinirlari-cozulmeden-turkiye-ab-fonlarina-erisemez-1-dRQKIv5q.jpg\"\/><\/p>\n<p><strong>&#8220;\u00c7OK \u015eEY DE\u011e\u0130\u015eECEK&#8221;<\/strong><\/p>\n<p>ABD&#8217;yi dost \u00fclke olarak g\u00f6rd\u00fcklerini ve stratejik ili\u015fkilerini koruyacaklar\u0131n\u0131 belirten Mi\u00e7otakis, yan\u0131 s\u0131ra AB&#8217;nin kendi savunma sistemini geni\u015fletmesi vurgusu yapt\u0131. Son d\u00f6nemde ya\u015fanan geli\u015fmelerin AB i\u00e7in <em><b>&#8220;ani ve \u015fiddetli bir uyar\u0131c\u0131&#8221;<\/b><\/em> oldu\u011funu dile getiren Yunan Ba\u015fbakan,\u00a0<em><b>&#8220;AB&#8217;nin tek n\u00fckleer g\u00fcc\u00fc olan Fransa, n\u00fckleer \u201c\u015femsiyesini\u201d di\u011fer Avrupa \u00fclkelerine geni\u015fletmeyi tart\u0131\u015f\u0131yor. \u00c7ok \u015fey de\u011fi\u015fecek. Ama \u015funu s\u00f6yleyebilirim: Biz bu geli\u015fmelerin merkezinde olaca\u011f\u0131z. ABD ile stratejik ili\u015fkilerimizi zedelemeden, Avrupa&#8217;n\u0131n stratejik \u00f6zerkli\u011fi konusunda y\u00fcr\u00fct\u00fclen bu tart\u0131\u015fmada ba\u015frol\u00fc oynuyoruz.&#8221;<\/b><\/em>\u00a0\u015feklinde konu\u015ftu.<\/p>\n<p><strong>ANAYASA DE\u011e\u0130\u015e\u0130KL\u0130\u011e\u0130 \u00c7A\u011eRISI<\/strong><\/p>\n<p>Ba\u015fbakan askeri cunta rejiminin d\u00fc\u015fmesinin ard\u0131ndan 1975&#8217;te ilk kez y\u00fcr\u00fcrl\u00fc\u011fe giren Yunan anayasas\u0131n\u0131n de\u011fi\u015ftirime s\u00fcrecine ili\u015fkin konu\u015ftu.<\/p>\n<p>G\u00fcncel zorluklarla m\u00fccadele etmek i\u00e7in <em><b>&#8220;cesur bir anayasa revizyonu&#8221;<\/b><\/em> i\u00e7in muhalefet partilerine uzla\u015fma \u00e7a\u011fr\u0131s\u0131nda bulundu.<\/p>\n","protected":false},"excerpt":{"rendered":"<p>Yunanistan Ba\u015fbakan\u0131 Kiryakos Mi\u00e7otakis, Ege ve Do\u011fu Akdeniz\u2019deki deniz yetki alanlar\u0131 sorununu T\u00fcrkiye ile ili\u015fkilerde \u201cen b\u00fcy\u00fck engel\u201d olarak tan\u0131mlad\u0131 ve bu mesele \u00e7\u00f6z\u00fclmeden Ankara\u2019n\u0131n AB fonlar\u0131ndan yararlanamayaca\u011f\u0131n\u0131 s\u00f6yledi.<\/p>\n","protected":false},"author":1,"featured_media":19014,"comment_status":"open","ping_status":"open","sticky":false,"template":"","format":"standard","meta":{"footnotes":""},"categories":[6],"tags":[2080,3513,3514,700,2805],"class_list":["post-19013","post","type-post","status-publish","format-standard","has-post-thumbnail","hentry","category-dunya","tag-iliski","tag-micotakis","tag-turkiye-ile","tag-ulke","tag-yunanistan"],"_links":{"self":[{"href":"https:\/\/bihavadis.com\/index.php\/wp-json\/wp\/v2\/posts\/19013","targetHints":{"allow":["GET"]}}],"collection":[{"href":"https:\/\/bihavadis.com\/index.php\/wp-json\/wp\/v2\/posts"}],"about":[{"href":"https:\/\/bihavadis.com\/index.php\/wp-json\/wp\/v2\/types\/post"}],"author":[{"embeddable":true,"href":"https:\/\/bihavadis.com\/index.php\/wp-json\/wp\/v2\/users\/1"}],"replies":[{"embeddable":true,"href":"https:\/\/bihavadis.com\/index.php\/wp-json\/wp\/v2\/comments?post=19013"}],"version-history":[{"count":1,"href":"https:\/\/bihavadis.com\/index.php\/wp-json\/wp\/v2\/posts\/19013\/revisions"}],"predecessor-version":[{"id":19017,"href":"https:\/\/bihavadis.com\/index.php\/wp-json\/wp\/v2\/posts\/19013\/revisions\/19017"}],"wp:featuredmedia":[{"embeddable":true,"href":"https:\/\/bihavadis.com\/index.php\/wp-json\/wp\/v2\/media\/19014"}],"wp:attachment":[{"href":"https:\/\/bihavadis.com\/index.php\/wp-json\/wp\/v2\/media?parent=19013"}],"wp:term":[{"taxonomy":"category","embeddable":true,"href":"https:\/\/bihavadis.com\/index.php\/wp-json\/wp\/v2\/categories?post=19013"},{"taxonomy":"post_tag","embeddable":true,"href":"https:\/\/bihavadis.com\/index.php\/wp-json\/wp\/v2\/tags?post=19013"}],"curies":[{"name":"wp","href":"https:\/\/api.w.org\/{rel}","templated":true}]}}