{"id":19033,"date":"2026-02-06T20:57:08","date_gmt":"2026-02-06T20:57:08","guid":{"rendered":"https:\/\/bihavadis.com\/?p=19033"},"modified":"2026-02-06T20:57:08","modified_gmt":"2026-02-06T20:57:08","slug":"yalovada-emekli-ogretmen-evinde-olu-bulundu","status":"publish","type":"post","link":"https:\/\/bihavadis.com\/index.php\/2026\/02\/06\/yalovada-emekli-ogretmen-evinde-olu-bulundu\/","title":{"rendered":"Yalova\u2019da emekli \u00f6\u011fretmen evinde \u00f6l\u00fc bulundu"},"content":{"rendered":"<p>Yalova&#8217;da \u00c7iftlikk\u00f6y il\u00e7esi Mehmet Akif Ersoy Mahallesi Bilge Ka\u011fan Caddesi \u00fczerinde bulunan Simge apartman\u0131n\u0131n 5\u2019inci kat\u0131nda tek ba\u015f\u0131na ya\u015fad\u0131\u011f\u0131 \u00f6\u011frenilen emekli \u00f6\u011fretmen Mahmut Ya\u011fmur\u2019dan uzun s\u00fcredir haber alamayan kom\u015fular\u0131, durumu polis ekiplerine bildirdi.<\/p>\n<p><strong>EV\u0130NDE \u00d6L\u00dc BULUNDU, CENAZES\u0130 OTOPS\u0130YE G\u00d6NDER\u0130LD\u0130<\/strong><\/p>\n<p>\u00d6\u011fretmenin en son 8 Ocak g\u00fcn\u00fc, arac\u0131yla binan\u0131n \u00f6n\u00fcne geldikten sonra evine girdi\u011fi ve o g\u00fcnden itibaren d\u0131\u015far\u0131 \u00e7\u0131kmad\u0131\u011f\u0131 \u00f6\u011frenildi.<\/p>\n<p>\u0130hbar \u00fczerine olay yerine gelen polis ekipleri, \u00e7ilingir yard\u0131m\u0131yla daire kap\u0131s\u0131n\u0131 a\u00e7t\u0131. Dairede yap\u0131lan kontrolde, 69 ya\u015f\u0131ndaki emekli \u00f6\u011fretmenin hayat\u0131n\u0131 kaybetti\u011fi belirlendi.<\/p>\n<p>Olay yerinde yap\u0131lan incelemenin ard\u0131ndan cenaze, kesin \u00f6l\u00fcm nedeninin belirlenmesi amac\u0131yla otopsi yap\u0131lmak \u00fczere Yalova E\u011fitim ve Ara\u015ft\u0131rma Hastanesi morguna kald\u0131r\u0131ld\u0131.<\/p>\n<p><img decoding=\"async\" src=\"https:\/\/bihavadis.com\/wp-content\/uploads\/2026\/02\/yalovada-emekli-ogretmen-evinde-olu-bulundu-0-zBpS56K2.jpg\"\/><\/p>\n<p><img decoding=\"async\" src=\"https:\/\/bihavadis.com\/wp-content\/uploads\/2026\/02\/yalovada-emekli-ogretmen-evinde-olu-bulundu-1-e9mKOzUg.jpg\"\/><\/p>\n","protected":false},"excerpt":{"rendered":"<p>Yalova\u2019n\u0131n \u00c7iftlikk\u00f6y il\u00e7esinde, uzun s\u00fcredir haber al\u0131namayan 69 ya\u015f\u0131ndaki emekli \u00f6\u011fretmen Mahmut Ya\u011fmur evinde \u00f6l\u00fc bulundu.<\/p>\n","protected":false},"author":1,"featured_media":19034,"comment_status":"open","ping_status":"open","sticky":false,"template":"","format":"standard","meta":{"footnotes":""},"categories":[4,13],"tags":[],"class_list":["post-19033","post","type-post","status-publish","format-standard","has-post-thumbnail","hentry","category-gundem","category-son-dakika"],"_links":{"self":[{"href":"https:\/\/bihavadis.com\/index.php\/wp-json\/wp\/v2\/posts\/19033","targetHints":{"allow":["GET"]}}],"collection":[{"href":"https:\/\/bihavadis.com\/index.php\/wp-json\/wp\/v2\/posts"}],"about":[{"href":"https:\/\/bihavadis.com\/index.php\/wp-json\/wp\/v2\/types\/post"}],"author":[{"embeddable":true,"href":"https:\/\/bihavadis.com\/index.php\/wp-json\/wp\/v2\/users\/1"}],"replies":[{"embeddable":true,"href":"https:\/\/bihavadis.com\/index.php\/wp-json\/wp\/v2\/comments?post=19033"}],"version-history":[{"count":1,"href":"https:\/\/bihavadis.com\/index.php\/wp-json\/wp\/v2\/posts\/19033\/revisions"}],"predecessor-version":[{"id":19037,"href":"https:\/\/bihavadis.com\/index.php\/wp-json\/wp\/v2\/posts\/19033\/revisions\/19037"}],"wp:featuredmedia":[{"embeddable":true,"href":"https:\/\/bihavadis.com\/index.php\/wp-json\/wp\/v2\/media\/19034"}],"wp:attachment":[{"href":"https:\/\/bihavadis.com\/index.php\/wp-json\/wp\/v2\/media?parent=19033"}],"wp:term":[{"taxonomy":"category","embeddable":true,"href":"https:\/\/bihavadis.com\/index.php\/wp-json\/wp\/v2\/categories?post=19033"},{"taxonomy":"post_tag","embeddable":true,"href":"https:\/\/bihavadis.com\/index.php\/wp-json\/wp\/v2\/tags?post=19033"}],"curies":[{"name":"wp","href":"https:\/\/api.w.org\/{rel}","templated":true}]}}