{"id":19049,"date":"2026-02-06T21:09:05","date_gmt":"2026-02-06T21:09:05","guid":{"rendered":"https:\/\/bihavadis.com\/?p=19049"},"modified":"2026-02-06T21:09:05","modified_gmt":"2026-02-06T21:09:05","slug":"buyukakin-bu-buyuk-acilar-bir-daha-yasanmasin-diye-calisiyoruz","status":"publish","type":"post","link":"https:\/\/bihavadis.com\/index.php\/2026\/02\/06\/buyukakin-bu-buyuk-acilar-bir-daha-yasanmasin-diye-calisiyoruz\/","title":{"rendered":"B\u00fcy\u00fckak\u0131n: &#8220;Bu b\u00fcy\u00fck ac\u0131lar bir daha ya\u015fanmas\u0131n diye \u00e7al\u0131\u015f\u0131yoruz&#8221;"},"content":{"rendered":"<p>Kocaeli B\u00fcy\u00fck\u015fehir Belediye Ba\u015fkan\u0131 Tahir B\u00fcy\u00fckak\u0131n, 6 \u015eubat Kahramanmara\u015f depremlerinin y\u0131ld\u00f6n\u00fcm\u00fc dolay\u0131s\u0131yla yay\u0131mlad\u0131\u011f\u0131 mesaj\u0131nda, bu b\u00fcy\u00fck felakette hayat\u0131n\u0131 kaybedenleri rahmetle and\u0131. B\u00fcy\u00fckak\u0131n, \u201cGelecekte benzer ac\u0131lar\u0131n ya\u015fanmamas\u0131 i\u00e7in sorumlulu\u011fumuzun bilinciyle \u00e7al\u0131\u015fmaya devam edece\u011fiz\u201d dedi.<\/p>\n<p>Kocaeli B\u00fcy\u00fck\u015fehir Belediye Ba\u015fkan\u0131 Tahir B\u00fcy\u00fckak\u0131n, 6 \u015eubat 2023 Kahramanmara\u015f depremlerinin y\u0131ld\u00f6n\u00fcm\u00fcnde bir mesaj yay\u0131mlad\u0131. 6 \u015eubat\u2019\u0131n yaln\u0131zca \u015fehirlerin de\u011fil, insan hayat\u0131n\u0131n ne kadar k\u0131r\u0131lgan oldu\u011funu hepimize yeniden hat\u0131rlatt\u0131\u011f\u0131n\u0131 vurgulayan Ba\u015fkan B\u00fcy\u00fckak\u0131n, \u201cO g\u00fcn ya\u015fanan ac\u0131, millet olarak kalplerimizi birbirine daha da yakla\u015ft\u0131rd\u0131. Zor zamanlarda ortaya \u00e7\u0131kan dayan\u0131\u015fma ruhu, bu \u00fclkenin en b\u00fcy\u00fck g\u00fcc\u00fc oldu\u011funu bir kez daha g\u00f6sterdi\u201d dedi.<\/p>\n<p><b>\u201cDEVLET HEP SAHADAYDI\u201d<\/b><\/p>\n<p>Devletin t\u00fcm imk\u00e2nlar\u0131yla ilk andan itibaren sahada oldu\u011funu vurgulayan Ba\u015fkan B\u00fcy\u00fckak\u0131n, Cumhurba\u015fkan\u0131 Recep Tayyip Erdo\u011fan\u2019\u0131n liderli\u011finde y\u00fcr\u00fct\u00fclen \u00e7al\u0131\u015fmalar\u0131n kesintisiz \u015fekilde devam etti\u011fini belirtti. B\u00fcy\u00fckak\u0131n, \u201cArama kurtarmadan kal\u0131c\u0131 konutlara, iyile\u015ftirmeden yeniden in\u015faya kadar g\u00fc\u00e7l\u00fc bir s\u00fcre\u00e7 y\u00f6netildi. Bu s\u00fcrecin merkezinde ise milletimizin g\u00f6sterdi\u011fi fedakarl\u0131k ve birlik anlay\u0131\u015f\u0131 yer ald\u0131\u201d ifadesini kulland\u0131.<\/p>\n<p><b>\u201cB\u0130L\u0130M\u0130N \u00d6NEM\u0130 ORTAYA \u00c7IKTI\u201d<\/b><\/p>\n<p>Depremlerin, haz\u0131rl\u0131\u011f\u0131n ve bilim temelli \u015fehircilik anlay\u0131\u015f\u0131n\u0131n hayati \u00f6nemini bir kez daha ortaya koydu\u011funu ifade eden B\u00fcy\u00fckak\u0131n, Kocaeli\u2019nin bu konuda \u00f6zel bir sorumluluk ta\u015f\u0131d\u0131\u011f\u0131na dikkat \u00e7ekti, \u201cKocaeli, 17 A\u011fustos 1999 Depremi\u2019ni ya\u015fam\u0131\u015f, afetin ne anlama geldi\u011fini tecr\u00fcbeyle \u00f6\u011frenmi\u015f bir kenttir. Bu nedenle bizler i\u00e7in deprem, y\u00f6netilmesi gereken bir ger\u00e7ektir. Diren\u00e7li \u015fehir vizyonuyla hareket ediyor; afetlere haz\u0131rl\u0131\u011f\u0131 kurumsal bir yap\u0131 haline getiriyoruz\u201d dedi.<\/p>\n<p><b>HAYATINI KAYBEDENLER\u0130 UNUTMADI<\/b><\/p>\n<p>Ba\u015fkan B\u00fcy\u00fckak\u0131n, Kocaeli B\u00fcy\u00fck\u015fehir Belediyesi\u2019nin son y\u0131llarda afet y\u00f6netimi ve kentsel d\u00f6n\u00fc\u015f\u00fcm alanlar\u0131nda bilimin rehberli\u011finde at\u0131lan ad\u0131mlar\u0131n kararl\u0131l\u0131kla s\u00fcrd\u00fcr\u00fcld\u00fc\u011f\u00fcn\u00fc kaydetti. Deprem felaketlerinin bir daha ya\u015fanmamas\u0131 temennisinde bulunan B\u00fcy\u00fckak\u0131n s\u00f6zlerini \u015f\u00f6yle tamamlad\u0131: \u201cBug\u00fcn kaybettiklerimizi rahmetle an\u0131yor, gelecekte benzer ac\u0131lar\u0131n ya\u015fanmamas\u0131 i\u00e7in sorumlulu\u011fumuzun bilinciyle \u00e7al\u0131\u015fmaya devam edece\u011fimizi bir kez daha vurguluyorum. Kocaeli, ya\u015fad\u0131\u011f\u0131 depremlerden ders \u00e7\u0131karan, tecr\u00fcbesini g\u00fcvenli yar\u0131nlara d\u00f6n\u00fc\u015ft\u00fcren bir \u015fehir olmaya devam edecektir.\u201d<\/p>\n<p>\u00a0<\/p>\n<p>Kaynak: (BYZHA) Beyaz Haber Ajans\u0131<\/p>\n","protected":false},"excerpt":{"rendered":"<p>Kocaeli B\u00fcy\u00fck\u015fehir Belediye Ba\u015fkan\u0131 Tahir B\u00fcy\u00fckak\u0131n, 6 \u015eubat Kahramanmara\u015f depremlerinin y\u0131ld\u00f6n\u00fcm\u00fc dolay\u0131s\u0131yla yay\u0131mlad\u0131\u011f\u0131 mesaj\u0131nda, bu b\u00fcy\u00fck felakette hayat\u0131n\u0131 kaybedenleri rahmetle and\u0131.<\/p>\n","protected":false},"author":1,"featured_media":19050,"comment_status":"open","ping_status":"open","sticky":false,"template":"","format":"standard","meta":{"footnotes":""},"categories":[4],"tags":[586,60,240],"class_list":["post-19049","post","type-post","status-publish","format-standard","has-post-thumbnail","hentry","category-gundem","tag-buyukakin","tag-deprem","tag-kocaeli"],"_links":{"self":[{"href":"https:\/\/bihavadis.com\/index.php\/wp-json\/wp\/v2\/posts\/19049","targetHints":{"allow":["GET"]}}],"collection":[{"href":"https:\/\/bihavadis.com\/index.php\/wp-json\/wp\/v2\/posts"}],"about":[{"href":"https:\/\/bihavadis.com\/index.php\/wp-json\/wp\/v2\/types\/post"}],"author":[{"embeddable":true,"href":"https:\/\/bihavadis.com\/index.php\/wp-json\/wp\/v2\/users\/1"}],"replies":[{"embeddable":true,"href":"https:\/\/bihavadis.com\/index.php\/wp-json\/wp\/v2\/comments?post=19049"}],"version-history":[{"count":1,"href":"https:\/\/bihavadis.com\/index.php\/wp-json\/wp\/v2\/posts\/19049\/revisions"}],"predecessor-version":[{"id":19051,"href":"https:\/\/bihavadis.com\/index.php\/wp-json\/wp\/v2\/posts\/19049\/revisions\/19051"}],"wp:featuredmedia":[{"embeddable":true,"href":"https:\/\/bihavadis.com\/index.php\/wp-json\/wp\/v2\/media\/19050"}],"wp:attachment":[{"href":"https:\/\/bihavadis.com\/index.php\/wp-json\/wp\/v2\/media?parent=19049"}],"wp:term":[{"taxonomy":"category","embeddable":true,"href":"https:\/\/bihavadis.com\/index.php\/wp-json\/wp\/v2\/categories?post=19049"},{"taxonomy":"post_tag","embeddable":true,"href":"https:\/\/bihavadis.com\/index.php\/wp-json\/wp\/v2\/tags?post=19049"}],"curies":[{"name":"wp","href":"https:\/\/api.w.org\/{rel}","templated":true}]}}