{"id":19131,"date":"2026-02-06T22:24:04","date_gmt":"2026-02-06T22:24:04","guid":{"rendered":"https:\/\/bihavadis.com\/?p=19131"},"modified":"2026-02-06T22:24:04","modified_gmt":"2026-02-06T22:24:04","slug":"bayrakli-belediyesi-arama-kurtarma-ekipleri-afad-egitimini-tamamladi","status":"publish","type":"post","link":"https:\/\/bihavadis.com\/index.php\/2026\/02\/06\/bayrakli-belediyesi-arama-kurtarma-ekipleri-afad-egitimini-tamamladi\/","title":{"rendered":"Bayrakl\u0131 Belediyesi Arama Kurtarma Ekipleri AFAD E\u011fitimini Tamamlad\u0131"},"content":{"rendered":"<p>Bayrakl\u0131 Belediyesi Afet \u0130\u015fleri ve Risk Y\u00f6netimi M\u00fcd\u00fcrl\u00fc\u011f\u00fc b\u00fcnyesinde g\u00f6rev yapan arama kurtarma ekipleri, Afet ve Acil Durum Y\u00f6netimi Ba\u015fkanl\u0131\u011f\u0131 (AFAD) taraf\u0131ndan d\u00fczenlenen \u201cEnkazda Arama ve Kurtarma Temel E\u011fitimini ba\u015far\u0131yla tamamlad\u0131.<\/p>\n<p>AFAD e\u011fitmenleri taraf\u0131ndan verilen ve 5 g\u00fcn s\u00fcren e\u011fitim program\u0131 kapsam\u0131nda; enkazda g\u00fcvenli \u00e7al\u0131\u015fma y\u00f6ntemleri, arama ve kurtarma teknikleri, ekip koordinasyonu ile kriz anlar\u0131nda do\u011fru ve etkin m\u00fcdahale konular\u0131nda hem teorik hem de uygulamal\u0131 e\u011fitimler ger\u00e7ekle\u015ftirildi. Ger\u00e7ek\u00e7i senaryolar e\u015fli\u011finde yap\u0131lan uygulamalarla ekiplerin sahadaki m\u00fcdahale kabiliyeti, teknik yeterlili\u011fi ve koordinasyon becerileri geli\u015ftirilirken, Bayrakl\u0131 Belediyesinin afetlere haz\u0131rl\u0131k konusundaki kurumsal kapasitesi de g\u00fc\u00e7lendirildi.<\/p>\n<p>BA\u015eKAN \u00d6NAL: \u201cAFETLERE HAZIRLIK ERTELENEMEZ B\u0130R SORUMLULUKTUR\u201d<\/p>\n<p>Konuya ili\u015fkin de\u011ferlendirmelerde bulunan Bayrakl\u0131 Belediye Ba\u015fkan\u0131 \u0130rfan \u00d6nal, Bayrakl\u0131\u2019n\u0131n deprem ger\u00e7e\u011fini yak\u0131ndan ya\u015fam\u0131\u015f bir il\u00e7e oldu\u011funa dikkat \u00e7ekti.\u201cBayrakl\u0131, deprem ger\u00e7e\u011fini yak\u0131ndan ya\u015fam\u0131\u015f bir il\u00e7e. 30 Ekim\u2019de ya\u015fad\u0131klar\u0131m\u0131z ve 6 \u015eubat\u2019ta t\u00fcm \u00fclkeyi derinden sarsan b\u00fcy\u00fck felaket, afetlere haz\u0131rl\u0131\u011f\u0131n ne kadar hayati oldu\u011funu bir kez daha g\u00f6sterdi. 6 \u015eubat depremleri, arama ve kurtarma \u00e7al\u0131\u015fmalar\u0131n\u0131n ilk saatlerde ne kadar kritik oldu\u011funu, e\u011fitimli ve donan\u0131ml\u0131 ekiplerin bir can\u0131n kaderini nas\u0131l de\u011fi\u015ftirebildi\u011fini hepimize ac\u0131 \u015fekilde hat\u0131rlatt\u0131. Biz belediye olarak bu ger\u00e7e\u011fi unutmadan, ekiplerimizin bilgi ve becerisini s\u00fcrekli geli\u015ftirmeye \u00f6nem veriyoruz. AFAD i\u015f birli\u011fiyle ger\u00e7ekle\u015ftirilen bu e\u011fitim, afet anlar\u0131nda daha h\u0131zl\u0131 ve do\u011fru m\u00fcdahale edebilmek ad\u0131na y\u00fcr\u00fctt\u00fc\u011f\u00fcm\u00fcz \u00e7al\u0131\u015fmalar\u0131n bir par\u00e7as\u0131d\u0131r. Afetlere haz\u0131rl\u0131k, yerel y\u00f6netimlerin temel sorumluluk alanlar\u0131ndan biridir. Bayrakl\u0131 Belediyesi olarak bu sorumlulu\u011fun bilinciyle hareket ediyor, vatanda\u015flar\u0131m\u0131z\u0131n kendini daha g\u00fcvende hissetmesi i\u00e7in \u00fczerimize d\u00fc\u015feni yapmaya devam ediyoruz\u201d dedi.<\/p>\n<p>Bayrakl\u0131 Belediyesi Afet \u0130\u015fleri ve Risk Y\u00f6netimi M\u00fcd\u00fcrl\u00fc\u011f\u00fc b\u00fcnyesindeki arama kurtarma ekipleri, afetlere haz\u0131rl\u0131k kapsam\u0131nda farkl\u0131 alanlardaki e\u011fitim ve tatbikat \u00e7al\u0131\u015fmalar\u0131n\u0131 \u00f6n\u00fcm\u00fczdeki s\u00fcre\u00e7te de s\u00fcrd\u00fcrecek.<\/p>\n<p>\u00a0<\/p>\n<p>Kaynak: (BYZHA) Beyaz Haber Ajans\u0131<\/p>\n","protected":false},"excerpt":{"rendered":"<p>Bayrakl\u0131 Belediyesi Afet \u0130\u015fleri ve Risk Y\u00f6netimi M\u00fcd\u00fcrl\u00fc\u011f\u00fc b\u00fcnyesinde g\u00f6rev yapan arama kurtarma ekipleri, Afet ve Acil Durum Y\u00f6netimi Ba\u015fkanl\u0131\u011f\u0131 (AFAD) taraf\u0131ndan d\u00fczenlenen \u201cEnkazda Arama ve Kurtarma Temel E\u011fitimini ba\u015far\u0131yla tamamlad\u0131.<\/p>\n","protected":false},"author":1,"featured_media":19132,"comment_status":"open","ping_status":"open","sticky":false,"template":"","format":"standard","meta":{"footnotes":""},"categories":[4],"tags":[1194,403,233,2404,2405],"class_list":["post-19131","post","type-post","status-publish","format-standard","has-post-thumbnail","hentry","category-gundem","tag-afet","tag-arama","tag-egitim","tag-ekip","tag-kurtarma"],"_links":{"self":[{"href":"https:\/\/bihavadis.com\/index.php\/wp-json\/wp\/v2\/posts\/19131","targetHints":{"allow":["GET"]}}],"collection":[{"href":"https:\/\/bihavadis.com\/index.php\/wp-json\/wp\/v2\/posts"}],"about":[{"href":"https:\/\/bihavadis.com\/index.php\/wp-json\/wp\/v2\/types\/post"}],"author":[{"embeddable":true,"href":"https:\/\/bihavadis.com\/index.php\/wp-json\/wp\/v2\/users\/1"}],"replies":[{"embeddable":true,"href":"https:\/\/bihavadis.com\/index.php\/wp-json\/wp\/v2\/comments?post=19131"}],"version-history":[{"count":1,"href":"https:\/\/bihavadis.com\/index.php\/wp-json\/wp\/v2\/posts\/19131\/revisions"}],"predecessor-version":[{"id":19133,"href":"https:\/\/bihavadis.com\/index.php\/wp-json\/wp\/v2\/posts\/19131\/revisions\/19133"}],"wp:featuredmedia":[{"embeddable":true,"href":"https:\/\/bihavadis.com\/index.php\/wp-json\/wp\/v2\/media\/19132"}],"wp:attachment":[{"href":"https:\/\/bihavadis.com\/index.php\/wp-json\/wp\/v2\/media?parent=19131"}],"wp:term":[{"taxonomy":"category","embeddable":true,"href":"https:\/\/bihavadis.com\/index.php\/wp-json\/wp\/v2\/categories?post=19131"},{"taxonomy":"post_tag","embeddable":true,"href":"https:\/\/bihavadis.com\/index.php\/wp-json\/wp\/v2\/tags?post=19131"}],"curies":[{"name":"wp","href":"https:\/\/api.w.org\/{rel}","templated":true}]}}