{"id":19195,"date":"2026-02-06T23:21:09","date_gmt":"2026-02-06T23:21:09","guid":{"rendered":"https:\/\/bihavadis.com\/?p=19195"},"modified":"2026-02-06T23:21:09","modified_gmt":"2026-02-06T23:21:09","slug":"noa-langden-transfer-itirafi-geldi","status":"publish","type":"post","link":"https:\/\/bihavadis.com\/index.php\/2026\/02\/06\/noa-langden-transfer-itirafi-geldi\/","title":{"rendered":"Noa Lang&#8217;den transfer itiraf\u0131 geldi"},"content":{"rendered":"<p>Galatasaray&#8217;\u0131n Napoli&#8217;den yeni transferi Noa Lang, ESPN Hollanda televizyonuna transferiyle ilgili a\u00e7\u0131klama yapt\u0131.<\/p>\n<p>Lang, Napoli&#8217;de oynarken teknik direkt\u00f6rl\u00fc\u011f\u00fcn\u00fc yapan Antonio Conte&#8217;yle anla\u015famad\u0131klar\u0131n\u0131 s\u00f6yledi.<\/p>\n<p><strong>&#8220;YARIM SEZON SONRA AYRILMAK \u0130STEYEN B\u0130R\u0130 DE\u011e\u0130L\u0130M&#8221;<\/strong><\/p>\n<p>Galatasaray&#8217;a transferinin biraz zaman ald\u0131\u011f\u0131n\u0131 da s\u00f6zlerine ekleyen Lang, <b><em>&#8220;Galatasaray teklif yapm\u0131\u015ft\u0131 ama ben yar\u0131m sezon sonra ayr\u0131lmak isteyen biri de\u011filim.&#8221;<\/em><\/b> dedi.<\/p>\n<p>Son olarak yaz\u0131n oynanacak D\u00fcnya Kupas\u0131&#8217;na vurgu yapan Lang, &#8220;<b><em>Y<\/em><\/b><span><span><b>az\u0131n D\u00fcnya Kupas\u0131 var. Bu y\u00fczden bu se\u00e7imim de esas olarak buna y\u00f6nelikti.&#8221; <\/b>\u015feklinde konu\u015ftu.<\/span><\/span><\/p>\n<p><img decoding=\"async\" src=\"https:\/\/bihavadis.com\/wp-content\/uploads\/2026\/02\/noa-langden-transfer-itirafi-geldi-0-K6HIV2Yp.jpg\"\/><\/p>\n<p><strong>&#8220;CONTE&#8217;YLE ANLA\u015eAMADIK&#8221;<\/strong><\/p>\n<p>&#8220;Nas\u0131l normal bir \u015fekilde s\u00f6yleyeyim&#8230; Teknik direkt\u00f6rle (Antonio Conte) anla\u015famad\u0131k. Bu kadarla yetinelim. Hollanda&#8217;da bunun benim hatam oldu\u011funu d\u00fc\u015f\u00fcnd\u00fc\u011f\u00fcn\u00fcz\u00fc biliyorum ama bir g\u00fcn her \u015fey a\u00e7\u0131kl\u0131\u011fa kavu\u015facak. \u015eu anda s\u00f6zle\u015fmem olan kul\u00fcbe b\u00fcy\u00fck sayg\u0131 duyuyorum. Kul\u00fcpteki neredeyse herkesle iyi ili\u015fkilerim var. Bu politik davran\u0131\u015flar bana uymuyor.&#8221;<\/p>\n<p><img decoding=\"async\" src=\"https:\/\/bihavadis.com\/wp-content\/uploads\/2026\/02\/noa-langden-transfer-itirafi-geldi-1-dH7FjEXB.jpg\"\/><\/p>\n<p><strong>&#8220;TRANSFER B\u0130RAZ ZAMAN ALDI&#8221;<\/strong><\/p>\n<p>&#8220;D\u00fcr\u00fcst olmak gerekirse, transfer biraz zaman ald\u0131. Galatasaray teklif yapm\u0131\u015ft\u0131 ama ben yar\u0131m sezon sonra ayr\u0131lmak isteyen biri de\u011filim.&#8221;<\/p>\n<p><img decoding=\"async\" src=\"https:\/\/bihavadis.com\/wp-content\/uploads\/2026\/02\/noa-langden-transfer-itirafi-geldi-2-WqaIZ43a.jpg\"\/><\/p>\n<p><strong>&#8220;OYNADI\u011eIM DAK\u0130KALAR HAKKINDA K\u00d6T\u00dc KONU\u015eULUYORDU&#8221;<\/strong><\/p>\n<p>&#8220;On ki\u015fiden dokuzu da gitmemi istemiyordu. Tak\u0131mda iyiydim, her g\u00fcn iyi antrenman yap\u0131yordum ve oynad\u0131\u011f\u0131m dakikalarda hakk\u0131nda k\u00f6t\u00fc konu\u015fuluyordu. Ama ben buna hi\u00e7 kat\u0131lm\u0131yordum. Oyun tarz\u0131m i\u00e7inde iyi i\u015f \u00e7\u0131kard\u0131m. En az\u0131ndan ben \u00f6yle d\u00fc\u015f\u00fcn\u00fcyorum.&#8221;<\/p>\n<p>Lang son olarak, Antonio Conte&#8217;nin yakla\u015f\u0131m\u0131n\u0131 kastederek, <b><em>\u201cBana adil davran\u0131lmal\u0131 ve ben bu hissi hi\u00e7 ya\u015famad\u0131m. \u0130lk ba\u015fta m\u00fccadele etmek istedim ve kalaca\u011f\u0131m\u0131 d\u00fc\u015f\u00fcnd\u00fcm. Ama yaz\u0131n D\u00fcnya Kupas\u0131 var. Bu y\u00fczden bu se\u00e7imim de esas olarak buna y\u00f6nelikti.\u201d<\/em><\/b> ifadelerini kulland\u0131.<\/p>\n<p><img decoding=\"async\" src=\"https:\/\/bihavadis.com\/wp-content\/uploads\/2026\/02\/noa-langden-transfer-itirafi-geldi-3-6mbPtnhq.jpg\"\/><\/p>\n","protected":false},"excerpt":{"rendered":"<p>Galatasaray&#8217;\u0131n yeni transferlerinden Noa Lang, kariyeri ve Galatasaray&#8217;la ilgili bir itirafta bulundu. Lang, &#8220;D\u00fcr\u00fcst olmak gerekirse, transfer biraz zaman ald\u0131. Galatasaray teklif yapm\u0131\u015ft\u0131 ama ben yar\u0131m sezon sonra ayr\u0131lmak isteyen biri de\u011filim.&#8221; ifadelerini kulland\u0131.<\/p>\n","protected":false},"author":1,"featured_media":19196,"comment_status":"open","ping_status":"open","sticky":false,"template":"","format":"standard","meta":{"footnotes":""},"categories":[14],"tags":[2922,404],"class_list":["post-19195","post","type-post","status-publish","format-standard","has-post-thumbnail","hentry","category-spor","tag-lang","tag-transfer"],"_links":{"self":[{"href":"https:\/\/bihavadis.com\/index.php\/wp-json\/wp\/v2\/posts\/19195","targetHints":{"allow":["GET"]}}],"collection":[{"href":"https:\/\/bihavadis.com\/index.php\/wp-json\/wp\/v2\/posts"}],"about":[{"href":"https:\/\/bihavadis.com\/index.php\/wp-json\/wp\/v2\/types\/post"}],"author":[{"embeddable":true,"href":"https:\/\/bihavadis.com\/index.php\/wp-json\/wp\/v2\/users\/1"}],"replies":[{"embeddable":true,"href":"https:\/\/bihavadis.com\/index.php\/wp-json\/wp\/v2\/comments?post=19195"}],"version-history":[{"count":1,"href":"https:\/\/bihavadis.com\/index.php\/wp-json\/wp\/v2\/posts\/19195\/revisions"}],"predecessor-version":[{"id":19201,"href":"https:\/\/bihavadis.com\/index.php\/wp-json\/wp\/v2\/posts\/19195\/revisions\/19201"}],"wp:featuredmedia":[{"embeddable":true,"href":"https:\/\/bihavadis.com\/index.php\/wp-json\/wp\/v2\/media\/19196"}],"wp:attachment":[{"href":"https:\/\/bihavadis.com\/index.php\/wp-json\/wp\/v2\/media?parent=19195"}],"wp:term":[{"taxonomy":"category","embeddable":true,"href":"https:\/\/bihavadis.com\/index.php\/wp-json\/wp\/v2\/categories?post=19195"},{"taxonomy":"post_tag","embeddable":true,"href":"https:\/\/bihavadis.com\/index.php\/wp-json\/wp\/v2\/tags?post=19195"}],"curies":[{"name":"wp","href":"https:\/\/api.w.org\/{rel}","templated":true}]}}