{"id":19235,"date":"2026-02-07T00:03:06","date_gmt":"2026-02-07T00:03:06","guid":{"rendered":"https:\/\/bihavadis.com\/?p=19235"},"modified":"2026-02-07T00:03:06","modified_gmt":"2026-02-07T00:03:06","slug":"seferihisardan-arguvana-kardeslik-eli","status":"publish","type":"post","link":"https:\/\/bihavadis.com\/index.php\/2026\/02\/07\/seferihisardan-arguvana-kardeslik-eli\/","title":{"rendered":"Seferihisar&#8217;dan Arguvan&#8217;a karde\u015flik eli"},"content":{"rendered":"<p>Toplant\u0131, 6 \u015eubat depremlerinde hayat\u0131n\u0131 kaybeden vatanda\u015flar\u0131n an\u0131lmas\u0131yla ba\u015flad\u0131. Meclis \u00fcyeleri, b\u00fcy\u00fck felaketin y\u0131l d\u00f6n\u00fcm\u00fcnde depremde ya\u015fam\u0131n\u0131 yitirenleri sayg\u0131 ve rahmetle and\u0131.<\/p>\n<p>Toplant\u0131n\u0131n g\u00fcndem maddeleri aras\u0131nda, depremden en a\u011f\u0131r \u015fekilde etkilenen illerden biri olan Malatya\u2019n\u0131n Arguvan il\u00e7esi ile karde\u015f belediye olunmas\u0131na ili\u015fkin \u00f6nerge yer ald\u0131. Bu kapsamda, Seferihisar Belediyesi ile Arguvan Belediyesi aras\u0131nda k\u00fclt\u00fcrel, sosyal, ekonomik ve teknik alanlar\u0131 kapsayan i\u015f birli\u011fi protokol\u00fc meclis g\u00fcndemine ta\u015f\u0131nd\u0131.<\/p>\n<p>G\u00f6r\u00fc\u015fmeler s\u0131ras\u0131nda konu\u015fan Belediye Ba\u015fkan\u0131 \u0130smail Yeti\u015fkin, deprem dayan\u0131\u015fmas\u0131n\u0131n \u00f6nemine dikkat \u00e7ekerek \u015fu ifadeleri kulland\u0131:<br \/>\u201c\u00dclkemiz \u00e7ok ac\u0131 bir deprem felaketi ya\u015fad\u0131. Bu ac\u0131y\u0131 en derinden hisseden kentlerden biri de Seferihisar\u2019d\u0131. Biz de ge\u00e7mi\u015fte deprem felaketi ya\u015fad\u0131k ve o g\u00fcnlerde \u00e7evre il ve il\u00e7elerden uzanan yard\u0131m ellerini asla unutmad\u0131k. Dayan\u0131\u015fma, bu \u00fclkenin en g\u00fc\u00e7l\u00fc de\u011ferlerinden biridir. Bug\u00fcn de ayn\u0131 sorumlulukla hareket ediyoruz. Zor zamanlarda yaln\u0131z kalmamak ne demek \u00e7ok iyi biliyoruz. \u0130\u015fte bu y\u00fczden, bug\u00fcn depremden etkilenen Arguvan\u2019a karde\u015flik elimizi uzat\u0131yoruz. B\u00f6yle zamanlarda sadece yard\u0131m almak de\u011fil, yard\u0131m eden tarafta olmak da bir vicdan meselesidir.\u201d<\/p>\n<p>Yap\u0131lan de\u011ferlendirmelerin ard\u0131ndan, iki belediye aras\u0131nda bilgi ve deneyim payla\u015f\u0131m\u0131n\u0131 art\u0131rmay\u0131, yerel y\u00f6netimler aras\u0131 dayan\u0131\u015fmay\u0131 g\u00fc\u00e7lendirmeyi hedefleyen i\u015f birli\u011fi protokol\u00fc meclis \u00fcyelerinin oy birli\u011fiyle kabul edildi.<\/p>\n<p>\u00a0Al\u0131nan kararla birlikte Arguvan Belediyesi ile karde\u015f belediye olunmas\u0131 resmiyet kazand\u0131.<\/p>\n<p>Seferihisar Belediyesi, al\u0131nan bu kararla deprem sonras\u0131 dayan\u0131\u015fma ruhunu g\u00fc\u00e7lendirmeyi ve yerel y\u00f6netimler aras\u0131nda \u00f6rnek bir i\u015f birli\u011fi modeli olu\u015fturmay\u0131 hedefliyor.<\/p>\n<p>\u00a0<\/p>\n<p>Kaynak: (BYZHA) Beyaz Haber Ajans\u0131<\/p>\n","protected":false},"excerpt":{"rendered":"<p>Toplant\u0131, 6 \u015eubat depremlerinde hayat\u0131n\u0131 kaybeden vatanda\u015flar\u0131n an\u0131lmas\u0131yla ba\u015flad\u0131. Meclis \u00fcyeleri, b\u00fcy\u00fck felaketin y\u0131l d\u00f6n\u00fcm\u00fcnde depremde ya\u015fam\u0131n\u0131 yitirenleri sayg\u0131 ve rahmetle and\u0131.<\/p>\n","protected":false},"author":1,"featured_media":19236,"comment_status":"open","ping_status":"open","sticky":false,"template":"","format":"standard","meta":{"footnotes":""},"categories":[4],"tags":[372,60],"class_list":["post-19235","post","type-post","status-publish","format-standard","has-post-thumbnail","hentry","category-gundem","tag-belediye","tag-deprem"],"_links":{"self":[{"href":"https:\/\/bihavadis.com\/index.php\/wp-json\/wp\/v2\/posts\/19235","targetHints":{"allow":["GET"]}}],"collection":[{"href":"https:\/\/bihavadis.com\/index.php\/wp-json\/wp\/v2\/posts"}],"about":[{"href":"https:\/\/bihavadis.com\/index.php\/wp-json\/wp\/v2\/types\/post"}],"author":[{"embeddable":true,"href":"https:\/\/bihavadis.com\/index.php\/wp-json\/wp\/v2\/users\/1"}],"replies":[{"embeddable":true,"href":"https:\/\/bihavadis.com\/index.php\/wp-json\/wp\/v2\/comments?post=19235"}],"version-history":[{"count":1,"href":"https:\/\/bihavadis.com\/index.php\/wp-json\/wp\/v2\/posts\/19235\/revisions"}],"predecessor-version":[{"id":19237,"href":"https:\/\/bihavadis.com\/index.php\/wp-json\/wp\/v2\/posts\/19235\/revisions\/19237"}],"wp:featuredmedia":[{"embeddable":true,"href":"https:\/\/bihavadis.com\/index.php\/wp-json\/wp\/v2\/media\/19236"}],"wp:attachment":[{"href":"https:\/\/bihavadis.com\/index.php\/wp-json\/wp\/v2\/media?parent=19235"}],"wp:term":[{"taxonomy":"category","embeddable":true,"href":"https:\/\/bihavadis.com\/index.php\/wp-json\/wp\/v2\/categories?post=19235"},{"taxonomy":"post_tag","embeddable":true,"href":"https:\/\/bihavadis.com\/index.php\/wp-json\/wp\/v2\/tags?post=19235"}],"curies":[{"name":"wp","href":"https:\/\/api.w.org\/{rel}","templated":true}]}}