{"id":19245,"date":"2026-02-07T00:12:06","date_gmt":"2026-02-07T00:12:06","guid":{"rendered":"https:\/\/bihavadis.com\/?p=19245"},"modified":"2026-02-07T00:12:06","modified_gmt":"2026-02-07T00:12:06","slug":"seferihisar-6-subati-unutmadi","status":"publish","type":"post","link":"https:\/\/bihavadis.com\/index.php\/2026\/02\/07\/seferihisar-6-subati-unutmadi\/","title":{"rendered":"Seferihisar 6 \u015eubat&#8217;\u0131 unutmad\u0131"},"content":{"rendered":"<p>Kahramanmara\u015f merkezli 6 \u015eubat depremlerinin y\u0131l d\u00f6n\u00fcm\u00fcnde Seferihisar\u2019da d\u00fczenlenen anma program\u0131, duygu dolu anlara sahne oldu.\u00a0<\/p>\n<p>Cumhuriyet Meydan\u0131\u2019nda saat 04.17\u2019de bir araya gelen yurtta\u015flar, depremde hayat\u0131n\u0131 kaybeden binlerce insan\u0131 sayg\u0131 ve sessizlikle and\u0131.<\/p>\n<p>Anma program\u0131nda konu\u015fan Seferihisar Belediye Ba\u015fkan\u0131 \u0130smail Yeti\u015fkin, 6 \u015eubat\u2019\u0131n yaln\u0131zca bir tarih de\u011fil, T\u00fcrkiye\u2019nin haf\u0131zas\u0131na kaz\u0131nm\u0131\u015f derin bir ac\u0131 oldu\u011funu vurgulad\u0131. Yeti\u015fkin, \u201cBug\u00fcn burada yaln\u0131zca bir tarihi anmak i\u00e7in de\u011fil, unutmad\u0131\u011f\u0131m\u0131z\u0131 ve unutturmayaca\u011f\u0131m\u0131z\u0131 hayk\u0131rmak i\u00e7in bir araday\u0131z. Saat 04.17, takvimlerden silinmeyecek bir ac\u0131n\u0131n ad\u0131d\u0131r,\u201d dedi.<\/p>\n<p>Depremin \u00fczerinden zaman ge\u00e7se de ac\u0131n\u0131n ilk g\u00fcnk\u00fc gibi taze oldu\u011funu ifade eden Yeti\u015fkin, \u201cKaybettiklerimizi unutmad\u0131k, unutmayaca\u011f\u0131z. Sessizli\u011fimiz bir suskunluk de\u011fil, sayg\u0131d\u0131r. Bir arada duru\u015fumuz yaln\u0131zca yas de\u011fil, dayan\u0131\u015fmad\u0131r,\u201d s\u00f6zleriyle meydan\u0131 dolduran yurtta\u015flara seslendi.<\/p>\n<p>Anman\u0131n yaln\u0131zca ge\u00e7mi\u015fi hat\u0131rlamakla s\u0131n\u0131rl\u0131 olmad\u0131\u011f\u0131n\u0131 vurgulayan Ba\u015fkan Yeti\u015fkin, konu\u015fmas\u0131nda gelece\u011fe dair sorumluluklara da dikkat \u00e7ekti.\u00a0<br \/>\u201cAnmak, ayn\u0131 zamanda gelece\u011fe kar\u015f\u0131 sorumluluk almakt\u0131r. Bu topraklarda bir daha ayn\u0131 ac\u0131lar\u0131n ya\u015fanmamas\u0131 i\u00e7in bilimin rehberli\u011finde, dayan\u0131\u015fmayla ve kararl\u0131l\u0131kla \u00e7al\u0131\u015fmaya devam edece\u011fiz,\u201d ifadelerini kulland\u0131.<\/p>\n<p>Depreme diren\u00e7li kentler olu\u015fturman\u0131n bir tercih de\u011fil zorunluluk oldu\u011funu belirten Yeti\u015fkin, insan\u0131 merkeze alan bir \u015fehircilik anlay\u0131\u015f\u0131yla \u00e7al\u0131\u015fmalar\u0131n\u0131 s\u00fcrd\u00fcreceklerini dile getirdi.\u00a0<\/p>\n<p>Konu\u015fmas\u0131n\u0131 \u201cSessizli\u011fimiz sayg\u0131, birli\u011fimiz umut olsun. Unutmad\u0131k, unutmayaca\u011f\u0131z,\u201d s\u00f6zleriyle tamamlad\u0131.<\/p>\n<p>Gece anma program\u0131na Seferihisar Belediye Ba\u015fkan\u0131 \u0130smail Yeti\u015fkin, Belediye Ba\u015fkan Yard\u0131mc\u0131s\u0131 G\u00f6khan Pehlivan, CHP Seferihisar \u0130l\u00e7e Ba\u015fkan\u0131 Rahmi Tezel \u00c7\u0131nar, siyasi parti temsilcileri ve \u00e7ok say\u0131da vatanda\u015f kat\u0131ld\u0131.<\/p>\n<p>Sessizli\u011fin sayg\u0131ya, birli\u011fin umuda d\u00f6n\u00fc\u015ft\u00fc\u011f\u00fc gecede Seferihisar, 6 \u015eubat\u2019ta hayat\u0131n\u0131 kaybedenleri bir kez daha unutmadan and\u0131.<\/p>\n<p>\u00a0<\/p>\n<p>Kaynak: (BYZHA) Beyaz Haber Ajans\u0131<\/p>\n","protected":false},"excerpt":{"rendered":"<p>Kahramanmara\u015f merkezli 6 \u015eubat depremlerinin y\u0131l d\u00f6n\u00fcm\u00fcnde Seferihisar\u2019da d\u00fczenlenen anma program\u0131, duygu dolu anlara sahne oldu.\u00a0<\/p>\n","protected":false},"author":1,"featured_media":19246,"comment_status":"open","ping_status":"open","sticky":false,"template":"","format":"standard","meta":{"footnotes":""},"categories":[4],"tags":[516,3178,1667],"class_list":["post-19245","post","type-post","status-publish","format-standard","has-post-thumbnail","hentry","category-gundem","tag-baskan","tag-seferihisar","tag-yetiskin"],"_links":{"self":[{"href":"https:\/\/bihavadis.com\/index.php\/wp-json\/wp\/v2\/posts\/19245","targetHints":{"allow":["GET"]}}],"collection":[{"href":"https:\/\/bihavadis.com\/index.php\/wp-json\/wp\/v2\/posts"}],"about":[{"href":"https:\/\/bihavadis.com\/index.php\/wp-json\/wp\/v2\/types\/post"}],"author":[{"embeddable":true,"href":"https:\/\/bihavadis.com\/index.php\/wp-json\/wp\/v2\/users\/1"}],"replies":[{"embeddable":true,"href":"https:\/\/bihavadis.com\/index.php\/wp-json\/wp\/v2\/comments?post=19245"}],"version-history":[{"count":1,"href":"https:\/\/bihavadis.com\/index.php\/wp-json\/wp\/v2\/posts\/19245\/revisions"}],"predecessor-version":[{"id":19247,"href":"https:\/\/bihavadis.com\/index.php\/wp-json\/wp\/v2\/posts\/19245\/revisions\/19247"}],"wp:featuredmedia":[{"embeddable":true,"href":"https:\/\/bihavadis.com\/index.php\/wp-json\/wp\/v2\/media\/19246"}],"wp:attachment":[{"href":"https:\/\/bihavadis.com\/index.php\/wp-json\/wp\/v2\/media?parent=19245"}],"wp:term":[{"taxonomy":"category","embeddable":true,"href":"https:\/\/bihavadis.com\/index.php\/wp-json\/wp\/v2\/categories?post=19245"},{"taxonomy":"post_tag","embeddable":true,"href":"https:\/\/bihavadis.com\/index.php\/wp-json\/wp\/v2\/tags?post=19245"}],"curies":[{"name":"wp","href":"https:\/\/api.w.org\/{rel}","templated":true}]}}