{"id":19254,"date":"2026-02-07T00:18:06","date_gmt":"2026-02-07T00:18:06","guid":{"rendered":"https:\/\/bihavadis.com\/?p=19254"},"modified":"2026-02-07T00:18:06","modified_gmt":"2026-02-07T00:18:06","slug":"kentin-valisinden-isyan-20-bin-eleman-lazim-is-bulamiyorum-diyen-buraya-gelsin","status":"publish","type":"post","link":"https:\/\/bihavadis.com\/index.php\/2026\/02\/07\/kentin-valisinden-isyan-20-bin-eleman-lazim-is-bulamiyorum-diyen-buraya-gelsin\/","title":{"rendered":"Kentin valisinden isyan: 20 bin eleman laz\u0131m, i\u015f bulam\u0131yorum diyen buraya gelsin"},"content":{"rendered":"<p>K\u00fctahya Valisi Musa I\u015f\u0131n, Zafer Organize Sanayi B\u00f6lgesi&#8217;nde \u00fcretime ba\u015flayan fabrikalar\u0131n yeterli i\u015f g\u00fcc\u00fcne ula\u015famad\u0131\u011f\u0131n\u0131 a\u00e7\u0131klad\u0131. \u0130\u015f\u00e7i eksikli\u011fi nedeniyle tesislerin tam kapasiteyle \u00e7al\u0131\u015famad\u0131\u011f\u0131n\u0131 belirten I\u015f\u0131n, baz\u0131 firmalar\u0131n \u00e7\u00f6z\u00fcm\u00fc yurt d\u0131\u015f\u0131ndan i\u015f\u00e7i getirmekte buldu\u011funu ifade etti.<\/p>\n<p><b>&#8220;B\u0130R FABR\u0130KAMIZ H\u0130ND\u0130STAN&#8217;DAN \u0130\u015e\u00c7\u0130 GET\u0130RD\u0130&#8221;<\/b><\/p>\n<p>Merkezdeki organize sanayi b\u00f6lgelerinde de geni\u015fleme alanlar\u0131 olu\u015fturuldu\u011funu aktaran Vali I\u015f\u0131n, ya\u015fanan i\u015f g\u00fcc\u00fc sorununa ili\u015fkin dikkat \u00e7eken \u00f6rnekler verdi. I\u015f\u0131n, &#8220;Firmalar\u0131m\u0131zdan biri i\u015f\u00e7i bulamad\u0131\u011f\u0131 i\u00e7in Hindistan&#8217;a gidip oradan 210 i\u015f\u00e7i getirdi. Bir ba\u015fka fabrikam\u0131z yine Hindistan&#8217;dan i\u015f\u00e7i getirdi. Bir di\u011fer firma ise Venezuela&#8217;dan i\u015f\u00e7i temin etti&#8221; dedi.<\/p>\n<p><b>VATANDA\u015eLARIMIZ MAALESEF \u0130\u015e BE\u011eENM\u0130YORLAR&#8221;<\/b><\/p>\n<p>Vali I\u015f\u0131n, yerli i\u015f g\u00fcc\u00fcn\u00fcn mavi yakal\u0131 i\u015flere ilgi g\u00f6stermedi\u011fini savunarak, &#8220;Bizim buradaki vatanda\u015flar\u0131m\u0131z maalesef \u00e7al\u0131\u015fmak istemiyor, verilen i\u015fi be\u011fenmiyor. Mavi yakal\u0131 olarak \u00e7al\u0131\u015fmak istemiyorlar, beyaz yakal\u0131 olmak istiyorlar. Memuriyet ya da b\u00fcro i\u015fi tercih ediliyor. Adama g\u00f6re i\u015f, i\u015fe g\u00f6re de adam bulam\u0131yoruz. Bu durumda firmalar mecburen d\u0131\u015far\u0131dan i\u015f g\u00fcc\u00fc getirmek zorunda kal\u0131yor&#8221; ifadelerini kulland\u0131.<\/p>\n<p><b>&#8220;\u0130\u015e BULAMIYORUM D\u0130YEN&#8230;&#8221;<\/b><\/p>\n<p>&#8220;Bug\u00fcn buraya 20 bin ki\u015fi laz\u0131m. \u0130\u015f bulam\u0131yorum diyen K\u00fctahya&#8217;ya gelsin, hepsine i\u015f bulal\u0131m&#8221; diyen I\u015f\u0131n, kentte istihdam konusunda ciddi bir ihtiya\u00e7 oldu\u011funu ve sanayicilerin eleman aray\u0131\u015f\u0131n\u0131n s\u00fcrd\u00fc\u011f\u00fcn\u00fc vurgulad\u0131.<\/p>\n","protected":false},"excerpt":{"rendered":"<p>\u0130\u015f\u00e7i bulamad\u0131klar\u0131 i\u00e7in fabrikalar\u0131n eksik kapasiteyle \u00e7al\u0131\u015ft\u0131\u011f\u0131n\u0131 belirten K\u00fctahya Valisi Musa I\u015f\u0131n, &#8220;\u0130\u015f bulam\u0131yorum diyen K\u00fctahya&#8217;ya gelsin, hepsine i\u015f bulal\u0131m. Bizim bir fabrikam\u0131z, Hindistan&#8217;dan 210 i\u015f\u00e7i getirdi. Burada i\u015f\u00e7i bulamad\u0131&#8221; ifadelerine yer verdi.<\/p>\n","protected":false},"author":1,"featured_media":19255,"comment_status":"open","ping_status":"open","sticky":false,"template":"","format":"standard","meta":{"footnotes":""},"categories":[8],"tags":[395,2254],"class_list":["post-19254","post","type-post","status-publish","format-standard","has-post-thumbnail","hentry","category-ekonomi","tag-is","tag-isin"],"_links":{"self":[{"href":"https:\/\/bihavadis.com\/index.php\/wp-json\/wp\/v2\/posts\/19254","targetHints":{"allow":["GET"]}}],"collection":[{"href":"https:\/\/bihavadis.com\/index.php\/wp-json\/wp\/v2\/posts"}],"about":[{"href":"https:\/\/bihavadis.com\/index.php\/wp-json\/wp\/v2\/types\/post"}],"author":[{"embeddable":true,"href":"https:\/\/bihavadis.com\/index.php\/wp-json\/wp\/v2\/users\/1"}],"replies":[{"embeddable":true,"href":"https:\/\/bihavadis.com\/index.php\/wp-json\/wp\/v2\/comments?post=19254"}],"version-history":[{"count":1,"href":"https:\/\/bihavadis.com\/index.php\/wp-json\/wp\/v2\/posts\/19254\/revisions"}],"predecessor-version":[{"id":19256,"href":"https:\/\/bihavadis.com\/index.php\/wp-json\/wp\/v2\/posts\/19254\/revisions\/19256"}],"wp:featuredmedia":[{"embeddable":true,"href":"https:\/\/bihavadis.com\/index.php\/wp-json\/wp\/v2\/media\/19255"}],"wp:attachment":[{"href":"https:\/\/bihavadis.com\/index.php\/wp-json\/wp\/v2\/media?parent=19254"}],"wp:term":[{"taxonomy":"category","embeddable":true,"href":"https:\/\/bihavadis.com\/index.php\/wp-json\/wp\/v2\/categories?post=19254"},{"taxonomy":"post_tag","embeddable":true,"href":"https:\/\/bihavadis.com\/index.php\/wp-json\/wp\/v2\/tags?post=19254"}],"curies":[{"name":"wp","href":"https:\/\/api.w.org\/{rel}","templated":true}]}}