{"id":19283,"date":"2026-02-07T00:42:10","date_gmt":"2026-02-07T00:42:10","guid":{"rendered":"https:\/\/bihavadis.com\/?p=19283"},"modified":"2026-02-07T00:42:10","modified_gmt":"2026-02-07T00:42:10","slug":"fenerbahcenin-ngolo-kante-transferi-dunyada-gundem-oldu","status":"publish","type":"post","link":"https:\/\/bihavadis.com\/index.php\/2026\/02\/07\/fenerbahcenin-ngolo-kante-transferi-dunyada-gundem-oldu\/","title":{"rendered":"Fenerbah\u00e7e&#8217;nin N&#8217;Golo Kante transferi d\u00fcnyada g\u00fcndem oldu"},"content":{"rendered":"<p>Fenerbah\u00e7e, N&#8217;Golo Kante transferinde sonunda mutlu sona ula\u015ft\u0131&#8230;<\/p>\n<p>Suudi Arabistan ekibi\u00a0Al-Ittihad&#8217;\u0131n sisteme belgeleri hatal\u0131 y\u00fcklemesi sebebiyle transferi ilk etapta yeti\u015fmeyen Kante, Fenerbah\u00e7e&#8217;de oynamak i\u00e7in Suudi ekibine rest \u00e7ekti.<\/p>\n<p>Antrenmana \u00e7\u0131kmayaca\u011f\u0131n\u0131 belirten Frans\u0131z y\u0131ld\u0131z\u0131n, Al-Ittihad&#8217;a yo\u011fun bask\u0131s\u0131 sonucu, FIFA&#8217;n\u0131n da onay\u0131yla sar\u0131-lacivertlilere transferi ger\u00e7ekle\u015fti.<\/p>\n<p><strong>D\u00dcNYADA SES GET\u0130REN TRANSFER<\/strong><\/p>\n<p>Bu transfer \u00e7er\u00e7evesinde Youssef En-Nesyri ise Al-Ittihad&#8217;a kat\u0131ld\u0131.<\/p>\n<p>Kante&#8217;nin Fenerbah\u00e7e ile 2.5 y\u0131ll\u0131k s\u00f6zle\u015fme imzalamas\u0131 t\u00fcm d\u00fcnyada b\u00fcy\u00fck ses getirdi. \u0130\u015fte d\u00fcnya bas\u0131n\u0131ndan \u00f6ne \u00e7\u0131kanlar&#8230;<\/p>\n<p><b>L&#8217;Equipe: KANTE, N\u0130HAYET FENERBAH\u00c7E&#8217;DE<\/b><\/p>\n<p>&#8220;Fenerbah\u00e7e, FIFA ara buluculu\u011funun ard\u0131ndan nihayet N&#8217;Golo Kant\u00e9&#8217;yi kadrosuna katt\u0131.&#8221;<\/p>\n<p><img decoding=\"async\" src=\"https:\/\/bihavadis.com\/wp-content\/uploads\/2026\/02\/fenerbahcenin-ngolo-kante-transferi-dunyada-gundem-oldu-0-Ow6MfOQh.jpg\"\/><\/p>\n<p><b>TV5 Monde: TECR\u00dcBES\u0130 KIYASLANMAYACAK KADAR E\u015eS\u0130Z<\/b><\/p>\n<p>Frans\u0131z milli orta saha oyuncusu ve d\u00fcnya \u015fampiyonu N&#8217;Golo Kant\u00e9, Suudi Arabistan liginde Al-Ittihad&#8217;da ge\u00e7irdi\u011fi iki bu\u00e7uk sezonun ard\u0131ndan Fenerbah\u00e7e ile s\u00f6zle\u015fme imzalad\u0131. Teknik direkt\u00f6r Didier Deschamps&#8217;\u0131n kendisine verdi\u011fi de\u011ferin bir g\u00f6stergesi olarak, Euro 2024 kadrosuna \u00e7a\u011fr\u0131lm\u0131\u015f ve iki y\u0131ll\u0131k bir aradan sonra Frans\u0131z milli tak\u0131m\u0131ndaki ilk 11&#8217;deki yerini yeniden kazanm\u0131\u015ft\u0131. Almanya&#8217;daki performans\u0131 d\u00fc\u015fm\u00fc\u015f olsa da, tecr\u00fcbesi k\u0131yaslanamayacak kadar e\u015fsizdir; bu da \u00f6zellikle uzun s\u00fcrece\u011fi tahmin edilen bir turnuvaya ba\u015flarken olmazsa olmaz bir fakt\u00f6rd\u00fcr.&#8221;<\/p>\n<p><img decoding=\"async\" src=\"https:\/\/bihavadis.com\/wp-content\/uploads\/2026\/02\/fenerbahcenin-ngolo-kante-transferi-dunyada-gundem-oldu-1-UPB2dnqZ.jpg\"\/><\/p>\n<p><b>Quest France: EN \u0130Y\u0130 OYUNCULARDAN B\u0130R\u0130<\/b><\/p>\n<p>&#8220;N&#8217;Golo Kant\u00e9&#8217;nin Fenerbah\u00e7e&#8217;ye transferi FIFA taraf\u0131ndan nihayet onayland\u0131. Premier Lig&#8217;de sekiz sezon ge\u00e7irdikten sonra Temmuz 2023&#8217;te Suudi Arabistan&#8217;a gelen 2018 D\u00fcnya Kupas\u0131 \u015fampiyonu, \u015f\u00fcphesiz ligin en iyi oyuncular\u0131ndan biriydi. Matt\u00e9o Guendouzi ve Sidiki Ch\u00e9rif&#8217;in de forma giydi\u011fi kul\u00fcple Haziran 2028&#8217;e kadar, yani iki bu\u00e7uk y\u0131l ge\u00e7erli bir s\u00f6zle\u015fme imzalad\u0131.&#8221;<\/p>\n<p><img decoding=\"async\" src=\"https:\/\/bihavadis.com\/wp-content\/uploads\/2026\/02\/fenerbahcenin-ngolo-kante-transferi-dunyada-gundem-oldu-2-pfH4d4NY.jpg\"\/><\/p>\n<p><b>Record: ARAB\u0130STAN&#8217;I BIRAKIP FENERBAH\u00c7E&#8217;YE KATILACAK<\/b><\/p>\n<p>&#8220;Sonunda N&#8217;Golo Kante, Suudi Arabistan futbolunu b\u0131rak\u0131p Fenerbah\u00e7e&#8217;ye kat\u0131lacak. \u00d6nceki g\u00fcn belgelerin tesliminde ya\u015fanan gecikme nedeniyle ortaya \u00e7\u0131kan ve T\u00fcrk kul\u00fcb\u00fcn\u00fcn Al-\u0130ttihad&#8217;\u0131 sert bir \u015fekilde ele\u015ftirmesine yol a\u00e7an sorunlar\u0131n ard\u0131ndan, FIFA&#8217;n\u0131n Sal\u0131 g\u00fcn\u00fc \u00f6\u011fleden sonra operasyona ye\u015fil \u0131\u015f\u0131k yakt\u0131\u011f\u0131 bildirildi.&#8221;<\/p>\n<p><img decoding=\"async\" src=\"https:\/\/bihavadis.com\/wp-content\/uploads\/2026\/02\/fenerbahcenin-ngolo-kante-transferi-dunyada-gundem-oldu-3-XjCf78fA.jpg\"\/><\/p>\n<p><b>Reuters: FENERBAH\u00c7E&#8217;YE KATILDI\u00a0<\/b><\/p>\n<p>&#8220;Kante, transfer anla\u015fmazl\u0131\u011f\u0131n\u0131n ard\u0131ndan Fenerbah\u00e7e&#8217;ye kat\u0131ld\u0131.&#8221;<\/p>\n<p><img decoding=\"async\" src=\"https:\/\/bihavadis.com\/wp-content\/uploads\/2026\/02\/fenerbahcenin-ngolo-kante-transferi-dunyada-gundem-oldu-4-7Px6vscZ.jpg\"\/><\/p>\n","protected":false},"excerpt":{"rendered":"<p>Fenerbah\u00e7e zorlu bir s\u00fcrecin ard\u0131ndan N&#8217;Golo Kante&#8217;yi resmen kadrosuna katt\u0131. Sar\u0131-lacivertlilerin bu transferi t\u00fcm d\u00fcnyada b\u00fcy\u00fck ses getirdi. \u0130\u015fte Kante&#8217;yle ilgili yap\u0131lan haberler&#8230;<\/p>\n","protected":false},"author":1,"featured_media":19284,"comment_status":"open","ping_status":"open","sticky":false,"template":"","format":"standard","meta":{"footnotes":""},"categories":[14],"tags":[3544,437,1858,1395,404],"class_list":["post-19283","post","type-post","status-publish","format-standard","has-post-thumbnail","hentry","category-spor","tag-arabistan","tag-dunya","tag-fenerbahce","tag-kante","tag-transfer"],"_links":{"self":[{"href":"https:\/\/bihavadis.com\/index.php\/wp-json\/wp\/v2\/posts\/19283","targetHints":{"allow":["GET"]}}],"collection":[{"href":"https:\/\/bihavadis.com\/index.php\/wp-json\/wp\/v2\/posts"}],"about":[{"href":"https:\/\/bihavadis.com\/index.php\/wp-json\/wp\/v2\/types\/post"}],"author":[{"embeddable":true,"href":"https:\/\/bihavadis.com\/index.php\/wp-json\/wp\/v2\/users\/1"}],"replies":[{"embeddable":true,"href":"https:\/\/bihavadis.com\/index.php\/wp-json\/wp\/v2\/comments?post=19283"}],"version-history":[{"count":1,"href":"https:\/\/bihavadis.com\/index.php\/wp-json\/wp\/v2\/posts\/19283\/revisions"}],"predecessor-version":[{"id":19290,"href":"https:\/\/bihavadis.com\/index.php\/wp-json\/wp\/v2\/posts\/19283\/revisions\/19290"}],"wp:featuredmedia":[{"embeddable":true,"href":"https:\/\/bihavadis.com\/index.php\/wp-json\/wp\/v2\/media\/19284"}],"wp:attachment":[{"href":"https:\/\/bihavadis.com\/index.php\/wp-json\/wp\/v2\/media?parent=19283"}],"wp:term":[{"taxonomy":"category","embeddable":true,"href":"https:\/\/bihavadis.com\/index.php\/wp-json\/wp\/v2\/categories?post=19283"},{"taxonomy":"post_tag","embeddable":true,"href":"https:\/\/bihavadis.com\/index.php\/wp-json\/wp\/v2\/tags?post=19283"}],"curies":[{"name":"wp","href":"https:\/\/api.w.org\/{rel}","templated":true}]}}