{"id":19397,"date":"2026-02-07T02:00:37","date_gmt":"2026-02-07T02:00:37","guid":{"rendered":"https:\/\/bihavadis.com\/?p=19397"},"modified":"2026-02-07T02:00:37","modified_gmt":"2026-02-07T02:00:37","slug":"serdar-sertcelik-turkiyeye-getirildi","status":"publish","type":"post","link":"https:\/\/bihavadis.com\/index.php\/2026\/02\/07\/serdar-sertcelik-turkiyeye-getirildi\/","title":{"rendered":"Serdar Sert\u00e7elik T\u00fcrkiye&#8217;ye Getirildi"},"content":{"rendered":"<p>\n<p>\u0130\u00c7\u0130\u015eLER\u0130 Bakan\u0131 Ali Yerlikaya, k\u0131rm\u0131z\u0131 b\u00fcltenle aranan ve 25 May\u0131s 2024&#8217;te Macaristan&#8217;da yakalanarak tutuklanan Ayhan Bora Kaplan organize su\u00e7 \u00f6rg\u00fct\u00fc y\u00f6neticisi Serdar Sert\u00e7elik&#8217;in T\u00fcrkiye&#8217;ye getirildi\u011fini duyurdu.<\/p>\n<p>Bakan Yerlikaya, sanal medya hesab\u0131ndan yapt\u0131\u011f\u0131 a\u00e7\u0131klamada, &#8220;Emniyet Genel M\u00fcd\u00fcrl\u00fc\u011f\u00fc KOM Ba\u015fkanl\u0131\u011f\u0131 ve \u0130nterpol-Europol Daire Ba\u015fkanl\u0131\u011f\u0131 g\u00f6revlileri ile Macar polisi taraf\u0131ndan, A.B.K. organize su\u00e7 \u00f6rg\u00fct\u00fc y\u00f6neticisi Serdar Sert\u00e7elik Macaristan&#8217;dan \u00fclkemize getirildi. &#8216;Su\u00e7 i\u015flemek amac\u0131yla kurulan \u00f6rg\u00fcte \u00fcye olma, kasten \u00f6ld\u00fcrme ve bir su\u00e7u gizlemek, ba\u015fka bir su\u00e7un delillerini gizlemek ya da yakalanmamak amac\u0131yla \u00f6ld\u00fcrme&#8217; su\u00e7lar\u0131ndan hakk\u0131nda k\u0131rm\u0131z\u0131 b\u00fclten \u00e7\u0131kart\u0131lan Serdar Ser\u00e7elik, 25 May\u0131s 2024 tarihinde Macaristan&#8217;da yakalanm\u0131\u015f ve tutuklanm\u0131\u015ft\u0131&#8221; dedi. <\/p>\n","protected":false},"excerpt":{"rendered":"<p>K\u0131rm\u0131z\u0131 b\u00fcltenle aranan Serdar Sert\u00e7elik, Macaristan&#8217;dan T\u00fcrkiye&#8217;ye getirildi.<\/p>\n","protected":false},"author":1,"featured_media":19398,"comment_status":"open","ping_status":"open","sticky":false,"template":"","format":"standard","meta":{"footnotes":""},"categories":[9,4,13],"tags":[286],"class_list":["post-19397","post","type-post","status-publish","format-standard","has-post-thumbnail","hentry","category-genel","category-gundem","category-son-dakika","tag-suc"],"_links":{"self":[{"href":"https:\/\/bihavadis.com\/index.php\/wp-json\/wp\/v2\/posts\/19397","targetHints":{"allow":["GET"]}}],"collection":[{"href":"https:\/\/bihavadis.com\/index.php\/wp-json\/wp\/v2\/posts"}],"about":[{"href":"https:\/\/bihavadis.com\/index.php\/wp-json\/wp\/v2\/types\/post"}],"author":[{"embeddable":true,"href":"https:\/\/bihavadis.com\/index.php\/wp-json\/wp\/v2\/users\/1"}],"replies":[{"embeddable":true,"href":"https:\/\/bihavadis.com\/index.php\/wp-json\/wp\/v2\/comments?post=19397"}],"version-history":[{"count":1,"href":"https:\/\/bihavadis.com\/index.php\/wp-json\/wp\/v2\/posts\/19397\/revisions"}],"predecessor-version":[{"id":19399,"href":"https:\/\/bihavadis.com\/index.php\/wp-json\/wp\/v2\/posts\/19397\/revisions\/19399"}],"wp:featuredmedia":[{"embeddable":true,"href":"https:\/\/bihavadis.com\/index.php\/wp-json\/wp\/v2\/media\/19398"}],"wp:attachment":[{"href":"https:\/\/bihavadis.com\/index.php\/wp-json\/wp\/v2\/media?parent=19397"}],"wp:term":[{"taxonomy":"category","embeddable":true,"href":"https:\/\/bihavadis.com\/index.php\/wp-json\/wp\/v2\/categories?post=19397"},{"taxonomy":"post_tag","embeddable":true,"href":"https:\/\/bihavadis.com\/index.php\/wp-json\/wp\/v2\/tags?post=19397"}],"curies":[{"name":"wp","href":"https:\/\/api.w.org\/{rel}","templated":true}]}}