{"id":19557,"date":"2026-02-07T04:24:14","date_gmt":"2026-02-07T04:24:14","guid":{"rendered":"https:\/\/bihavadis.com\/?p=19557"},"modified":"2026-02-07T04:24:14","modified_gmt":"2026-02-07T04:24:14","slug":"epsteinin-olumunun-ardindan-cekilen-fotograflar","status":"publish","type":"post","link":"https:\/\/bihavadis.com\/index.php\/2026\/02\/07\/epsteinin-olumunun-ardindan-cekilen-fotograflar\/","title":{"rendered":"Epstein&#8217;in \u00f6l\u00fcm\u00fcn\u00fcn ard\u0131ndan \u00e7ekilen foto\u011fraflar"},"content":{"rendered":"<p>ABD&#8217;de k\u0131z \u00e7ocuklar\u0131na y\u00f6nelik fuhu\u015f a\u011f\u0131 kurma su\u00e7lamas\u0131yla tutuklu yarg\u0131lan\u0131rken hapishanede \u00f6l\u00fc bulunan milyarder Jeffrey Epstein, g\u00fcndemdeki yerini koruyor.\u00a0<\/p>\n<p>D\u00fcnyan\u0131n konu\u015ftu\u011fu olayda,\u00a0ABD Adalet Bakanl\u0131\u011f\u0131&#8217;n\u0131n yay\u0131mlad\u0131\u011f\u0131 belgelere her ge\u00e7en g\u00fcn ise bir yenisi ekleniyor.<\/p>\n<p>Son olarak, Epstein&#8217;in 2019 y\u0131l\u0131nda \u00f6l\u00fc bulundu\u011fu h\u00fccreden de yeni kareler yay\u0131nlad\u0131.\u00a0<\/p>\n<p><strong>BOYUNDAK\u0130 KIRIK VE KANLI \u0130ZLER G\u00d6R\u00dcNT\u00dcLEND\u0130<\/strong><\/p>\n<p>Dosyaya giren otopsi foto\u011fraflar\u0131nda, Epstein&#8217;in boynunun orta k\u0131sm\u0131nda yer alan kanl\u0131 ve derin bir yara izi net bir \u015fekilde g\u00f6r\u00fcl\u00fcyor.<\/p>\n<p>Adli t\u0131p raporlar\u0131nda &#8220;<em><b>as\u0131ya ba\u011fl\u0131 bo\u011fulma&#8221; <\/b><\/em>olarak nitelendirilen bu izin, baz\u0131 uzmanlar taraf\u0131ndan bo\u011fulma vakalar\u0131nda nadir g\u00f6r\u00fclen<em><b> &#8220;hyoid kemi\u011fi k\u0131r\u0131\u011f\u0131&#8221; (dil kemi\u011fi) <\/b><\/em>ile \u00f6rt\u00fc\u015ft\u00fc\u011f\u00fc belirtiliyor.<\/p>\n<p>Foto\u011fraflarda ayr\u0131ca Epstein&#8217;in g\u00f6zlerindeki k\u0131lcal damar \u00e7atlamalar\u0131 ve boyun \u00e7evresindeki \u00e7oklu morluklar da kay\u0131tlara ge\u00e7ti.<\/p>\n<p><img decoding=\"async\" src=\"https:\/\/bihavadis.com\/wp-content\/uploads\/2026\/02\/epsteinin-olumunun-ardindan-cekilen-fotograflar-0-eVTiYbLJ.jpg\"\/><\/p>\n<p><strong>H\u00dcCREDEK\u0130 \u0130LA\u00c7 KUTULARI <\/strong><\/p>\n<p>Yay\u0131mlanan 90&#8217;a yak\u0131n olay yeri foto\u011fraf\u0131, Epstein&#8217;in tutuldu\u011fu Metropolitan Correctional Center&#8217;daki (MCC) h\u00fccresinin o geceki durumunu g\u00f6zler \u00f6n\u00fcne serdi.<\/p>\n<p>Foto\u011fraflarda, yatak \u00e7ar\u015faflar\u0131n\u0131n par\u00e7alanarak b\u00fck\u00fcld\u00fc\u011f\u00fc, yerlerde \u00e7ok say\u0131da re\u00e7eteli ila\u00e7 kutusunun bulundu\u011fu ve elektrik kablolar\u0131n\u0131n da\u011f\u0131n\u0131k bir \u015fekilde durdu\u011fu g\u00f6r\u00fcld\u00fc.<\/p>\n<p><img decoding=\"async\" src=\"https:\/\/bihavadis.com\/wp-content\/uploads\/2026\/02\/epsteinin-olumunun-ardindan-cekilen-fotograflar-1-tjANrlSz.jpg\"\/><\/p>\n<p><strong>EPSTE\u0130N OLAYI<\/strong><\/p>\n<p>En k\u00fc\u00e7\u00fc\u011f\u00fc 14 olmak \u00fczere 18 ya\u015f alt\u0131ndaki onlarca k\u0131z \u00e7ocu\u011funa cinsel istismarda bulunmak ve fuhu\u015f a\u011f\u0131 olu\u015fturmak su\u00e7lamas\u0131yla yarg\u0131lanan Epstein, tutuklu oldu\u011fu New York Manhattan Metropolitan Merkez Hapishanesi&#8217;ndeki h\u00fccresinde 10 A\u011fustos 2019&#8217;da \u00f6l\u00fc bulunmu\u015ftu.<\/p>\n<p>A\u00e7\u0131klanan Epstein dava dosyalar\u0131nda, Prens Andrew, ABD Ba\u015fkan\u0131 Donald Trump, eski ABD Ba\u015fkan\u0131 Bill Clinton, eski \u0130srail Ba\u015fbakan\u0131 Ehud Barak, eski ABD Ba\u015fkan Yard\u0131mc\u0131s\u0131 Al Gore, akt\u00f6r Kevin Spacey, \u015fark\u0131c\u0131 Michael Jackson, ill\u00fczyonist David Copperfield, avukat Alan Dershowitz ve eski New Mexico Valisi Bill Richardson gibi \u00fcnl\u00fc isimler yer alm\u0131\u015ft\u0131.<\/p>\n<p>ABD Federal Soru\u015fturma B\u00fcrosu (FBI) da ABD Adalet Bakanl\u0131\u011f\u0131 ile yapt\u0131\u011f\u0131 inceleme sonucunda, \u00fcnl\u00fc isimlerden olu\u015fan &#8220;<em><b>m\u00fc\u015fteri listesi&#8221;nin<\/b><\/em> tutuldu\u011funa dair herhangi bir kan\u0131ta ula\u015f\u0131lamad\u0131\u011f\u0131n\u0131, aralar\u0131nda h\u00fck\u00fcmet yetkilileri, \u00fcnl\u00fcler ve i\u015f insanlar\u0131n\u0131n da bulundu\u011fu ki\u015filerin su\u00e7una ortak oldu\u011fu gerek\u00e7esiyle \u00f6rtbas amac\u0131yla \u00f6ld\u00fcr\u00fcld\u00fc\u011f\u00fc \u00f6ne s\u00fcr\u00fclen Epstein&#8217;in ise asl\u0131nda h\u00fccresinde intihar etti\u011fi sonucuna var\u0131ld\u0131\u011f\u0131n\u0131 a\u00e7\u0131klam\u0131\u015ft\u0131.<\/p>\n<p><img decoding=\"async\" src=\"https:\/\/bihavadis.com\/wp-content\/uploads\/2026\/02\/epsteinin-olumunun-ardindan-cekilen-fotograflar-2-TY7Hl41j.jpg\"\/><\/p>\n<p><img decoding=\"async\" src=\"https:\/\/bihavadis.com\/wp-content\/uploads\/2026\/02\/epsteinin-olumunun-ardindan-cekilen-fotograflar-3-LY2I2Bya.jpg\"\/><\/p>\n","protected":false},"excerpt":{"rendered":"<p>ABD Adalet Bakanl\u0131\u011f\u0131&#8217;n\u0131n yay\u0131mlad\u0131\u011f\u0131 son Epstein dosyalar\u0131nda, cezaevindeki h\u00fccresi ve otopsi s\u0131ras\u0131ndaki g\u00f6r\u00fcnt\u00fcleri de yer ald\u0131.<\/p>\n","protected":false},"author":1,"featured_media":19558,"comment_status":"open","ping_status":"open","sticky":false,"template":"","format":"standard","meta":{"footnotes":""},"categories":[6],"tags":[272,3584],"class_list":["post-19557","post","type-post","status-publish","format-standard","has-post-thumbnail","hentry","category-dunya","tag-abd","tag-epsteinin"],"_links":{"self":[{"href":"https:\/\/bihavadis.com\/index.php\/wp-json\/wp\/v2\/posts\/19557","targetHints":{"allow":["GET"]}}],"collection":[{"href":"https:\/\/bihavadis.com\/index.php\/wp-json\/wp\/v2\/posts"}],"about":[{"href":"https:\/\/bihavadis.com\/index.php\/wp-json\/wp\/v2\/types\/post"}],"author":[{"embeddable":true,"href":"https:\/\/bihavadis.com\/index.php\/wp-json\/wp\/v2\/users\/1"}],"replies":[{"embeddable":true,"href":"https:\/\/bihavadis.com\/index.php\/wp-json\/wp\/v2\/comments?post=19557"}],"version-history":[{"count":1,"href":"https:\/\/bihavadis.com\/index.php\/wp-json\/wp\/v2\/posts\/19557\/revisions"}],"predecessor-version":[{"id":19563,"href":"https:\/\/bihavadis.com\/index.php\/wp-json\/wp\/v2\/posts\/19557\/revisions\/19563"}],"wp:featuredmedia":[{"embeddable":true,"href":"https:\/\/bihavadis.com\/index.php\/wp-json\/wp\/v2\/media\/19558"}],"wp:attachment":[{"href":"https:\/\/bihavadis.com\/index.php\/wp-json\/wp\/v2\/media?parent=19557"}],"wp:term":[{"taxonomy":"category","embeddable":true,"href":"https:\/\/bihavadis.com\/index.php\/wp-json\/wp\/v2\/categories?post=19557"},{"taxonomy":"post_tag","embeddable":true,"href":"https:\/\/bihavadis.com\/index.php\/wp-json\/wp\/v2\/tags?post=19557"}],"curies":[{"name":"wp","href":"https:\/\/api.w.org\/{rel}","templated":true}]}}