{"id":19611,"date":"2026-02-07T05:03:06","date_gmt":"2026-02-07T05:03:06","guid":{"rendered":"https:\/\/bihavadis.com\/?p=19611"},"modified":"2026-02-07T05:03:06","modified_gmt":"2026-02-07T05:03:06","slug":"baskan-altay-konyamizin-ve-konyali-hemsehrilerimizin-gelecegi-icin-calisiyoruz","status":"publish","type":"post","link":"https:\/\/bihavadis.com\/index.php\/2026\/02\/07\/baskan-altay-konyamizin-ve-konyali-hemsehrilerimizin-gelecegi-icin-calisiyoruz\/","title":{"rendered":"Ba\u015fkan Altay: &#8220;Konya&#8217;m\u0131z\u0131n ve Konyal\u0131 Hem\u015fehrilerimizin Gelece\u011fi \u0130\u00e7in \u00c7al\u0131\u015f\u0131yoruz&#8221;"},"content":{"rendered":"<p><strong>Konya B\u00fcy\u00fck\u015fehir Belediye Ba\u015fkan\u0131 U\u011fur \u0130brahim Altay, B\u00fcy\u00fck\u015fehir Belediyesi\u2019nin 2025 y\u0131l\u0131nda hayata ge\u00e7irdi\u011fi yat\u0131r\u0131mlar\u0131 ve projeleri d\u00fczenledi\u011fi bas\u0131n toplant\u0131s\u0131nda anlatt\u0131. Ge\u00e7ti\u011fimiz y\u0131l \u00e7ok b\u00fcy\u00fck yat\u0131r\u0131mlar\u0131 ve projeleri hayata ge\u00e7irerek hedefe samimiyetle y\u00fcr\u00fcd\u00fcklerini belirten Ba\u015fkan Altay, \u201cY\u0131l boyunca; ula\u015f\u0131m\u0131ndan altyap\u0131ya, tar\u0131mdan sosyal hayata, k\u00fclt\u00fcrden sosyal desteklere kadar pek \u00e7ok alanda \u015fehrimizi daha ileri ta\u015f\u0131yacak ad\u0131mlar att\u0131k\u201d dedi. Ba\u015fkan Altay, hayata ge\u00e7irdikleri her hizmetin temelinde insan, her projenin merkezinde aile, her gayretin ufkunda gen\u00e7lerin ve \u00e7ocuklar\u0131n oldu\u011funu vurgulayarak, \u201cBug\u00fcn buradan a\u00e7\u0131k y\u00fcreklilikle s\u00f6yl\u00fcyorum: Konya\u2019m\u0131z\u0131n ve Konyal\u0131 hem\u015fehrilerimizin gelece\u011fi i\u00e7in \u00e7al\u0131\u015f\u0131yoruz. Konya\u2019n\u0131n yar\u0131nlar\u0131 i\u00e7in daha yapacak \u00e7ok i\u015fimiz var. Daha y\u00fcr\u00fcyecek uzun bir yolumuz, daha kuraca\u011f\u0131m\u0131z b\u00fcy\u00fck hayallerimiz var\u201d diye konu\u015ftu. Konu\u015fmas\u0131nda 6 \u015eubat depremlerinde hayat\u0131n\u0131 kaybeden t\u00fcm vatanda\u015flara bir kez daha Allah\u2019tan rahmet dileyen Ba\u015fkan Altay, \u201cKonya olarak o zor g\u00fcnlerde, \u2018uzak\u2019 kelimesini adeta s\u00f6zl\u00fc\u011f\u00fcm\u00fczden \u00e7\u0131kard\u0131k. T\u00fcm imk\u00e2nlar\u0131m\u0131z\u0131 Hatay\u2019daki karde\u015flerimize sunduk. Hamdolsun Cumhurba\u015fkan\u0131m\u0131z Say\u0131n Recep Tayyip Erdo\u011fan\u2019\u0131n riyasetinde deprem b\u00f6lgeleri yeniden hayat buldu. Hem\u015fehrimiz \u00c7evre, \u015eehircilik ve \u0130klim De\u011fi\u015fikli\u011fi Bakan\u0131m\u0131z Say\u0131n Murat Kurum\u2019un deste\u011fiyle yaralar sar\u0131ld\u0131. Bug\u00fcn, kaybettiklerimizi rahmetle an\u0131yoruz. Geride kalan her karde\u015fimizin yan\u0131nda durmay\u0131 bir vefa borcu say\u0131yoruz\u201d ifadelerini kulland\u0131. AK Parti Konya \u0130l Ba\u015fkan\u0131 Fatih \u00d6zg\u00f6k\u00e7en, Konya belediyeleriyle gurur duyduklar\u0131n\u0131 belirterek, Ba\u015fkan Altay\u2019a te\u015fekk\u00fcr etti. AK Parti Konya Milletvekili Mustafa Hakan \u00d6zer, \u201cBu i\u015fleri anlat\u0131rken biz yoruluyoruz ama biz U\u011fur Ba\u015fkan\u0131n\u0131n da ekibinin de hi\u00e7 yoruldu\u011funu g\u00f6rmedik\u201d diyerek te\u015fekk\u00fcr etti.<\/strong><\/p>\n<hr\/>\n<p>Konya B\u00fcy\u00fck\u015fehir Belediye Ba\u015fkan\u0131 U\u011fur \u0130brahim Altay, B\u00fcy\u00fck\u015fehir Belediyesi\u2019nin 2025 y\u0131l\u0131nda hayata ge\u00e7irdi\u011fi yat\u0131r\u0131m ve projelerle ilgili bas\u0131n toplant\u0131s\u0131 ger\u00e7ekle\u015ftirdi.<\/p>\n<p>B\u00fcy\u00fck\u015fehir Belediyesi Ta\u015f Bina K\u00fclt\u00fcr Sanat\u2019ta d\u00fczenlenen toplant\u0131da konu\u015fan Ba\u015fkan Altay, 6 \u015eubat 2023\u2019te ger\u00e7ekle\u015fen ve 11 \u015fehirde b\u00fcy\u00fck y\u0131k\u0131ma neden olan asr\u0131n felaketinin seneyi devriyesinde hayat\u0131n\u0131 kaybeden t\u00fcm vatanda\u015flara bir kez daha Allah\u2019tan rahmet diledi.<\/p>\n<p><strong>\u201cCUMHURBA\u015eKANIMIZIN R\u0130YASET\u0130NDE DEPREM B\u00d6LGELER\u0130 YEN\u0130DEN HAYAT BULDU\u201d<\/strong><\/p>\n<p>\u201cO g\u00fcnlerde, millet\u00e7e i\u00e7imizden bir par\u00e7a koptu. Ac\u0131 ve h\u00fczn\u00fcn b\u00fct\u00fcn memlekete yay\u0131ld\u0131\u011f\u0131 a\u011f\u0131r bir imtihanla s\u0131nand\u0131k\u201d diyen Ba\u015fkan Altay, \u201cO zor g\u00fcnlerde ac\u0131y\u0131 da umudu da birlikte omuzlad\u0131k. Konya olarak o zor g\u00fcnlerde, \u2018uzak\u2019 kelimesini adeta s\u00f6zl\u00fc\u011f\u00fcm\u00fczden \u00e7\u0131kard\u0131k. Her can\u0131n can\u0131m\u0131z, her g\u00f6zya\u015f\u0131n\u0131n emanetimiz oldu\u011fu bilinciyle t\u00fcm imk\u00e2nlar\u0131m\u0131z\u0131 Hatay\u2019daki karde\u015flerimize sunduk. Hamdolsun Cumhurba\u015fkan\u0131m\u0131z Say\u0131n Recep Tayyip Erdo\u011fan\u2019\u0131n riyasetinde deprem b\u00f6lgeleri yeniden hayat buldu. Hem\u015fehrimiz \u00c7evre, \u015eehircilik ve \u0130klim De\u011fi\u015fikli\u011fi Bakan\u0131m\u0131z Say\u0131n Murat Kurum ve t\u00fcm bakanlar\u0131m\u0131z\u0131n deste\u011fiyle yaralar sar\u0131ld\u0131. Bug\u00fcn, kaybettiklerimizi rahmetle an\u0131yoruz. Geride kalan her karde\u015fimizin yan\u0131nda durmay\u0131 bir vefa borcu say\u0131yoruz\u201d ifadelerini kulland\u0131.<\/p>\n<p><strong>\u201cK\u0130M B\u0130ZE \u2018GEL\u2019 DESE, \u2018YALANDAN VE G\u00d6STERMEL\u0130K\u2019 DE\u011e\u0130L, \u00d6Z\u00dcM\u00dcZLE, SAM\u0130M\u0130YET\u0130M\u0130ZLE VE T\u00dcM \u0130MK\u00c2NLARIMIZLA KO\u015eAR GEL\u0130R\u0130Z\u201d<\/strong><\/p>\n<p>Hazreti Mevlana\u2019n\u0131n, \u201cMecnun de\u011filim dost; lakin \u00e7a\u011f\u0131r\u0131rsan \u00e7\u00f6llere gelirim. Sana yalan halde gelmem, toplar\u0131m \u00f6z\u00fcm\u00fc yal\u0131n halde gelirim. Kap\u0131y\u0131 \u00e7ald\u0131\u011f\u0131nda \u2018kim o?\u2019 dersen; ben olmam kap\u0131nda, sen olur gelirim. Sen gel de yeter ki, yola y\u00fck olmam, yol olur gelirim\u201d s\u00f6z\u00fcne at\u0131fta bulunan Ba\u015fkan Altay, \u201cHem Hatay\u2019da hem de nerede olursa olsun, kim bize \u2018gel\u2019 dese, \u2018yalandan ve g\u00f6stermelik\u2019 de\u011fil, \u00f6z\u00fcm\u00fczle, samimiyetimizle ve t\u00fcm imk\u00e2nlar\u0131m\u0131zla ko\u015far geliriz. Rabbim milletimize bir daha b\u00f6yle ac\u0131lar ya\u015fatmas\u0131n. Birlik ve karde\u015fli\u011fimizi daim eylesin\u201d diye konu\u015ftu.<\/p>\n<p><strong>\u201cB\u0130Z\u0130M DERD\u0130M\u0130Z; G\u00dcN\u00dc KURTARMAK DE\u011e\u0130L, YARINI KURMAKTIR\u201d<\/strong><\/p>\n<p>\u00a0\u201cKonya Modeli Belediyecilik\u201d anlay\u0131\u015f\u0131 ve \u201cT\u00fcrkiye Y\u00fczy\u0131l\u0131\u201d hedefiyle olu\u015fturduklar\u0131 \u015fehir vizyonunun muhasebesini yapmak i\u00e7in bir araya geldiklerini kaydeden Ba\u015fkan Altay, \u201cBizim derdimiz; g\u00fcn\u00fc kurtarmak de\u011fil, yar\u0131n\u0131 kurmakt\u0131r. \u015eehrimizi sadece b\u00fcy\u00fctmekle kalmay\u0131p, ayn\u0131 zamanda g\u00fczelle\u015ftiriyoruz. Yaln\u0131zca imar eden de\u011fil, ayn\u0131 zamanda ihya eden bir anlay\u0131\u015fa sahibiz. Yaln\u0131zca hizmet \u00fcreten de\u011fil, insan\u0131 merkeze alarak medeniyet tasavvurunu \u015fehre nak\u015feden bir y\u00fcr\u00fcy\u00fc\u015f\u00fcn ad\u0131mlar\u0131n\u0131 at\u0131yoruz. Konya, ge\u00e7mi\u015fiyle iftihar eden bir \u015fehir oldu\u011fu kadar; gelece\u011fe y\u00f6n veren, ufku geni\u015f, iddias\u0131 b\u00fcy\u00fck bir \u015fehir olmak mecburiyetindedir\u201d c\u00fcmlelerini kulland\u0131.<\/p>\n<p><strong>\u201cGE\u00c7T\u0130\u011e\u0130M\u0130Z YIL HEDEFLER\u0130M\u0130ZE SAM\u0130M\u0130YETLE Y\u00dcR\u00dcD\u00dcK\u201d<\/strong><\/p>\n<p>Bu do\u011frultuda, ge\u00e7ti\u011fimiz y\u0131l \u00e7ok b\u00fcy\u00fck yat\u0131r\u0131mlar\u0131 ve projeleri hayata ge\u00e7irerek hedeflerine samimiyetle y\u00fcr\u00fcd\u00fcklerini ifade eden Ba\u015fkan Altay, \u201cY\u0131l boyunca; ula\u015f\u0131m\u0131ndan altyap\u0131ya, tar\u0131mdan sosyal hayata, k\u00fclt\u00fcrden sosyal desteklere kadar pek \u00e7ok alanda \u015fehrimizi daha ileri ta\u015f\u0131yacak ad\u0131mlar att\u0131k. \u015eehir merkezindeki hizmet hassasiyetimizi, il\u00e7elerimizin her birine ayn\u0131 kararl\u0131l\u0131kla ula\u015ft\u0131rd\u0131k. Hem\u015fehrilerimizin bize duydu\u011fu g\u00fcveni omuzumuzda bir emanet gibi ta\u015f\u0131d\u0131k. Ortak akl\u0131 \u00f6nceleyen bir anlay\u0131\u015fla \u00e7al\u0131\u015ft\u0131k\u201d dedi.<\/p>\n<p><strong>2025 YILI BOYUNCA YAPILAN \u0130\u015eLER\u0130 ANLATTI<\/strong><\/p>\n<p>Ba\u015fkan Altay 2025 y\u0131l\u0131 boyunca; altyap\u0131 ve ula\u015f\u0131mdan tar\u0131msal desteklere, k\u00fclt\u00fcrden sanata, e\u011fitimden gen\u00e7lik ve spor projelerine, il\u00e7e yat\u0131r\u0131mlar\u0131ndan \u00e7evre projelerine, sosyal desteklerden uluslararas\u0131 \u00e7al\u0131\u015fmalara kadar pek \u00e7ok ba\u015fl\u0131kta hayata ge\u00e7irdikleri yat\u0131r\u0131mlar\u0131 ve \u00e7al\u0131\u015fmalar\u0131 detayl\u0131 \u015fekilde payla\u015ft\u0131.<\/p>\n<p><strong>28 \u0130L\u00c7EYE 2018\u2019DEN BU YANA 50.3 M\u0130LYAR TL YATIRIM\u00a0<\/strong><\/p>\n<p>\u201cKonya Modeli Belediyecilik\u201d anlay\u0131\u015flar\u0131n\u0131n gere\u011fi merkezde y\u00fcr\u00fctt\u00fckleri hizmet anlay\u0131\u015f\u0131n\u0131 il\u00e7elere de ta\u015f\u0131yarak yat\u0131r\u0131mlar\u0131 \u015fehrin tamam\u0131na yaymaya devam ettiklerine dikkati \u00e7eken Ba\u015fkan Altay, merkez d\u0131\u015f\u0131ndaki 28 il\u00e7eye 2025 y\u0131l\u0131nda yap\u0131lan yat\u0131r\u0131mlar\u0131 da yat\u0131r\u0131m tutarlar\u0131n\u0131 vererek tek tek anlatt\u0131. 2018 y\u0131l\u0131ndan bu yana 28 il\u00e7e i\u00e7in g\u00fcncel \u0130ller Bankas\u0131 kesintisinin 24.6 milyar lira oldu\u011funu belirten Ba\u015fkan Altay, buna ra\u011fmen Konya B\u00fcy\u00fck\u015fehir Belediyesi olarak 28 il\u00e7eye yapt\u0131klar\u0131 g\u00fcncel yat\u0131r\u0131m tutar\u0131n\u0131n 50.3 milyar liray\u0131 buldu\u011funu s\u00f6yledi.<\/p>\n<p><strong>\u201cANADOLU\u2019NUN \u0130LK CAM\u0130\u2019S\u0130N\u0130 RESTORE ETMEK KONYA\u2019YA NAS\u0130P OLDU\u201d<\/strong><\/p>\n<p>Toplant\u0131da 6 \u015eubat 2023\u2019teki asr\u0131n felaketini konu alan k\u0131sa filmin izlenmesinin ard\u0131ndan konu\u015fmas\u0131n\u0131 s\u00fcrd\u00fcren Ba\u015fkan Altay, \u201cDepremden etkilenen \u015fehirlerin ba\u015f\u0131nda Hatay vard\u0131. Depremde arama-kurtarma faaliyetlerinden sonra Habib-i Neccar Camisi\u2019ne gitti\u011fimizde maalesef y\u0131k\u0131nt\u0131lar bizi h\u00fczne bo\u011fdu. Ama elhamd\u00fclillah Anadolu\u2019nun ilk camisini restore etmek Konya\u2019ya, Konya B\u00fcy\u00fck\u015fehir Belediyesi\u2019ne ve Konyal\u0131lara nasip oldu. Hem Habibi Neccar Camii\u2019nin restorasyon s\u00fcrecinde en b\u00fcy\u00fck katk\u0131ya sa\u011flayan Cumhurba\u015fkan\u0131m\u0131z Say\u0131n Recep Tayyip Erdo\u011fan\u2019a, \u00c7evre ve \u015eehircilik Bakan\u0131m\u0131z, hem\u015fehrimiz Say\u0131n Murat Kurum\u2019a, K\u00fclt\u00fcr ve Turizm Bakan\u0131m\u0131z say\u0131n Mehmet Nuri Ersoy\u2019a \u015f\u00fckranlar\u0131m\u0131 sunuyorum. Bu vesileyle tekrar, g\u00f6sterdikleri destekten dolay\u0131 Konyal\u0131 hem\u015fehrilerime te\u015fekk\u00fcr ediyorum. \u0130n\u015fallah karde\u015fli\u011fimiz ilelebet devam eder\u201d diye konu\u015ftu.<\/p>\n<p><strong>\u201cHEDEF\u0130M\u0130Z; KONYA\u2019YI HER ALANDA DAHA YA\u015eANAB\u0130L\u0130R, DAHA G\u00dc\u00c7L\u00dc, DAHA \u00dcRETKEN, DAHA D\u0130REN\u00c7L\u0130 B\u0130R \u015eEH\u0130R HAL\u0130NE GET\u0130RMEKT\u0130R\u201d<\/strong><\/p>\n<p>Ba\u015fkan Altay, hayata ge\u00e7irdikleri her hizmetin temelinde insan, her projenin merkezinde aile, her gayretin ufkunda gen\u00e7lerin ve \u00e7ocuklar\u0131n oldu\u011funu vurgulayarak, \u201cBug\u00fcn buradan a\u00e7\u0131k y\u00fcreklilikle s\u00f6yl\u00fcyorum: Konya\u2019m\u0131z\u0131n ve Konyal\u0131 hem\u015fehrilerimizin gelece\u011fi i\u00e7in \u00e7al\u0131\u015f\u0131yoruz. Konya\u2019n\u0131n yar\u0131nlar\u0131 i\u00e7in daha yapacak \u00e7ok i\u015fimiz var. Daha y\u00fcr\u00fcyecek uzun bir yolumuz, daha kuraca\u011f\u0131m\u0131z b\u00fcy\u00fck hayallerimiz var. Bizim pusulam\u0131z; hem\u015fehrimizin duas\u0131d\u0131r. Bizim yol haritam\u0131z; bu \u015fehrin ihtiya\u00e7lar\u0131d\u0131r. Bizim hedefimiz; Konya\u2019y\u0131 her alanda daha ya\u015fanabilir, daha g\u00fc\u00e7l\u00fc, daha \u00fcretken, daha diren\u00e7li bir \u015fehir haline getirmektir. \u0130nan\u0131yorum ki; T\u00fcrkiye Y\u00fczy\u0131l\u0131\u2019nda Konya, hem g\u00fc\u00e7l\u00fc y\u00fcr\u00fcy\u00fc\u015f\u00fcne devam eden, hem de \u00f6rnek te\u015fkil eden bir \u015fehir olmay\u0131 s\u00fcrd\u00fcrecektir\u201d a\u00e7\u0131klamas\u0131nda bulundu.<\/p>\n<p><strong>\u201cBUG\u00dcN ANLATTI\u011eIMIZ HER PROJE; \u00c7OCUKLARIMIZIN GELECE\u011e\u0130NE ATILAN B\u0130R \u0130MZADIR\u201d<\/strong><\/p>\n<p>Altyap\u0131s\u0131yla sa\u011flam, \u00e7evresiyle nefes alan; \u00fcretimiyle bereketli, teknolojisiyle ak\u0131ll\u0131 bir \u015fehir i\u00e7in \u00e7al\u0131\u015fmaya devam edeceklerini belirten Ba\u015fkan Altay, \u201cK\u00fclt\u00fcr\u00fcyle k\u00f6kl\u00fc, adaletiyle emin; merhametiyle g\u00fc\u00e7l\u00fc bir Konya\u2019y\u0131 hep birlikte in\u015fa edece\u011fiz. Bug\u00fcn anlatt\u0131\u011f\u0131m\u0131z her proje; \u00e7ocuklar\u0131m\u0131z\u0131n gelece\u011fine at\u0131lan bir imzad\u0131r. Gen\u00e7lerimizin umuduna kurulan bir k\u00f6pr\u00fc, ailelerimizin huzuruna a\u00e7\u0131lan bir \u00e7at\u0131d\u0131r. Biz bu \u015fehre hizmet etmeyi bir g\u00f6rev de\u011fil, bir emanet biliyoruz. Rabbim birli\u011fimizi, dirli\u011fimizi daim eylesin. Konya\u2019m\u0131z\u0131n duas\u0131n\u0131 \u00fczerimizden eksik etmesin. Durmadan, yorulmadan, ayn\u0131 inan\u00e7la yar\u0131nlar\u0131m\u0131z i\u00e7in \u00e7al\u0131\u015fmaya devam edece\u011fiz\u201d dedi.<\/p>\n<p><strong>\u201cGECE G\u00dcND\u00dcZ DEMEDEN G\u00d6REV YAPAN T\u00dcM EK\u0130P ARKADA\u015eLARIMA G\u00d6N\u00dcLDEN TE\u015eEKK\u00dcR ED\u0130YORUM\u201d<\/strong><\/p>\n<p>Gece g\u00fcnd\u00fcz demeden g\u00f6rev yapan t\u00fcm B\u00fcy\u00fck\u015fehir Belediyesi personeline g\u00f6n\u00fclden te\u015fekk\u00fcr etti\u011fini belirten Ba\u015fkan Altay, \u201cBa\u015fta Cumhurba\u015fkan\u0131m\u0131z Say\u0131n Recep Tayyip Erdo\u011fan olmak \u00fczere; t\u00fcm bakanlar\u0131m\u0131za, milletvekillerimize, belediye ba\u015fkanlar\u0131m\u0131za, AK Parti, Milliyet\u00e7i Hareket Partisi, B\u00fcy\u00fck Birlik Partisi te\u015fkilatlar\u0131na ve en \u00f6nemlisi bizlerden dualar\u0131n\u0131 eksik etmeyen, omuz omuza verdi\u011fimiz her bir hem\u015fehrimize \u015f\u00fckranlar\u0131m\u0131 sunuyorum. Y\u0131l boyunca Konya\u2019ya katt\u0131\u011f\u0131m\u0131z her de\u011ferin, yar\u0131nlar\u0131m\u0131z\u0131 daha g\u00fczel ve hay\u0131rl\u0131 k\u0131lmas\u0131n\u0131 temenni ediyorum\u201d s\u00f6zleriyle konu\u015fmas\u0131n\u0131 tamamlad\u0131.<\/p>\n<p><strong>\u201cKONYA BELED\u0130YELER\u0130YLE GURUR DUYUYORUZ\u201d<\/strong><\/p>\n<p>Programda konu\u015fan AK Parti Konya \u0130l Ba\u015fkan\u0131 Fatih \u00d6zg\u00f6k\u00e7en, 6 \u015eubat depremlerinin \u00fc\u00e7\u00fcnc\u00fc senesinde vefat edenlere Allah\u2019tan rahmet dileyerek, \u201cHi\u00e7 unutamad\u0131\u011f\u0131m\u0131z derin bir yaram\u0131z mevcut ama temel bir irade ile \u00e7al\u0131\u015fan kabine mensuplar\u0131m\u0131zla 500 bininci konutun teslim edildi\u011fi bir y\u0131l d\u00f6n\u00fcm\u00fcn\u00fc ya\u015f\u0131yoruz. Ba\u015fta Cumhurba\u015fkan\u0131m\u0131z Say\u0131n Recep Tayyip Erdo\u011fan olmak \u00fczere 11 \u015fehrimizi imar ve ihya eden hem\u015fehrimiz Say\u0131n Murat Kurum\u2019a te\u015fekk\u00fcr ediyoruz. Deprem d\u00f6neminde yapt\u0131\u011f\u0131 \u00e7al\u0131\u015fmalar ve Habibi Neccar Camii\u2019nin restorasyonu i\u00e7in B\u00fcy\u00fck\u015fehir Belediye Ba\u015fkan\u0131m\u0131za da \u00e7ok te\u015fekk\u00fcr ediyorum\u201d ifadelerini kulland\u0131.<br \/>Konya belediyeleriyle gurur duyduklar\u0131n\u0131 kaydederek, \u201cB\u00fcy\u00fck\u015fehir Belediye Ba\u015fkan\u0131m\u0131z taraf\u0131ndan 2025 y\u0131l\u0131 yat\u0131r\u0131mlar\u0131n\u0131n sunumu yap\u0131ld\u0131. \u015eunu g\u00f6rd\u00fcm, \u015fehirlerin imar ve ihyas\u0131 noktas\u0131nda muazzam bir \u00e7al\u0131\u015fma yap\u0131l\u0131yor. Bunun yan\u0131 s\u0131ra sosyal belediyecilik noktas\u0131nda da ciddi \u00e7al\u0131\u015fmalar\u0131n harmanland\u0131\u011f\u0131n\u0131 g\u00f6r\u00fcyoruz. Bir de buna uluslararas\u0131 g\u00f6revler de eklenince ortaya muazzam bir tablo \u00e7\u0131k\u0131yor. Cenab-\u0131 Hak nazardan muhafaza eylesin. Emeklerinden dolay\u0131 B\u00fcy\u00fck\u015fehir Belediye Ba\u015fkan\u0131m\u0131za kalbi \u015f\u00fckranlar\u0131m\u0131 sunuyorum\u201d dedi.\u00a0<\/p>\n<p><strong>\u201cU\u011eUR BA\u015eKAN VE EK\u0130B\u0130N\u0130N H\u0130\u00c7 YORULDU\u011eUNU G\u00d6RMED\u0130K\u201d<\/strong><\/p>\n<p>AK Parti Konya Milletvekili Mustafa Hakan \u00d6zer de 6 \u015eubat depremlerinde vefat edenlere Allah\u2019tan rahmet dileyerek, \u201cGeride b\u0131rakt\u0131\u011f\u0131m\u0131z 3 sene g\u00f6sterdi ki milletimizin samimiyeti ile gayreti ile deprem b\u00f6lgesinde hayat\u0131n normalle\u015fti\u011fini g\u00f6r\u00fcyoruz. 455 bin konutumuzu Say\u0131n Cumhurba\u015fkan\u0131m\u0131z\u0131n liderli\u011finde, \u00c7evre \u015eehircilik Bakan\u0131m\u0131z\u0131n b\u00fcy\u00fck eme\u011fiyle tahsis ettik. \u0130lk g\u00fcnlerin o zorlu\u011funu hep birlikte ya\u015fad\u0131k. \u0130lk andan itibaren B\u00fcy\u00fck\u015fehir Belediye Ba\u015fkan\u0131m\u0131z Hatay\u2019da b\u00fcy\u00fck bir \u00fcs kurdu. Kendilerine ve t\u00fcm Konyal\u0131lara \u00e7ok te\u015fekk\u00fcr ediyoruz\u201d dedi.<\/p>\n<p>Anlat\u0131lan yat\u0131r\u0131mlar\u0131 takip etmekten adeta yorulduklar\u0131n\u0131 kaydeden \u00d6zer, \u201cBu i\u015fleri anlat\u0131rken biz yoruluyoruz ama biz U\u011fur Ba\u015fkan\u0131n\u0131n da ekibinin de hi\u00e7 yoruldu\u011funu g\u00f6rmedik. Burada \u00e7ok \u00f6nemli i\u015flere hepimiz \u015fahitlik ettik. Birbirinden de\u011ferli hizmetleri, eserleri takip etmekte zorland\u0131k. Asl\u0131nda bu yap\u0131lan i\u015flerin belki her birini saatlerce anlatmak laz\u0131m. \u00c7\u00fcnk\u00fc bunun \u00e7ok daha k\u00fc\u00e7\u00fcklerini saatlerce dinledi\u011fimiz zamanlar oluyor. \u00d6zellikle merkezdeki ula\u015f\u0131mda devam eden projeler bitti\u011finde in\u015fallah ula\u015f\u0131mda T\u00fcrkiye\u2019nin en \u00f6nemli \u015fehirlerinden biri olacak. Ben yerel y\u00f6netimler anlam\u0131nda Konya\u2019m\u0131z\u0131 hi\u00e7bir \u015fehirle mukayese etmiyorum. Ge\u00e7mi\u015ften ald\u0131\u011f\u0131m\u0131z g\u00fc\u00e7le Konya\u2019m\u0131z\u0131 T\u00fcrkiye Y\u00fczy\u0131l\u0131\u2019nda en \u00f6nemli, en g\u00fczel noktalara ta\u015f\u0131man\u0131n gayreti i\u00e7indeyiz\u201d ifadelerine yer verdi.<\/p>\n<p>Programa; Sel\u00e7uklu Belediye Ba\u015fkan\u0131 Ahmet Pekyat\u0131rmac\u0131, Karatay Belediye Ba\u015fkan\u0131 Hasan K\u0131lca, Meram Belediye Ba\u015fkan\u0131 Mustafa Kavu\u015f, Kuzey K\u0131br\u0131s T\u00fcrk Cumhuriyeti Tatl\u0131su Belediye Ba\u015fkan\u0131 Ahmet Hayri Or\u00e7an, muhtarlar ve bas\u0131n mensuplar\u0131 kat\u0131ld\u0131.<\/p>\n<p>\u00a0<\/p>\n<p>\u00a0<\/p>\n<p>Kaynak: (BYZHA) Beyaz Haber Ajans\u0131<\/p>\n","protected":false},"excerpt":{"rendered":"<p>Konya B\u00fcy\u00fck\u015fehir Belediye Ba\u015fkan\u0131 U\u011fur \u0130brahim Altay, B\u00fcy\u00fck\u015fehir Belediyesi\u2019nin 2025 y\u0131l\u0131nda hayata ge\u00e7irdi\u011fi yat\u0131r\u0131mlar\u0131 ve projeleri d\u00fczenledi\u011fi bas\u0131n toplant\u0131s\u0131nda anlatt\u0131.<\/p>\n","protected":false},"author":1,"featured_media":19612,"comment_status":"open","ping_status":"open","sticky":false,"template":"","format":"standard","meta":{"footnotes":""},"categories":[4],"tags":[3376,372,3037,426,1461],"class_list":["post-19611","post","type-post","status-publish","format-standard","has-post-thumbnail","hentry","category-gundem","tag-baskan-altay","tag-belediye","tag-gel","tag-konya","tag-sehir"],"_links":{"self":[{"href":"https:\/\/bihavadis.com\/index.php\/wp-json\/wp\/v2\/posts\/19611","targetHints":{"allow":["GET"]}}],"collection":[{"href":"https:\/\/bihavadis.com\/index.php\/wp-json\/wp\/v2\/posts"}],"about":[{"href":"https:\/\/bihavadis.com\/index.php\/wp-json\/wp\/v2\/types\/post"}],"author":[{"embeddable":true,"href":"https:\/\/bihavadis.com\/index.php\/wp-json\/wp\/v2\/users\/1"}],"replies":[{"embeddable":true,"href":"https:\/\/bihavadis.com\/index.php\/wp-json\/wp\/v2\/comments?post=19611"}],"version-history":[{"count":1,"href":"https:\/\/bihavadis.com\/index.php\/wp-json\/wp\/v2\/posts\/19611\/revisions"}],"predecessor-version":[{"id":19613,"href":"https:\/\/bihavadis.com\/index.php\/wp-json\/wp\/v2\/posts\/19611\/revisions\/19613"}],"wp:featuredmedia":[{"embeddable":true,"href":"https:\/\/bihavadis.com\/index.php\/wp-json\/wp\/v2\/media\/19612"}],"wp:attachment":[{"href":"https:\/\/bihavadis.com\/index.php\/wp-json\/wp\/v2\/media?parent=19611"}],"wp:term":[{"taxonomy":"category","embeddable":true,"href":"https:\/\/bihavadis.com\/index.php\/wp-json\/wp\/v2\/categories?post=19611"},{"taxonomy":"post_tag","embeddable":true,"href":"https:\/\/bihavadis.com\/index.php\/wp-json\/wp\/v2\/tags?post=19611"}],"curies":[{"name":"wp","href":"https:\/\/api.w.org\/{rel}","templated":true}]}}